{"id":67474,"date":"2026-03-12T12:24:51","date_gmt":"2026-03-12T15:24:51","guid":{"rendered":"https:\/\/www.mpal.mp.br\/?p=67474"},"modified":"2026-03-12T14:08:16","modified_gmt":"2026-03-12T17:08:16","slug":"no-interior-o-ministerio-publico-leva-debates-sobre-violencia-domestica-para-escolas-e-instituicoes","status":"publish","type":"post","link":"https:\/\/www.mpal.mp.br\/?p=67474","title":{"rendered":"No interior, o Minist\u00e9rio P\u00fablico leva debates sobre viol\u00eancia dom\u00e9stica para escolas e institui\u00e7\u00f5es"},"content":{"rendered":"<div class=\"fusion-fullwidth fullwidth-box fusion-builder-row-1 nonhundred-percent-fullwidth non-hundred-percent-height-scrolling\"  style='background-color: #ffffff;background-position: center center;background-repeat: no-repeat;padding-top:0px;padding-right:0px;padding-bottom:0px;padding-left:0px;'><div class=\"fusion-builder-row fusion-row \"><div  class=\"fusion-layout-column fusion_builder_column fusion_builder_column_1_1 fusion-builder-column-1 fusion-one-full fusion-column-first fusion-column-last 1_1\"  style='margin-top:0px;margin-bottom:0px;'>\n\t\t\t\t\t<div class=\"fusion-column-wrapper\" style=\"padding: 0px 0px 0px 0px;background-position:left top;background-repeat:no-repeat;-webkit-background-size:cover;-moz-background-size:cover;-o-background-size:cover;background-size:cover;\"   data-bg-url=\"\">\n\t\t\t\t\t\t<div class=\"fusion-text\"><p align=\"justify\"><span style=\"font-family: helvetica, arial, sans-serif;\">Um mutir\u00e3o em defesa da mulher, consequentemente da vida, por meio de orienta\u00e7\u00f5es que podem proteger e assegurar direitos. Durante uma semana, o Minist\u00e9rio P\u00fablico de Alagoas (MPAL) ser\u00e1 representado pela promotora de Justi\u00e7a Viviane Farias que ministrar\u00e1 palestras em escolas da regi\u00e3o do Agreste sobre viol\u00eancia dom\u00e9stica e familiar. O primeiro encontro ocorreu na ter\u00e7a-feira (10) e, na manh\u00e3 desta quinta-feira (12), o p\u00fablico-alvo \u00e9 na Pestalozzi para m\u00e3es de crian\u00e7as com defici\u00eancia. Os eventos est\u00e3o no cronograma da <span style=\"color: #040c28;\"><span style=\"font-size: medium;\">Semana Escolar de Combate \u00e0 Viol\u00eancia contra a Mulher, <\/span><\/span><span style=\"color: #040c28;\"><span style=\"font-size: medium;\">institu\u00edda pela<\/span><\/span> <span style=\"color: #1f1f1f;\"><span style=\"font-size: medium;\">Lei N\u00ba 14.164\/2021, <\/span><\/span><span style=\"color: #1f1f1f;\"><span style=\"font-size: medium;\">de <\/span><\/span><span style=\"color: #040c28;\"><span style=\"font-size: medium;\">Preven\u00e7\u00e3o da viol\u00eancia contra a mulher nos curr\u00edculos da educa\u00e7\u00e3o b\u00e1sica<\/span><\/span><span style=\"color: #040c28;\"><span style=\"font-size: large;\">.<\/span><\/span><\/span><\/p>\n<p align=\"justify\"><span style=\"font-family: helvetica, arial, sans-serif;\">A promotora Viviane Farias evidencia a import\u00e2ncia de se trabalhar o tema entre os jovens para que tomem conhecimento das leis, dos dados estat\u00edsticos, e se preparem para o enfrentamento a essa cultura de viol\u00eancia que ainda se faz presente no pa\u00eds inteiro.<\/span><\/p>\n<p align=\"justify\"><span style=\"font-family: helvetica, arial, sans-serif;\">\u201cDesde a ter\u00e7a-feira iniciamos um ciclo de palestras sobre viol\u00eancia contra a mulher em v\u00e1rias escolas e institui\u00e7\u00f5es, n\u00e3o somente Arapiraca. Al\u00e9m das escolas da nossa regi\u00e3o houve convite para debatermos o assunto, tamb\u00e9m, nos munic\u00edpios de batalha e Junqueiro. Infelizmente ainda convivemos com n\u00fameros estarrecedores e precisamos plantar sementes de conscientiza\u00e7\u00e3o que promovam a igualdade de g\u00eanero nas unidades de ensino\u201d, afirma a promotora.<\/span><\/p>\n<p align=\"justify\"><span style=\"font-family: helvetica, arial, sans-serif;\">At\u00e9 o momento, o Minist\u00e9rio P\u00fablico interagiu com profissionais e usu\u00e1rios do Centro de Medicina F\u00edsica e Reabilita\u00e7\u00e3o de Arapiraca, com palestra voltada aos pais de crian\u00e7as com Transtorno do Espectro Autista (TEA); com alunos da rede municipal de ensino, em Junqueiro; hoje a palestra acontece na Pestalozzi; nesta sexta-feira (13) o contato ser\u00e1 com todos os coordenadores da rede estadual de ensino de Arapiraca, encerrando com palestras no Ifal do munic\u00edpio de batalha.<\/span><\/p>\n<\/div><style type=\"text\/css\">.fusion-gallery-1 .fusion-gallery-image {border:0px solid #f6f6f6;-webkit-border-radius:5px;-moz-border-radius:5px;border-radius:5px;}<\/style><div class=\"fusion-gallery fusion-gallery-container fusion-grid-3 fusion-columns-total-0 fusion-gallery-layout-grid fusion-gallery-1\" style=\"margin:-5px;\"><div style=\"padding:5px;\" class=\"fusion-grid-column fusion-gallery-column fusion-gallery-column-3 hover-type-none\"><div class=\"fusion-gallery-image\"><a href=\"https:\/\/www.mpal.mp.br\/wp-content\/uploads\/2026\/03\/dra-viviane-mulher2.jpeg\" rel=\"noreferrer\" data-rel=\"iLightbox[gallery_image_1]\" class=\"fusion-lightbox\" target=\"_self\"><img loading=\"lazy\" decoding=\"async\" src=\"https:\/\/www.mpal.mp.br\/wp-content\/uploads\/2026\/03\/dra-viviane-mulher2.jpeg\" width=\"1280\" height=\"720\" alt=\"\" title=\"dra viviane mulher2\" aria-label=\"dra viviane mulher2\" class=\"img-responsive wp-image-67477\" \/><\/a><\/div><\/div><div style=\"padding:5px;\" class=\"fusion-grid-column fusion-gallery-column fusion-gallery-column-3 hover-type-none\"><div class=\"fusion-gallery-image\"><a href=\"https:\/\/www.mpal.mp.br\/wp-content\/uploads\/2026\/03\/dra-viviane-mulher3.jpeg\" rel=\"noreferrer\" data-rel=\"iLightbox[gallery_image_1]\" class=\"fusion-lightbox\" target=\"_self\"><img loading=\"lazy\" decoding=\"async\" src=\"https:\/\/www.mpal.mp.br\/wp-content\/uploads\/2026\/03\/dra-viviane-mulher3.jpeg\" width=\"1600\" height=\"900\" alt=\"\" title=\"dra viviane mulher3\" aria-label=\"dra viviane mulher3\" class=\"img-responsive wp-image-67476\" \/><\/a><\/div><\/div><div style=\"padding:5px;\" class=\"fusion-grid-column fusion-gallery-column fusion-gallery-column-3 hover-type-none\"><div class=\"fusion-gallery-image\"><a href=\"https:\/\/www.mpal.mp.br\/wp-content\/uploads\/2026\/03\/dra-viviane-mulher.jpeg\" rel=\"noreferrer\" data-rel=\"iLightbox[gallery_image_1]\" class=\"fusion-lightbox\" target=\"_self\"><img loading=\"lazy\" decoding=\"async\" src=\"https:\/\/www.mpal.mp.br\/wp-content\/uploads\/2026\/03\/dra-viviane-mulher.jpeg\" width=\"1600\" height=\"900\" alt=\"\" title=\"dra viviane mulher\" aria-label=\"dra viviane mulher\" class=\"img-responsive wp-image-67475\" \/><\/a><\/div><\/div><div class=\"clearfix\"><\/div><\/div><style type=\"text\/css\">.fusion-gallery-2 .fusion-gallery-image {border:0px solid #f6f6f6;-webkit-border-radius:5px;-moz-border-radius:5px;border-radius:5px;}<\/style><div class=\"fusion-gallery fusion-gallery-container fusion-grid-3 fusion-columns-total-0 fusion-gallery-layout-grid fusion-gallery-2\" style=\"margin:-5px;\"><div style=\"padding:5px;\" class=\"fusion-grid-column fusion-gallery-column fusion-gallery-column-3 hover-type-none\"><div class=\"fusion-gallery-image\"><a href=\"https:\/\/www.mpal.mp.br\/wp-content\/uploads\/2026\/03\/dra-viviane-mulher-6.jpeg\" rel=\"noreferrer\" data-rel=\"iLightbox[gallery_image_2]\" class=\"fusion-lightbox\" target=\"_self\"><img loading=\"lazy\" decoding=\"async\" src=\"https:\/\/www.mpal.mp.br\/wp-content\/uploads\/2026\/03\/dra-viviane-mulher-6.jpeg\" width=\"960\" height=\"540\" alt=\"\" title=\"dra viviane mulher 6\" aria-label=\"dra viviane mulher 6\" class=\"img-responsive wp-image-67492\" \/><\/a><\/div><\/div><div style=\"padding:5px;\" class=\"fusion-grid-column fusion-gallery-column fusion-gallery-column-3 hover-type-none\"><div class=\"fusion-gallery-image\"><a href=\"https:\/\/www.mpal.mp.br\/wp-content\/uploads\/2026\/03\/dra-viviane-mulher4.jpeg\" rel=\"noreferrer\" data-rel=\"iLightbox[gallery_image_2]\" class=\"fusion-lightbox\" target=\"_self\"><img loading=\"lazy\" decoding=\"async\" src=\"https:\/\/www.mpal.mp.br\/wp-content\/uploads\/2026\/03\/dra-viviane-mulher4.jpeg\" width=\"720\" height=\"405\" alt=\"\" title=\"dra viviane mulher4\" aria-label=\"dra viviane mulher4\" class=\"img-responsive wp-image-67493\" \/><\/a><\/div><\/div><div style=\"padding:5px;\" class=\"fusion-grid-column fusion-gallery-column fusion-gallery-column-3 hover-type-none\"><div class=\"fusion-gallery-image\"><a href=\"https:\/\/www.mpal.mp.br\/wp-content\/uploads\/2026\/03\/dra-viviane-mulher5.jpeg\" rel=\"noreferrer\" data-rel=\"iLightbox[gallery_image_2]\" class=\"fusion-lightbox\" target=\"_self\"><img loading=\"lazy\" decoding=\"async\" src=\"https:\/\/www.mpal.mp.br\/wp-content\/uploads\/2026\/03\/dra-viviane-mulher5.jpeg\" width=\"1280\" height=\"720\" alt=\"\" title=\"dra viviane mulher5\" aria-label=\"dra viviane mulher5\" class=\"img-responsive wp-image-67494\" \/><\/a><\/div><\/div><div class=\"clearfix\"><\/div><\/div><div class=\"fusion-clearfix\"><\/div>\n\n\t\t\t\t\t<\/div>\n\t\t\t\t<\/div><\/div><\/div>\n","protected":false},"excerpt":{"rendered":"","protected":false},"author":8,"featured_media":67475,"comment_status":"open","ping_status":"open","sticky":false,"template":"","format":"standard","meta":{"om_disable_all_campaigns":false,"_monsterinsights_skip_tracking":false,"_monsterinsights_sitenote_active":false,"_monsterinsights_sitenote_note":"","_monsterinsights_sitenote_category":0,"_uf_show_specific_survey":0,"_uf_disable_surveys":false,"footnotes":""},"categories":[2],"tags":[],"class_list":["post-67474","post","type-post","status-publish","format-standard","has-post-thumbnail","hentry","category-not_mpal"],"aioseo_notices":[],"_links":{"self":[{"href":"https:\/\/www.mpal.mp.br\/index.php?rest_route=\/wp\/v2\/posts\/67474","targetHints":{"allow":["GET"]}}],"collection":[{"href":"https:\/\/www.mpal.mp.br\/index.php?rest_route=\/wp\/v2\/posts"}],"about":[{"href":"https:\/\/www.mpal.mp.br\/index.php?rest_route=\/wp\/v2\/types\/post"}],"author":[{"embeddable":true,"href":"https:\/\/www.mpal.mp.br\/index.php?rest_route=\/wp\/v2\/users\/8"}],"replies":[{"embeddable":true,"href":"https:\/\/www.mpal.mp.br\/index.php?rest_route=%2Fwp%2Fv2%2Fcomments&post=67474"}],"version-history":[{"count":2,"href":"https:\/\/www.mpal.mp.br\/index.php?rest_route=\/wp\/v2\/posts\/67474\/revisions"}],"predecessor-version":[{"id":67495,"href":"https:\/\/www.mpal.mp.br\/index.php?rest_route=\/wp\/v2\/posts\/67474\/revisions\/67495"}],"wp:featuredmedia":[{"embeddable":true,"href":"https:\/\/www.mpal.mp.br\/index.php?rest_route=\/wp\/v2\/media\/67475"}],"wp:attachment":[{"href":"https:\/\/www.mpal.mp.br\/index.php?rest_route=%2Fwp%2Fv2%2Fmedia&parent=67474"}],"wp:term":[{"taxonomy":"category","embeddable":true,"href":"https:\/\/www.mpal.mp.br\/index.php?rest_route=%2Fwp%2Fv2%2Fcategories&post=67474"},{"taxonomy":"post_tag","embeddable":true,"href":"https:\/\/www.mpal.mp.br\/index.php?rest_route=%2Fwp%2Fv2%2Ftags&post=67474"}],"curies":[{"name":"wp","href":"https:\/\/api.w.org\/{rel}","templated":true}]}}