{"id":67388,"date":"2026-03-12T08:26:05","date_gmt":"2026-03-12T11:26:05","guid":{"rendered":"https:\/\/www.mpal.mp.br\/?p=67388"},"modified":"2026-03-12T08:26:05","modified_gmt":"2026-03-12T11:26:05","slug":"mpal-adita-denuncia-e-inclui-mae-e-padrasto-de-adolescente-em-acao-por-estupro-de-vulneravel-em-coruripe","status":"publish","type":"post","link":"https:\/\/www.mpal.mp.br\/?p=67388","title":{"rendered":"MPAL adita den\u00fancia e inclui m\u00e3e e padrasto de adolescente em a\u00e7\u00e3o por estupro de vulner\u00e1vel em Coruripe"},"content":{"rendered":"<p style=\"text-align: justify;\">O Minist\u00e9rio P\u00fablico do Estado de Alagoas (MPAL), por meio da 1\u00aa Promotoria de Justi\u00e7a de Coruripe, aditou, no in\u00edcio deste m\u00eas de mar\u00e7o, a den\u00fancia criminal j\u00e1 existente em processo que apura a pr\u00e1tica do crime de estupro de vulner\u00e1vel por um homem de 31 anos. Com o aditamento, a m\u00e3e da v\u00edtima e o padrasto da adolescente passaram a figurar tamb\u00e9m como r\u00e9us na a\u00e7\u00e3o penal, diante de ind\u00edcios de que tiveram conhecimento da situa\u00e7\u00e3o e contribu\u00edram para a manuten\u00e7\u00e3o da viol\u00eancia sexual contra a filha.<\/p>\n<p style=\"text-align: justify;\">A den\u00fancia inicial havia sido oferecida pelo Minist\u00e9rio P\u00fablico em maio de 2025, ap\u00f3s investiga\u00e7\u00e3o instaurada a partir de uma informa\u00e7\u00e3o identificada durante o registro civil de nascimento de uma crian\u00e7a. No procedimento, constatou-se que a m\u00e3e do rec\u00e9m-nascido havia completado 13 anos de idade \u00e0 \u00e9poca do nascimento, fato que motivou a comunica\u00e7\u00e3o \u00e0s autoridades policiais para a apura\u00e7\u00e3o do caso.<\/p>\n<p style=\"text-align: justify;\">As investiga\u00e7\u00f5es apontaram que a adolescente havia deixado a resid\u00eancia familiar quando possu\u00eda 12 anos, passando a residir com um homem que, \u00e0 \u00e9poca, tinha 30 anos. Da conviv\u00eancia entre ambos resultou a gravidez da v\u00edtima.<\/p>\n<p style=\"text-align: justify;\">Durante audi\u00eancia de instru\u00e7\u00e3o e julgamento realizada agora em mar\u00e7o, Leonardo Novaes Bastos comprovou, por meio da oitiva de testemunhas e declarantes, elementos que indicaram que a m\u00e3e e o padrasto da adolescente tinham conhecimento do relacionamento mantido entre o adulto e a menor de idade. Segundo o promotor de Justi\u00e7a, ambos teriam contribu\u00eddo para que a situa\u00e7\u00e3o se mantivesse, inclusive auxiliando no aluguel da resid\u00eancia onde a adolescente passou a viver com o investigado.<\/p>\n<p style=\"text-align: justify;\">Diante dessas informa\u00e7\u00f5es, o Minist\u00e9rio P\u00fablico promoveu o aditamento da den\u00fancia para incluir os dois novos r\u00e9us no processo, entendendo que houve participa\u00e7\u00e3o na manuten\u00e7\u00e3o de uma situa\u00e7\u00e3o que resultou em grave viola\u00e7\u00e3o dos direitos da menina.<\/p>\n<p style=\"text-align: justify;\">De acordo com Leonardo Novaes Bastos, a legisla\u00e7\u00e3o brasileira estabelece prote\u00e7\u00e3o objetiva a crian\u00e7as e adolescentes: \u201cA legisla\u00e7\u00e3o penal brasileira \u00e9 clara ao estabelecer que qualquer ato de natureza sexual praticado com pessoa menor de 14 anos configura crime de estupro de vulner\u00e1vel, independentemente de eventual consentimento da v\u00edtima ou da anu\u00eancia de familiares. Trata-se de uma prote\u00e7\u00e3o jur\u00eddica destinada a assegurar o desenvolvimento saud\u00e1vel e a dignidade de crian\u00e7as e adolescentes\u201d, destacou o titular da 1\u00aa Promotoria de Justi\u00e7a de Coruripe.<\/p>\n<p style=\"text-align: justify;\">O representante do Minist\u00e9rio P\u00fablico tamb\u00e9m refor\u00e7ou que a Constitui\u00e7\u00e3o Federal e o Estatuto da Crian\u00e7a e do Adolescente asseguram prote\u00e7\u00e3o integral e prioridade absoluta \u00e0 inf\u00e2ncia e \u00e0 juventude, raz\u00e3o pela qual situa\u00e7\u00f5es dessa natureza n\u00e3o podem ser naturalizadas socialmente.<\/p>\n<p style=\"text-align: justify;\">O processo tramita em segredo de justi\u00e7a por envolver v\u00edtima menor de idade. \u201cO Minist\u00e9rio P\u00fablico seguir\u00e1 acompanhando o caso e requerendo a condena\u00e7\u00e3o dos denunciados\u201d, garantiu o promotor de Justi\u00e7a.<\/p>\n","protected":false},"excerpt":{"rendered":"<p> [&hellip;]<\/p>\n","protected":false},"author":7,"featured_media":22057,"comment_status":"open","ping_status":"open","sticky":false,"template":"","format":"standard","meta":{"om_disable_all_campaigns":false,"_monsterinsights_skip_tracking":false,"_monsterinsights_sitenote_active":false,"_monsterinsights_sitenote_note":"","_monsterinsights_sitenote_category":0,"_uf_show_specific_survey":0,"_uf_disable_surveys":false,"footnotes":""},"categories":[2],"tags":[],"class_list":["post-67388","post","type-post","status-publish","format-standard","has-post-thumbnail","hentry","category-not_mpal"],"aioseo_notices":[],"_links":{"self":[{"href":"https:\/\/www.mpal.mp.br\/index.php?rest_route=\/wp\/v2\/posts\/67388","targetHints":{"allow":["GET"]}}],"collection":[{"href":"https:\/\/www.mpal.mp.br\/index.php?rest_route=\/wp\/v2\/posts"}],"about":[{"href":"https:\/\/www.mpal.mp.br\/index.php?rest_route=\/wp\/v2\/types\/post"}],"author":[{"embeddable":true,"href":"https:\/\/www.mpal.mp.br\/index.php?rest_route=\/wp\/v2\/users\/7"}],"replies":[{"embeddable":true,"href":"https:\/\/www.mpal.mp.br\/index.php?rest_route=%2Fwp%2Fv2%2Fcomments&post=67388"}],"version-history":[{"count":2,"href":"https:\/\/www.mpal.mp.br\/index.php?rest_route=\/wp\/v2\/posts\/67388\/revisions"}],"predecessor-version":[{"id":67414,"href":"https:\/\/www.mpal.mp.br\/index.php?rest_route=\/wp\/v2\/posts\/67388\/revisions\/67414"}],"wp:featuredmedia":[{"embeddable":true,"href":"https:\/\/www.mpal.mp.br\/index.php?rest_route=\/wp\/v2\/media\/22057"}],"wp:attachment":[{"href":"https:\/\/www.mpal.mp.br\/index.php?rest_route=%2Fwp%2Fv2%2Fmedia&parent=67388"}],"wp:term":[{"taxonomy":"category","embeddable":true,"href":"https:\/\/www.mpal.mp.br\/index.php?rest_route=%2Fwp%2Fv2%2Fcategories&post=67388"},{"taxonomy":"post_tag","embeddable":true,"href":"https:\/\/www.mpal.mp.br\/index.php?rest_route=%2Fwp%2Fv2%2Ftags&post=67388"}],"curies":[{"name":"wp","href":"https:\/\/api.w.org\/{rel}","templated":true}]}}