{"id":67368,"date":"2026-03-11T17:18:17","date_gmt":"2026-03-11T20:18:17","guid":{"rendered":"https:\/\/www.mpal.mp.br\/?p=67368"},"modified":"2026-03-11T18:15:46","modified_gmt":"2026-03-11T21:15:46","slug":"caso-marcos-andre-ministerio-publico-faz-sustentacao-e-justica-mantem-condenacao-de-janadaris","status":"publish","type":"post","link":"https:\/\/www.mpal.mp.br\/?p=67368","title":{"rendered":"Caso Marcos Andr\u00e9: Minist\u00e9rio P\u00fablico faz sustenta\u00e7\u00e3o e Justi\u00e7a mant\u00e9m condena\u00e7\u00e3o de Janadaris"},"content":{"rendered":"<p align=\"justify\"><span style=\"font-family: helvetica, arial, sans-serif;\">A incontest\u00e1vel atua\u00e7\u00e3o do Minist\u00e9rio P\u00fablico de Alagoas (MPAL) que culminou na condena\u00e7\u00e3o de Janadaris Sfredo, acusada de ser a mandante da morte do advogado Marcos Andr\u00e9 de Deus F\u00e9lix, tendo como senten\u00e7a 28 anos de pris\u00e3o, foi repudiada por seus defensores que entraram com recurso de apela\u00e7\u00e3o vislumbrando a redu\u00e7\u00e3o da pena. Nesta quarta-feira (11), o procurador de Justi\u00e7a Luiz Vasconcelos fez sustenta\u00e7\u00e3o no Pleno do Tribunal de Justi\u00e7a de Alagoas (TJAL), para que fosse mantido o resultado do dia do julgamento, ocorrido h\u00e1 oito meses, o que foi acatado pela Corte. Na ocasi\u00e3o, o MPAL teve como assistente de acusa\u00e7\u00e3o Roberto Moura.<\/span><\/p>\n<p align=\"justify\"><span style=\"font-family: helvetica, arial, sans-serif;\">Para o membro ministerial, n\u00e3o havia fundamenta\u00e7\u00e3o que pudesse modificar a condena\u00e7\u00e3o visto que as provas anexadas aos autos foram mais do que suficientes para valorar o crime cometido por Janadaris. A sustenta\u00e7\u00e3o verbal, afirma, e o indeferimento na apela\u00e7\u00e3o dos advogados serviram para confirmar a justi\u00e7a feita em 15 de agosto de 2025.<\/span><\/p>\n<p align=\"justify\"><span style=\"font-family: helvetica, arial, sans-serif;\">\u201cO caso da Janadaris foi um entre os tantos que fizemos a sustenta\u00e7\u00e3o hoje, j\u00e1 tinha o parecer nos autos, bem esclarecedor, que n\u00e3o deixava d\u00favida sobre a autoria intelectual, foram refor\u00e7ados v\u00e1rios pontos, entre eles o menosprezo pela v\u00edtima mostrando, inclusive, saques feitos por ela no mesmo dia para pagar os executores. E, por unanimidade, o recurso de apela\u00e7\u00e3o da defesa foi indeferido\u201d, explica o procurador de Justi\u00e7a Luiz Vasconcelos.<\/span><\/p>\n<p align=\"justify\"><span style=\"font-family: helvetica, arial, sans-serif;\">J\u00e1 o assistente de acusa\u00e7\u00e3o, Roberto Moura, enalteceu a decis\u00e3o t\u00e9cnica da C\u00e2mara Criminal do TJAL, e disse acreditar que, nesta quarta-feira, definitivamente foi feita a justi\u00e7a.\u00a0\u00a0<\/span><\/p>\n<p align=\"justify\"><span style=\"font-family: helvetica, arial, sans-serif;\">&#8220;Hoje \u00e9 um dia de justi\u00e7a. A C\u00e2mara Criminal do Tribunal de Justi\u00e7a de Alagoas, de forma un\u00e2nime, manteve a condena\u00e7\u00e3o de Janadaris Sfredo a 28 anos de reclus\u00e3o pela morte de Marcos Andr\u00e9 de Deus F\u00e9lix. Foi uma decis\u00e3o t\u00e9cnica, fundamentada e corajosa, que reafirma que nenhum crime fica impune quando o sistema de justi\u00e7a funciona como deve. Marcos Andr\u00e9 era advogado. Foi assassinado por exercer o seu of\u00edcio \u2014 por ter representado bem um cliente e vencido uma causa. Isso \u00e9 inaceit\u00e1vel em qualquer sociedade que se pretenda democr\u00e1tica. A manuten\u00e7\u00e3o da pena \u00e9 uma mensagem clara: a advocacia n\u00e3o pode ser alvo de quem n\u00e3o aceita perder dentro das regras do direito. Expressamos nossa satisfa\u00e7\u00e3o em nome de Manoela Alessandra de Deus F\u00e9lix, irm\u00e3 da v\u00edtima, e de toda a fam\u00edlia Felix. Foram quase doze anos de luta. Hoje, a mem\u00f3ria de Marcos Andr\u00e9 \u00e9 honrada. Sua morte n\u00e3o foi em v\u00e3o, e seu nome n\u00e3o ser\u00e1 esquecido. Janadaris Sfredo permanece presa no Pres\u00eddio Feminino Santa Luzia, em Macei\u00f3, onde cumprir\u00e1 sua pena. A Justi\u00e7a chegou \u2014 e chegou de forma definitiva, acreditamos&#8221;, ressalta.<\/span><\/p>\n<p align=\"justify\"><span style=\"font-family: helvetica, arial, sans-serif;\"><b>O caso<\/b><\/span><\/p>\n<p align=\"justify\"><span style=\"font-family: helvetica, arial, sans-serif;\"><span style=\"color: #1f2123;\"><span style=\"font-size: medium;\">A v\u00edtima, <\/span><\/span><span style=\"color: #1f2123;\"><span style=\"font-size: medium;\">Marcos Andr\u00e9, era advogado do dono da pousada, a<\/span><\/span><span style=\"color: #1f2123;\"><span style=\"font-size: medium;\">rrendada a <\/span><\/span><span style=\"color: #1f2123;\"><span style=\"font-size: medium;\">Janadaris <\/span><\/span><span style=\"color: #1f2123;\"><span style=\"font-size: medium;\">(\u00e0 \u00e9poca tamb\u00e9m advogada) <\/span><\/span><span style=\"color: #1f2123;\"><span style=\"font-size: medium;\">e <\/span><\/span><span style=\"color: #1f2123;\"><span style=\"font-size: medium;\">a<\/span><\/span><span style=\"color: #1f2123;\"><span style=\"font-size: medium;\">o <\/span><\/span><span style=\"color: #1f2123;\"><span style=\"font-size: medium;\">seu <\/span><\/span><span style=\"color: #1f2123;\"><span style=\"font-size: medium;\">esposo, S\u00e9rgio Sfredo. <\/span><\/span><span style=\"color: #1f2123;\"><span style=\"font-size: medium;\">As insatisfa\u00e7\u00f5es do casal teriam iniciado porque <\/span><\/span><span style=\"color: #1f2123;\"><span style=\"font-size: medium;\">o propriet\u00e1rio d<\/span><\/span><span style=\"color: #1f2123;\"><span style=\"font-size: medium;\">o estabelecimento teria entrado com u<\/span><\/span><span style=\"color: #1f2123;\"><span style=\"font-size: medium;\">ma a\u00e7\u00e3o de despejo <\/span><\/span><span style=\"color: #1f2123;\"><span style=\"font-size: medium;\">em desfavor do casal <\/span><\/span><span style=\"color: #1f2123;\"><span style=\"font-size: medium;\">por a<\/span><\/span><span style=\"color: #1f2123;\"><span style=\"font-size: medium;\">trasos nos<\/span><\/span><span style=\"color: #1f2123;\"><span style=\"font-size: medium;\"> pagamento<\/span><\/span><span style=\"color: #1f2123;\"><span style=\"font-size: medium;\">s<\/span><\/span><span style=\"color: #1f2123;\"><span style=\"font-size: medium;\"> d<\/span><\/span><span style=\"color: #1f2123;\"><span style=\"font-size: medium;\">o<\/span><\/span><span style=\"color: #1f2123;\"><span style=\"font-size: medium;\"> aluguel.<\/span><\/span><b> <\/b><\/span><\/p>\n<p align=\"justify\"><span style=\"font-family: helvetica, arial, sans-serif;\">O advogado foi emboscado por dois homens contratados por Janadaris e, nas proximidades do hotel, logo ap\u00f3s sair da praia, no Franc\u00eas, de onde j\u00e1 vinha sendo seguido, atingido por tr\u00eas tiros \u00e0 queima-roupa. A v\u00edtima ainda sobreviveu alguns dias e, durante o per\u00edodo de interna\u00e7\u00e3o, confidenciou \u2013 por meio de escrita- a um amigo advogado a inten\u00e7\u00e3o de Janadaris de mat\u00e1-lo, afirmando ter sido ela a respons\u00e1vel por tudo.<\/span><\/p>\n<p align=\"justify\"><span style=\"font-family: helvetica, arial, sans-serif;\"><span style=\"font-size: medium;\">Marcos Andr\u00e9 foi baleado no dia 14 de mar\u00e7o de 2014 e morreu no dia 27 do mesmo m\u00eas <\/span><span style=\"color: #333333;\"><span style=\"font-size: medium;\">no Hospital Universit\u00e1rio Professor Alberto Antunes (HUPAA).<\/span><\/span> <span style=\"color: #333333;\"><span style=\"font-size: medium;\">O advogado deu entrada na UTI com les\u00f5es graves no t\u00f3rax e <\/span><\/span><span style=\"color: #333333;\"><span style=\"font-size: medium;\">no <\/span><\/span><span style=\"color: #333333;\"><span style=\"font-size: medium;\">abd<\/span><\/span><span style=\"color: #333333;\"><span style=\"font-size: medium;\">ome<\/span><\/span><span style=\"color: #333333;\"><span style=\"font-size: medium;\">.<\/span><\/span><\/span><\/p>\n<p align=\"justify\">Foto : Arquivo pessoal<\/p>\n","protected":false},"excerpt":{"rendered":"<p> [&hellip;]<\/p>\n","protected":false},"author":8,"featured_media":67371,"comment_status":"open","ping_status":"open","sticky":false,"template":"","format":"standard","meta":{"om_disable_all_campaigns":false,"_monsterinsights_skip_tracking":false,"_monsterinsights_sitenote_active":false,"_monsterinsights_sitenote_note":"","_monsterinsights_sitenote_category":0,"_uf_show_specific_survey":0,"_uf_disable_surveys":false,"footnotes":""},"categories":[2],"tags":[],"class_list":["post-67368","post","type-post","status-publish","format-standard","has-post-thumbnail","hentry","category-not_mpal"],"aioseo_notices":[],"_links":{"self":[{"href":"https:\/\/www.mpal.mp.br\/index.php?rest_route=\/wp\/v2\/posts\/67368","targetHints":{"allow":["GET"]}}],"collection":[{"href":"https:\/\/www.mpal.mp.br\/index.php?rest_route=\/wp\/v2\/posts"}],"about":[{"href":"https:\/\/www.mpal.mp.br\/index.php?rest_route=\/wp\/v2\/types\/post"}],"author":[{"embeddable":true,"href":"https:\/\/www.mpal.mp.br\/index.php?rest_route=\/wp\/v2\/users\/8"}],"replies":[{"embeddable":true,"href":"https:\/\/www.mpal.mp.br\/index.php?rest_route=%2Fwp%2Fv2%2Fcomments&post=67368"}],"version-history":[{"count":4,"href":"https:\/\/www.mpal.mp.br\/index.php?rest_route=\/wp\/v2\/posts\/67368\/revisions"}],"predecessor-version":[{"id":67376,"href":"https:\/\/www.mpal.mp.br\/index.php?rest_route=\/wp\/v2\/posts\/67368\/revisions\/67376"}],"wp:featuredmedia":[{"embeddable":true,"href":"https:\/\/www.mpal.mp.br\/index.php?rest_route=\/wp\/v2\/media\/67371"}],"wp:attachment":[{"href":"https:\/\/www.mpal.mp.br\/index.php?rest_route=%2Fwp%2Fv2%2Fmedia&parent=67368"}],"wp:term":[{"taxonomy":"category","embeddable":true,"href":"https:\/\/www.mpal.mp.br\/index.php?rest_route=%2Fwp%2Fv2%2Fcategories&post=67368"},{"taxonomy":"post_tag","embeddable":true,"href":"https:\/\/www.mpal.mp.br\/index.php?rest_route=%2Fwp%2Fv2%2Ftags&post=67368"}],"curies":[{"name":"wp","href":"https:\/\/api.w.org\/{rel}","templated":true}]}}