{"id":67359,"date":"2026-03-11T14:36:24","date_gmt":"2026-03-11T17:36:24","guid":{"rendered":"https:\/\/www.mpal.mp.br\/?p=67359"},"modified":"2026-03-11T14:37:29","modified_gmt":"2026-03-11T17:37:29","slug":"pgj-lean-araujo-assina-acordo-e-mpal-passa-a-integrar-iniciativa-nacional-de-desenvolvimento-de-solucoes-em-inteligencia-artificial-para-o-ministerio-publico","status":"publish","type":"post","link":"https:\/\/www.mpal.mp.br\/?p=67359","title":{"rendered":"PGJ Lean Ara\u00fajo assina acordo e MPAL passa a integrar iniciativa nacional de desenvolvimento de solu\u00e7\u00f5es em intelig\u00eancia artificial para o Minist\u00e9rio P\u00fablico"},"content":{"rendered":"<p style=\"text-align: justify;\" align=\"justify\"><span style=\"font-family: helvetica, arial, sans-serif; font-size: 12pt;\">O Minist\u00e9rio P\u00fablico do Estado de Alagoas (MPAL) passou a integrar uma importante iniciativa nacional voltada ao desenvolvimento colaborativo de solu\u00e7\u00f5es tecnol\u00f3gicas baseadas em intelig\u00eancia artificial para o sistema de Justi\u00e7a brasileiro. A ades\u00e3o foi formalizada por meio da assinatura do 1\u00ba Termo Aditivo ao Acordo de Coopera\u00e7\u00e3o T\u00e9cnica n\u00ba 024\/2025 \u2013 Brasil.IA, cujo documento foi assinado pelo procurador-geral de Justi\u00e7a de Alagoas, Lean Ara\u00fajo, juntamente com chefes de outros Minist\u00e9rios P\u00fablicos do pa\u00eds.<\/span><\/p>\n<p style=\"text-align: justify;\" align=\"justify\"><span style=\"font-family: helvetica, arial, sans-serif; font-size: 12pt;\">O acordo tem como objetivo ampliar a coopera\u00e7\u00e3o institucional entre os ramos do Minist\u00e9rio P\u00fablico brasileiro para o desenvolvimento conjunto da chamada Su\u00edte Brasil.IA, um conjunto de ferramentas tecnol\u00f3gicas que busca modernizar a atua\u00e7\u00e3o ministerial por meio da inova\u00e7\u00e3o e da utiliza\u00e7\u00e3o estrat\u00e9gica de intelig\u00eancia artificial.<\/span><\/p>\n<p style=\"text-align: justify;\" align=\"justify\"><span style=\"font-family: helvetica, arial, sans-serif; font-size: 12pt;\">Com a assinatura do termo aditivo, o MPAL passa a integrar formalmente o grupo de institui\u00e7\u00f5es que colaboram no desenvolvimento e no aprimoramento dessas solu\u00e7\u00f5es, atuando de forma conjunta com outros Minist\u00e9rios P\u00fablicos estaduais, o Minist\u00e9rio P\u00fablico do Distrito Federal e Territ\u00f3rios e o Minist\u00e9rio P\u00fablico Militar. A iniciativa fortalece o interc\u00e2mbio de conhecimento, tecnologia e boas pr\u00e1ticas institucionais entre as unidades do Minist\u00e9rio P\u00fablico em todo o pa\u00eds.<\/span><\/p>\n<p style=\"text-align: justify;\" align=\"justify\"><span style=\"font-family: helvetica, arial, sans-serif; font-size: 12pt;\">Para Lean Ara\u00fajo, a participa\u00e7\u00e3o do MPAL no projeto representa um avan\u00e7o importante na moderniza\u00e7\u00e3o institucional e na busca por maior efici\u00eancia na presta\u00e7\u00e3o de servi\u00e7os \u00e0 sociedade. \u201cA coopera\u00e7\u00e3o tecnol\u00f3gica entre os Minist\u00e9rios P\u00fablicos permite compartilhar solu\u00e7\u00f5es inovadoras e reduzir custos, ao mesmo tempo em que amplia a capacidade de an\u00e1lise de dados e de apoio \u00e0s atividades final\u00edsticas da institui\u00e7\u00e3o\u201d, declarou o procurador-geral de Justi\u00e7a.<\/span><\/p>\n<p style=\"text-align: justify;\" align=\"justify\"><span style=\"font-family: helvetica, arial, sans-serif; font-size: 12pt;\">O termo aditivo tamb\u00e9m cria um mecanismo simplificado para que outras unidades do Minist\u00e9rio P\u00fablico brasileiro possam aderir futuramente \u00e0 iniciativa, mediante manifesta\u00e7\u00e3o formal de interesse e aprova\u00e7\u00e3o do Comit\u00ea Gestor Integrado respons\u00e1vel pela governan\u00e7a do projeto.<\/span><\/p>\n<p style=\"text-align: justify;\" align=\"justify\"><span style=\"font-family: helvetica, arial, sans-serif; font-size: 12pt;\">Al\u00e9m de integrar o desenvolvimento das ferramentas tecnol\u00f3gicas, cada institui\u00e7\u00e3o participante dever\u00e1 indicar representantes para atuar no comit\u00ea gestor e no laborat\u00f3rio respons\u00e1vel pelas solu\u00e7\u00f5es, garantindo participa\u00e7\u00e3o ativa na constru\u00e7\u00e3o e evolu\u00e7\u00e3o das plataformas digitais que comp\u00f5em a Su\u00edte Brasil.IA. O 1\u00ba Termo Aditivo ao Acordo de Coopera\u00e7\u00e3o T\u00e9cnica n\u00ba 024\/2025 \u2013 Brasil.IA foi assinado f\u00edsica e remotamente durante a 2\u00aa Reuni\u00e3o Ordin\u00e1ria do Conselho Nacional de Procuradores-Gerais do Minist\u00e9rio P\u00fablico dos Estados e da Uni\u00e3o (CNPG), ocorrida na manh\u00e3 desta quarta-feira (11). <\/span><\/p>\n<p style=\"text-align: justify;\" align=\"justify\"><span style=\"font-family: helvetica, arial, sans-serif; font-size: 12pt;\">Foto: Anderson Macena\u00a0<\/span><\/p>\n<p align=\"justify\">\n","protected":false},"excerpt":{"rendered":"<p> [&hellip;]<\/p>\n","protected":false},"author":17,"featured_media":67350,"comment_status":"open","ping_status":"open","sticky":false,"template":"","format":"standard","meta":{"om_disable_all_campaigns":false,"_monsterinsights_skip_tracking":false,"_monsterinsights_sitenote_active":false,"_monsterinsights_sitenote_note":"","_monsterinsights_sitenote_category":0,"_uf_show_specific_survey":0,"_uf_disable_surveys":false,"footnotes":""},"categories":[2],"tags":[],"class_list":["post-67359","post","type-post","status-publish","format-standard","has-post-thumbnail","hentry","category-not_mpal"],"aioseo_notices":[],"_links":{"self":[{"href":"https:\/\/www.mpal.mp.br\/index.php?rest_route=\/wp\/v2\/posts\/67359","targetHints":{"allow":["GET"]}}],"collection":[{"href":"https:\/\/www.mpal.mp.br\/index.php?rest_route=\/wp\/v2\/posts"}],"about":[{"href":"https:\/\/www.mpal.mp.br\/index.php?rest_route=\/wp\/v2\/types\/post"}],"author":[{"embeddable":true,"href":"https:\/\/www.mpal.mp.br\/index.php?rest_route=\/wp\/v2\/users\/17"}],"replies":[{"embeddable":true,"href":"https:\/\/www.mpal.mp.br\/index.php?rest_route=%2Fwp%2Fv2%2Fcomments&post=67359"}],"version-history":[{"count":2,"href":"https:\/\/www.mpal.mp.br\/index.php?rest_route=\/wp\/v2\/posts\/67359\/revisions"}],"predecessor-version":[{"id":67361,"href":"https:\/\/www.mpal.mp.br\/index.php?rest_route=\/wp\/v2\/posts\/67359\/revisions\/67361"}],"wp:featuredmedia":[{"embeddable":true,"href":"https:\/\/www.mpal.mp.br\/index.php?rest_route=\/wp\/v2\/media\/67350"}],"wp:attachment":[{"href":"https:\/\/www.mpal.mp.br\/index.php?rest_route=%2Fwp%2Fv2%2Fmedia&parent=67359"}],"wp:term":[{"taxonomy":"category","embeddable":true,"href":"https:\/\/www.mpal.mp.br\/index.php?rest_route=%2Fwp%2Fv2%2Fcategories&post=67359"},{"taxonomy":"post_tag","embeddable":true,"href":"https:\/\/www.mpal.mp.br\/index.php?rest_route=%2Fwp%2Fv2%2Ftags&post=67359"}],"curies":[{"name":"wp","href":"https:\/\/api.w.org\/{rel}","templated":true}]}}