{"id":67357,"date":"2026-03-11T15:55:25","date_gmt":"2026-03-11T18:55:25","guid":{"rendered":"https:\/\/www.mpal.mp.br\/?p=67357"},"modified":"2026-03-11T15:55:25","modified_gmt":"2026-03-11T18:55:25","slug":"pgj-de-alagoas-destaca-autonomia-da-policia-cientifica-durante-reuniao-do-cnpg-em-brasilia","status":"publish","type":"post","link":"https:\/\/www.mpal.mp.br\/?p=67357","title":{"rendered":"PGJ de Alagoas destaca autonomia da Pol\u00edcia Cient\u00edfica durante reuni\u00e3o do CNPG em Bras\u00edlia"},"content":{"rendered":"<div class=\"fusion-fullwidth fullwidth-box fusion-builder-row-1 nonhundred-percent-fullwidth non-hundred-percent-height-scrolling\"  style='background-color: #ffffff;background-position: center center;background-repeat: no-repeat;padding-top:0px;padding-right:0px;padding-bottom:0px;padding-left:0px;'><div class=\"fusion-builder-row fusion-row \"><div  class=\"fusion-layout-column fusion_builder_column fusion_builder_column_1_1 fusion-builder-column-1 fusion-one-full fusion-column-first fusion-column-last 1_1\"  style='margin-top:0px;margin-bottom:0px;'>\n\t\t\t\t\t<div class=\"fusion-column-wrapper\" style=\"padding: 0px 0px 0px 0px;background-position:left top;background-repeat:no-repeat;-webkit-background-size:cover;-moz-background-size:cover;-o-background-size:cover;background-size:cover;\"   data-bg-url=\"\">\n\t\t\t\t\t\t<div class=\"fusion-text\"><p style=\"text-align: justify;\" align=\"justify\"><span style=\"font-family: helvetica, arial, sans-serif; font-size: 12pt;\">O procurador-geral de Justi\u00e7a de Alagoas (PGJ), Lean Ara\u00fajo, destacou, nesta quarta-feira (11), durante reuni\u00e3o do Conselho Nacional de Procuradores-Gerais <span style=\"color: #000000;\">do Minist\u00e9rio P\u00fablico dos Estados e da Uni\u00e3o (CNPG<\/span> (CNPG), a import\u00e2ncia da autonomia institucional da Pol\u00edcia Cient\u00edfica de Alagoas para fortalecer investiga\u00e7\u00f5es que envolvem mortes, viol\u00eancia sexual, tortura e desaparecimentos for\u00e7ados. Participando de forma virtual do encontro realizado em Bras\u00edlia, o chefe do Minist\u00e9rio P\u00fablico do Estado de Alagoas (MPAL) ressaltou que o estado avan\u00e7ou ao tornar a Pol\u00edcia Cient\u00edfica um \u00f3rg\u00e3o independente, desvinculado da Secretaria de Estado da Seguran\u00e7a P\u00fablica (SSP), o que amplia a imparcialidade das per\u00edcias e permite que o \u00f3rg\u00e3o tamb\u00e9m contribua com demandas oriundas de outras institui\u00e7\u00f5es de fora do estado.<\/span><\/p>\n<p style=\"text-align: justify;\" align=\"justify\"><span style=\"font-family: helvetica, arial, sans-serif; font-size: 12pt;\">A manifesta\u00e7\u00e3o ocorreu durante a discuss\u00e3o sobre a Resolu\u00e7\u00e3o n\u00ba 310 do Conselho Nacional do Minist\u00e9rio P\u00fablico (CNM), norma que regula a atua\u00e7\u00e3o do Minist\u00e9rio P\u00fablico em investiga\u00e7\u00f5es envolvendo mortes decorrentes de interven\u00e7\u00e3o estatal, viol\u00eancia sexual, tortura e desaparecimento for\u00e7ado, especialmente em contextos relacionados \u00e0 atua\u00e7\u00e3o de \u00f3rg\u00e3os de seguran\u00e7a p\u00fablica. Segundo Lean Ara\u00fajo, a experi\u00eancia de Alagoas demonstra como a independ\u00eancia estrutural da pol\u00edcia cient\u00edfica pode contribuir para maior credibilidade e efici\u00eancia das investiga\u00e7\u00f5es: \u201cA separa\u00e7\u00e3o institucional favorece a produ\u00e7\u00e3o de provas t\u00e9cnicas com maior autonomia, reduzindo riscos de interfer\u00eancia e fortalecendo o trabalho do Minist\u00e9rio P\u00fablico na apura\u00e7\u00e3o de viola\u00e7\u00f5es graves de direitos\u201d, disse ele, durante o encontro, ap\u00f3s relatos de outros PGJs sobre as institui\u00e7\u00f5es que chefiam n\u00e3o possu\u00edrem peritos pr\u00f3prios e nem as per\u00edcias de seus estados serem constitu\u00eddas nos mesmos moldes da Per\u00edcia Oficial de Alagoas.\u00a0<\/span><\/p>\n<p style=\"text-align: justify;\" align=\"justify\"><span style=\"font-family: helvetica, arial, sans-serif; font-size: 12pt;\"><strong>Outras pautas<\/strong><\/span><\/p>\n<p style=\"text-align: justify;\" align=\"justify\"><span style=\"font-family: helvetica, arial, sans-serif; font-size: 12pt;\">A 2\u00aa Reuni\u00e3o Ordin\u00e1ria do Conselho Nacional de Procuradores-Gerais ocorreu no escrit\u00f3rio de representa\u00e7\u00e3o do colegiado, em Bras\u00edlia, e juntou procuradores-gerais de Justi\u00e7a de todo o pa\u00eds para discutir temas estrat\u00e9gicos relacionados \u00e0 atua\u00e7\u00e3o do Minist\u00e9rio P\u00fablico brasileiro. Entre os assuntos debatidos estiveram o enfrentamento ao crime organizado, o interc\u00e2mbio de informa\u00e7\u00f5es financeiras para investiga\u00e7\u00f5es e propostas de fortalecimento das prerrogativas investigativas da institui\u00e7\u00e3o.<\/span><\/p>\n<p style=\"text-align: justify;\" align=\"justify\"><span style=\"font-family: helvetica, arial, sans-serif; font-size: 12pt;\">Tamb\u00e9m integrou a pauta a possibilidade de permuta nacional entre membros do Minist\u00e9rio P\u00fablico, al\u00e9m da cria\u00e7\u00e3o de grupos de trabalho para aperfei\u00e7oar mecanismos de coopera\u00e7\u00e3o institucional e padroniza\u00e7\u00e3o de procedimentos em \u00e2mbito nacional.<\/span><\/p>\n<p style=\"text-align: justify;\" align=\"justify\"><span style=\"font-family: helvetica, arial, sans-serif; font-size: 12pt;\">Durante o encontro, os procuradores-gerais ainda acompanharam apresenta\u00e7\u00f5es t\u00e9cnicas sobre temas ligados ao combate a crimes contra a ordem econ\u00f4mica e tribut\u00e1ria e participaram da assinatura de acordo de coopera\u00e7\u00e3o voltado ao uso de tecnologias e intelig\u00eancia artificial no apoio \u00e0s atividades institucionais.<\/span><\/p>\n<p style=\"text-align: justify;\" align=\"justify\"><span style=\"font-family: helvetica, arial, sans-serif; font-size: 12pt;\">No per\u00edodo da tarde, a reuni\u00e3o seguiu com uma pauta administrativa que incluiu debates sobre propostas de resolu\u00e7\u00e3o relacionadas \u00e0 responsabiliza\u00e7\u00e3o individual de membros que atuam em grupos especiais de atua\u00e7\u00e3o e discuss\u00f5es sobre procedimentos de controle administrativo em tramita\u00e7\u00e3o no Supremo Tribunal Federal.<\/span><\/p>\n<p style=\"text-align: justify;\" align=\"justify\"><span style=\"font-family: helvetica, arial, sans-serif; font-size: 12pt;\">O CNPG \u00e9 o colegiado que re\u00fane os procuradores-gerais de Justi\u00e7a dos Minist\u00e9rios P\u00fablicos dos estados e da Uni\u00e3o, funcionando como espa\u00e7o permanente de articula\u00e7\u00e3o institucional e defini\u00e7\u00e3o de estrat\u00e9gias voltadas ao fortalecimento da atua\u00e7\u00e3o ministerial em todo o pa\u00eds. Fotos: Anderson Macena<\/span><\/p>\n<\/div><style type=\"text\/css\">.fusion-gallery-1 .fusion-gallery-image {border:0px solid #f6f6f6;-webkit-border-radius:5px;-moz-border-radius:5px;border-radius:5px;}<\/style><div class=\"fusion-gallery fusion-gallery-container fusion-grid-3 fusion-columns-total-0 fusion-gallery-layout-grid fusion-gallery-1\" style=\"margin:-5px;\"><div style=\"padding:5px;\" class=\"fusion-grid-column fusion-gallery-column fusion-gallery-column-3 hover-type-none\"><div class=\"fusion-gallery-image\"><a href=\"https:\/\/www.mpal.mp.br\/wp-content\/uploads\/2026\/03\/6N6A1527-1.jpg\" rel=\"noreferrer\" data-rel=\"iLightbox[gallery_image_1]\" class=\"fusion-lightbox\" target=\"_self\"><img loading=\"lazy\" decoding=\"async\" src=\"https:\/\/www.mpal.mp.br\/wp-content\/uploads\/2026\/03\/6N6A1527-1.jpg\" width=\"1620\" height=\"1080\" alt=\"\" title=\"6N6A1527 (1)\" aria-label=\"6N6A1527 (1)\" class=\"img-responsive wp-image-67354\" \/><\/a><\/div><\/div><div style=\"padding:5px;\" class=\"fusion-grid-column fusion-gallery-column fusion-gallery-column-3 hover-type-none\"><div class=\"fusion-gallery-image\"><a href=\"https:\/\/www.mpal.mp.br\/wp-content\/uploads\/2026\/03\/6N6A1506-2.jpg\" rel=\"noreferrer\" data-rel=\"iLightbox[gallery_image_1]\" class=\"fusion-lightbox\" target=\"_self\"><img loading=\"lazy\" decoding=\"async\" src=\"https:\/\/www.mpal.mp.br\/wp-content\/uploads\/2026\/03\/6N6A1506-2.jpg\" width=\"1620\" height=\"1080\" alt=\"\" title=\"6N6A1506 (2)\" aria-label=\"6N6A1506 (2)\" class=\"img-responsive wp-image-67353\" \/><\/a><\/div><\/div><div style=\"padding:5px;\" class=\"fusion-grid-column fusion-gallery-column fusion-gallery-column-3 hover-type-none\"><div class=\"fusion-gallery-image\"><a href=\"https:\/\/www.mpal.mp.br\/wp-content\/uploads\/2026\/03\/6N6A1474-2.jpg\" rel=\"noreferrer\" data-rel=\"iLightbox[gallery_image_1]\" class=\"fusion-lightbox\" target=\"_self\"><img loading=\"lazy\" decoding=\"async\" src=\"https:\/\/www.mpal.mp.br\/wp-content\/uploads\/2026\/03\/6N6A1474-2.jpg\" width=\"1620\" height=\"1080\" alt=\"\" title=\"6N6A1474 (2)\" aria-label=\"6N6A1474 (2)\" class=\"img-responsive wp-image-67351\" \/><\/a><\/div><\/div><div class=\"clearfix\"><\/div><div style=\"padding:5px;\" class=\"fusion-grid-column fusion-gallery-column fusion-gallery-column-3 hover-type-none\"><div class=\"fusion-gallery-image\"><a href=\"https:\/\/www.mpal.mp.br\/wp-content\/uploads\/2026\/03\/6N6A1456-1.jpg\" rel=\"noreferrer\" data-rel=\"iLightbox[gallery_image_1]\" class=\"fusion-lightbox\" target=\"_self\"><img loading=\"lazy\" decoding=\"async\" src=\"https:\/\/www.mpal.mp.br\/wp-content\/uploads\/2026\/03\/6N6A1456-1.jpg\" width=\"1620\" height=\"1080\" alt=\"\" title=\"6N6A1456 (1)\" aria-label=\"6N6A1456 (1)\" class=\"img-responsive wp-image-67349\" \/><\/a><\/div><\/div><div style=\"padding:5px;\" class=\"fusion-grid-column fusion-gallery-column fusion-gallery-column-3 hover-type-none\"><div class=\"fusion-gallery-image\"><a href=\"https:\/\/www.mpal.mp.br\/wp-content\/uploads\/2026\/03\/6N6A1478-2.jpg\" rel=\"noreferrer\" data-rel=\"iLightbox[gallery_image_1]\" class=\"fusion-lightbox\" target=\"_self\"><img loading=\"lazy\" decoding=\"async\" src=\"https:\/\/www.mpal.mp.br\/wp-content\/uploads\/2026\/03\/6N6A1478-2.jpg\" width=\"1620\" height=\"1080\" alt=\"\" title=\"6N6A1478 (2)\" aria-label=\"6N6A1478 (2)\" class=\"img-responsive wp-image-67352\" \/><\/a><\/div><\/div><div style=\"padding:5px;\" class=\"fusion-grid-column fusion-gallery-column fusion-gallery-column-3 hover-type-none\"><div class=\"fusion-gallery-image\"><a href=\"https:\/\/www.mpal.mp.br\/wp-content\/uploads\/2026\/03\/6N6A1447-2.jpg\" rel=\"noreferrer\" data-rel=\"iLightbox[gallery_image_1]\" class=\"fusion-lightbox\" target=\"_self\"><img loading=\"lazy\" decoding=\"async\" src=\"https:\/\/www.mpal.mp.br\/wp-content\/uploads\/2026\/03\/6N6A1447-2.jpg\" width=\"1620\" height=\"1080\" alt=\"\" title=\"6N6A1447 (2)\" aria-label=\"6N6A1447 (2)\" class=\"img-responsive wp-image-67347\" \/><\/a><\/div><\/div><div class=\"clearfix\"><\/div><div style=\"padding:5px;\" class=\"fusion-grid-column fusion-gallery-column fusion-gallery-column-3 hover-type-none\"><div class=\"fusion-gallery-image\"><a href=\"https:\/\/www.mpal.mp.br\/wp-content\/uploads\/2026\/03\/6N6A1434-2.jpg\" rel=\"noreferrer\" data-rel=\"iLightbox[gallery_image_1]\" class=\"fusion-lightbox\" target=\"_self\"><img loading=\"lazy\" decoding=\"async\" src=\"https:\/\/www.mpal.mp.br\/wp-content\/uploads\/2026\/03\/6N6A1434-2.jpg\" width=\"1620\" height=\"1080\" alt=\"\" title=\"6N6A1434 (2)\" aria-label=\"6N6A1434 (2)\" class=\"img-responsive wp-image-67345\" \/><\/a><\/div><\/div><\/div><div class=\"fusion-clearfix\"><\/div>\n\n\t\t\t\t\t<\/div>\n\t\t\t\t<\/div><\/div><\/div>\n","protected":false},"excerpt":{"rendered":"","protected":false},"author":17,"featured_media":67352,"comment_status":"open","ping_status":"open","sticky":false,"template":"","format":"standard","meta":{"om_disable_all_campaigns":false,"_monsterinsights_skip_tracking":false,"_monsterinsights_sitenote_active":false,"_monsterinsights_sitenote_note":"","_monsterinsights_sitenote_category":0,"_uf_show_specific_survey":0,"_uf_disable_surveys":false,"footnotes":""},"categories":[2],"tags":[],"class_list":["post-67357","post","type-post","status-publish","format-standard","has-post-thumbnail","hentry","category-not_mpal"],"aioseo_notices":[],"_links":{"self":[{"href":"https:\/\/www.mpal.mp.br\/index.php?rest_route=\/wp\/v2\/posts\/67357","targetHints":{"allow":["GET"]}}],"collection":[{"href":"https:\/\/www.mpal.mp.br\/index.php?rest_route=\/wp\/v2\/posts"}],"about":[{"href":"https:\/\/www.mpal.mp.br\/index.php?rest_route=\/wp\/v2\/types\/post"}],"author":[{"embeddable":true,"href":"https:\/\/www.mpal.mp.br\/index.php?rest_route=\/wp\/v2\/users\/17"}],"replies":[{"embeddable":true,"href":"https:\/\/www.mpal.mp.br\/index.php?rest_route=%2Fwp%2Fv2%2Fcomments&post=67357"}],"version-history":[{"count":3,"href":"https:\/\/www.mpal.mp.br\/index.php?rest_route=\/wp\/v2\/posts\/67357\/revisions"}],"predecessor-version":[{"id":67363,"href":"https:\/\/www.mpal.mp.br\/index.php?rest_route=\/wp\/v2\/posts\/67357\/revisions\/67363"}],"wp:featuredmedia":[{"embeddable":true,"href":"https:\/\/www.mpal.mp.br\/index.php?rest_route=\/wp\/v2\/media\/67352"}],"wp:attachment":[{"href":"https:\/\/www.mpal.mp.br\/index.php?rest_route=%2Fwp%2Fv2%2Fmedia&parent=67357"}],"wp:term":[{"taxonomy":"category","embeddable":true,"href":"https:\/\/www.mpal.mp.br\/index.php?rest_route=%2Fwp%2Fv2%2Fcategories&post=67357"},{"taxonomy":"post_tag","embeddable":true,"href":"https:\/\/www.mpal.mp.br\/index.php?rest_route=%2Fwp%2Fv2%2Ftags&post=67357"}],"curies":[{"name":"wp","href":"https:\/\/api.w.org\/{rel}","templated":true}]}}