{"id":67328,"date":"2026-03-11T10:32:36","date_gmt":"2026-03-11T13:32:36","guid":{"rendered":"https:\/\/www.mpal.mp.br\/?p=67328"},"modified":"2026-03-11T10:32:36","modified_gmt":"2026-03-11T13:32:36","slug":"ministerio-publico-inspeciona-casa-de-acolhimento-em-santana-do-ipanema","status":"publish","type":"post","link":"https:\/\/www.mpal.mp.br\/?p=67328","title":{"rendered":"Minist\u00e9rio P\u00fablico inspeciona casa de acolhimento em Santana do Ipanema"},"content":{"rendered":"<div class=\"fusion-fullwidth fullwidth-box fusion-builder-row-1 nonhundred-percent-fullwidth non-hundred-percent-height-scrolling\"  style='background-color: #ffffff;background-position: center center;background-repeat: no-repeat;padding-top:0px;padding-right:0px;padding-bottom:0px;padding-left:0px;'><div class=\"fusion-builder-row fusion-row \"><div  class=\"fusion-layout-column fusion_builder_column fusion_builder_column_1_1 fusion-builder-column-1 fusion-one-full fusion-column-first fusion-column-last 1_1\"  style='margin-top:0px;margin-bottom:0px;'>\n\t\t\t\t\t<div class=\"fusion-column-wrapper\" style=\"padding: 0px 0px 0px 0px;background-position:left top;background-repeat:no-repeat;-webkit-background-size:cover;-moz-background-size:cover;-o-background-size:cover;background-size:cover;\"   data-bg-url=\"\">\n\t\t\t\t\t\t<div class=\"fusion-text\"><p class=\"western\" style=\"text-align: justify;\"><span style=\"color: #000000;\"><span style=\"font-family: Times New Roman, serif;\"><span style=\"font-size: medium;\">Observar se as obriga\u00e7\u00f5es est\u00e3o sendo cumpridas e se os acolhidos t\u00eam a assist\u00eancia adequada, se o ambiente \u00e9 salutar e respeita os direitos garantidos \u00e0s crian\u00e7as em situa\u00e7\u00e3o de vulnerabilidade e que, temporariamente, precisam de cuidados espec\u00edficos. Com essa finalidade, o Minist\u00e9rio P\u00fablico de Alagoas (MPAL), por meio da 3a Promotoria de Justi\u00e7a de Santana do Ipanema, que tem como titular a Promotora de Justi\u00e7a Shanya Dantas, inspecionou, nessa ter\u00e7a-feira (10), as Casas de Acolhimento Maria Nanete de Oliveira Silva e Casa do Menor, em Santana do Ipanema, munic\u00edpio do sert\u00e3o de Alagoas.<\/span><\/span><\/span><\/p>\n<p class=\"western\" style=\"text-align: justify;\"><span style=\"color: #000000;\"><span style=\"font-family: Times New Roman, serif;\"><span style=\"font-size: medium;\">De acordo com a Promotora de Justi\u00e7a Shanya Dantas, <\/span><\/span><\/span><span style=\"color: #000000;\"><span style=\"font-family: Times New Roman, serif;\"><span style=\"font-size: medium;\">as inspe\u00e7\u00f5es fazem parte da atua\u00e7\u00e3o permanente do Minist\u00e9rio P\u00fablico na fiscaliza\u00e7\u00e3o de pol\u00edticas p\u00fablicas destinadas \u00e0 inf\u00e2ncia e juventude, conforme previsto no Estatuto da Crian\u00e7a e do Adolescente (ECA) e em resolu\u00e7\u00f5es do Conselho Nacional do Minist\u00e9rio P\u00fablico (CNMP), que orientam o acompanhamento das medidas socioeducativas e dos servi\u00e7os de acolhimento institucional, e foi fundamental para <\/span><\/span><\/span><span style=\"color: #000000;\"><span style=\"font-family: Times New Roman, serif;\"><span style=\"font-size: medium;\">averiguar se a estrutura estava recuperada, j\u00e1 que na fiscaliza\u00e7\u00e3o anterior algumas irregularidades haviam sido detectadas. <\/span><\/span><\/span><\/p>\n<p class=\"western\" style=\"text-align: justify;\"><span style=\"color: #000000;\">\u201c<span style=\"font-family: Times New Roman, serif;\"><span style=\"font-size: medium;\">Voltamos ao local para observar se as solicita\u00e7\u00f5es do Minist\u00e9rio P\u00fablico haviam sido atendidas e constatamos que os problemas estruturais foram devidamente regularizados, faltando apenas as capacita\u00e7\u00f5es peri\u00f3dicas dos funcion\u00e1rios, que ser\u00e3o objeto de notifica\u00e7\u00e3o com o prop\u00f3sito de que sejam devidamente efetivadas\u201d, enfatiza.<\/span><\/span><\/span><\/p>\n<p class=\"western\" style=\"text-align: justify;\"><span style=\"color: #000000;\"><span style=\"font-family: Times New Roman, serif;\"><span style=\"font-size: medium;\">Sobre os repasses de valores, compromisso assumido por todos os Munic\u00edpios respons\u00e1veis pelo funcionamento da unidade de acolhimento Maria Nanete, alguns munic\u00edpios registram atraso no pagamento, como \u00e9 o caso dos munic\u00edpios de Po\u00e7o das Trincheiras e Carneiros.<\/span><\/span><\/span><\/p>\n<p class=\"western\" style=\"text-align: justify;\"><span style=\"color: #000000;\">\u201c<span style=\"font-family: Times New Roman, serif;\"><span style=\"font-size: medium;\">Em que pese alguns atrasos nos repasses para a casa Maria Nanete, a mesma se encontra devidamente organizada e em pleno funcionamento. Quanto aos pagamentos em atraso, os munic\u00edpios est\u00e3o sendo devidamente notificados pelo Minist\u00e9rio P\u00fablico\u201d, conclui a promotora Shanya Dantas.<\/span><\/span><\/span><\/p>\n<p class=\"western\" style=\"text-align: justify;\"><span style=\"color: #000000;\"><span style=\"font-family: Times New Roman, serif;\"><span style=\"font-size: medium;\">O funcionamento da unidade de acolhimento foi assumido pelos munic\u00edpios de: <\/span><\/span><\/span><span style=\"color: #000000;\"><span style=\"font-family: Times New Roman, serif;\"><span style=\"font-size: medium;\">Santana do Ipanema, Dois Riachos, Po\u00e7o das Trincheiras, Maravilha, Ouro Branco, Senador Rui Palmeira, Carneiros, Olho D\u2019\u00c1gua das Flores e Oliven\u00e7a.<\/span><\/span><\/span><\/p>\n<\/div><style type=\"text\/css\">.fusion-gallery-1 .fusion-gallery-image {border:0px solid #f6f6f6;-webkit-border-radius:5px;-moz-border-radius:5px;border-radius:5px;}<\/style><div class=\"fusion-gallery fusion-gallery-container fusion-grid-3 fusion-columns-total-0 fusion-gallery-layout-grid fusion-gallery-1\" style=\"margin:-5px;\"><div style=\"padding:5px;\" class=\"fusion-grid-column fusion-gallery-column fusion-gallery-column-3 hover-type-none\"><div class=\"fusion-gallery-image\"><a href=\"https:\/\/www.mpal.mp.br\/wp-content\/uploads\/2026\/03\/IMG-20260311-WA0019.jpg\" rel=\"noreferrer\" data-rel=\"iLightbox[gallery_image_1]\" class=\"fusion-lightbox\" target=\"_self\"><img loading=\"lazy\" decoding=\"async\" src=\"https:\/\/www.mpal.mp.br\/wp-content\/uploads\/2026\/03\/IMG-20260311-WA0019.jpg\" width=\"960\" height=\"686\" alt=\"\" title=\"IMG-20260311-WA0019\" aria-label=\"IMG-20260311-WA0019\" class=\"img-responsive wp-image-67326\" \/><\/a><\/div><\/div><div style=\"padding:5px;\" class=\"fusion-grid-column fusion-gallery-column fusion-gallery-column-3 hover-type-none\"><div class=\"fusion-gallery-image\"><a href=\"https:\/\/www.mpal.mp.br\/wp-content\/uploads\/2026\/03\/IMG-20260311-WA0021.jpg\" rel=\"noreferrer\" data-rel=\"iLightbox[gallery_image_1]\" class=\"fusion-lightbox\" target=\"_self\"><img loading=\"lazy\" decoding=\"async\" src=\"https:\/\/www.mpal.mp.br\/wp-content\/uploads\/2026\/03\/IMG-20260311-WA0021.jpg\" width=\"1280\" height=\"914\" alt=\"\" title=\"IMG-20260311-WA0021\" aria-label=\"IMG-20260311-WA0021\" class=\"img-responsive wp-image-67327\" \/><\/a><\/div><\/div><div style=\"padding:5px;\" class=\"fusion-grid-column fusion-gallery-column fusion-gallery-column-3 hover-type-none\"><div class=\"fusion-gallery-image\"><a href=\"https:\/\/www.mpal.mp.br\/wp-content\/uploads\/2026\/03\/IMG-20260311-WA0017.jpg\" rel=\"noreferrer\" data-rel=\"iLightbox[gallery_image_1]\" class=\"fusion-lightbox\" target=\"_self\"><img loading=\"lazy\" decoding=\"async\" src=\"https:\/\/www.mpal.mp.br\/wp-content\/uploads\/2026\/03\/IMG-20260311-WA0017.jpg\" width=\"1280\" height=\"914\" alt=\"\" title=\"IMG-20260311-WA0017\" aria-label=\"IMG-20260311-WA0017\" class=\"img-responsive wp-image-67325\" \/><\/a><\/div><\/div><div class=\"clearfix\"><\/div><div style=\"padding:5px;\" class=\"fusion-grid-column fusion-gallery-column fusion-gallery-column-3 hover-type-none\"><div class=\"fusion-gallery-image\"><a href=\"https:\/\/www.mpal.mp.br\/wp-content\/uploads\/2026\/03\/IMG-20260311-WA0020.jpg\" rel=\"noreferrer\" data-rel=\"iLightbox[gallery_image_1]\" class=\"fusion-lightbox\" target=\"_self\"><img loading=\"lazy\" decoding=\"async\" src=\"https:\/\/www.mpal.mp.br\/wp-content\/uploads\/2026\/03\/IMG-20260311-WA0020.jpg\" width=\"960\" height=\"686\" alt=\"\" title=\"IMG-20260311-WA0020\" aria-label=\"IMG-20260311-WA0020\" class=\"img-responsive wp-image-67324\" \/><\/a><\/div><\/div><div style=\"padding:5px;\" class=\"fusion-grid-column fusion-gallery-column fusion-gallery-column-3 hover-type-none\"><div class=\"fusion-gallery-image\"><a href=\"https:\/\/www.mpal.mp.br\/wp-content\/uploads\/2026\/03\/IMG-20260311-WA0018.jpg\" rel=\"noreferrer\" data-rel=\"iLightbox[gallery_image_1]\" class=\"fusion-lightbox\" target=\"_self\"><img loading=\"lazy\" decoding=\"async\" src=\"https:\/\/www.mpal.mp.br\/wp-content\/uploads\/2026\/03\/IMG-20260311-WA0018.jpg\" width=\"960\" height=\"686\" alt=\"\" title=\"IMG-20260311-WA0018\" aria-label=\"IMG-20260311-WA0018\" class=\"img-responsive wp-image-67323\" \/><\/a><\/div><\/div><div style=\"padding:5px;\" class=\"fusion-grid-column fusion-gallery-column fusion-gallery-column-3 hover-type-none\"><div class=\"fusion-gallery-image\"><a href=\"https:\/\/www.mpal.mp.br\/wp-content\/uploads\/2026\/03\/IMG-20260311-WA0016.jpg\" rel=\"noreferrer\" data-rel=\"iLightbox[gallery_image_1]\" class=\"fusion-lightbox\" target=\"_self\"><img loading=\"lazy\" decoding=\"async\" src=\"https:\/\/www.mpal.mp.br\/wp-content\/uploads\/2026\/03\/IMG-20260311-WA0016.jpg\" width=\"1280\" height=\"914\" alt=\"\" title=\"IMG-20260311-WA0016\" aria-label=\"IMG-20260311-WA0016\" class=\"img-responsive wp-image-67322\" \/><\/a><\/div><\/div><div class=\"clearfix\"><\/div><div style=\"padding:5px;\" class=\"fusion-grid-column fusion-gallery-column fusion-gallery-column-3 hover-type-none\"><div class=\"fusion-gallery-image\"><a href=\"https:\/\/www.mpal.mp.br\/wp-content\/uploads\/2026\/03\/IMG-20260311-WA0015.jpg\" rel=\"noreferrer\" data-rel=\"iLightbox[gallery_image_1]\" class=\"fusion-lightbox\" target=\"_self\"><img loading=\"lazy\" decoding=\"async\" src=\"https:\/\/www.mpal.mp.br\/wp-content\/uploads\/2026\/03\/IMG-20260311-WA0015.jpg\" width=\"720\" height=\"514\" alt=\"\" title=\"IMG-20260311-WA0015\" aria-label=\"IMG-20260311-WA0015\" class=\"img-responsive wp-image-67321\" \/><\/a><\/div><\/div><\/div><div class=\"fusion-clearfix\"><\/div>\n\n\t\t\t\t\t<\/div>\n\t\t\t\t<\/div><\/div><\/div>\n","protected":false},"excerpt":{"rendered":"","protected":false},"author":7,"featured_media":67323,"comment_status":"open","ping_status":"open","sticky":false,"template":"","format":"standard","meta":{"om_disable_all_campaigns":false,"_monsterinsights_skip_tracking":false,"_monsterinsights_sitenote_active":false,"_monsterinsights_sitenote_note":"","_monsterinsights_sitenote_category":0,"_uf_show_specific_survey":0,"_uf_disable_surveys":false,"footnotes":""},"categories":[2],"tags":[],"class_list":["post-67328","post","type-post","status-publish","format-standard","has-post-thumbnail","hentry","category-not_mpal"],"aioseo_notices":[],"_links":{"self":[{"href":"https:\/\/www.mpal.mp.br\/index.php?rest_route=\/wp\/v2\/posts\/67328","targetHints":{"allow":["GET"]}}],"collection":[{"href":"https:\/\/www.mpal.mp.br\/index.php?rest_route=\/wp\/v2\/posts"}],"about":[{"href":"https:\/\/www.mpal.mp.br\/index.php?rest_route=\/wp\/v2\/types\/post"}],"author":[{"embeddable":true,"href":"https:\/\/www.mpal.mp.br\/index.php?rest_route=\/wp\/v2\/users\/7"}],"replies":[{"embeddable":true,"href":"https:\/\/www.mpal.mp.br\/index.php?rest_route=%2Fwp%2Fv2%2Fcomments&post=67328"}],"version-history":[{"count":1,"href":"https:\/\/www.mpal.mp.br\/index.php?rest_route=\/wp\/v2\/posts\/67328\/revisions"}],"predecessor-version":[{"id":67329,"href":"https:\/\/www.mpal.mp.br\/index.php?rest_route=\/wp\/v2\/posts\/67328\/revisions\/67329"}],"wp:featuredmedia":[{"embeddable":true,"href":"https:\/\/www.mpal.mp.br\/index.php?rest_route=\/wp\/v2\/media\/67323"}],"wp:attachment":[{"href":"https:\/\/www.mpal.mp.br\/index.php?rest_route=%2Fwp%2Fv2%2Fmedia&parent=67328"}],"wp:term":[{"taxonomy":"category","embeddable":true,"href":"https:\/\/www.mpal.mp.br\/index.php?rest_route=%2Fwp%2Fv2%2Fcategories&post=67328"},{"taxonomy":"post_tag","embeddable":true,"href":"https:\/\/www.mpal.mp.br\/index.php?rest_route=%2Fwp%2Fv2%2Ftags&post=67328"}],"curies":[{"name":"wp","href":"https:\/\/api.w.org\/{rel}","templated":true}]}}