{"id":67317,"date":"2026-03-10T09:36:40","date_gmt":"2026-03-10T12:36:40","guid":{"rendered":"https:\/\/www.mpal.mp.br\/?p=67317"},"modified":"2026-03-10T09:36:40","modified_gmt":"2026-03-10T12:36:40","slug":"mpal-ajuiza-acao-para-obrigar-tres-municipios-do-sertao-a-realizarem-concurso-publico-na-area-da-educacao","status":"publish","type":"post","link":"https:\/\/www.mpal.mp.br\/?p=67317","title":{"rendered":"MPAL aju\u00edza a\u00e7\u00e3o para obrigar tr\u00eas munic\u00edpios do Sert\u00e3o a realizarem concurso p\u00fablico na \u00e1rea da educa\u00e7\u00e3o"},"content":{"rendered":"<p align=\"justify\"><span style=\"font-family: helvetica, arial, sans-serif; font-size: 12pt;\">O Minist\u00e9rio P\u00fablico do Estado de Alagoas (MPAL) ajuizou uma a\u00e7\u00e3o civil p\u00fablica (ACP) com pedido de tutela de urg\u00eancia para que os munic\u00edpios de Santana do Ipanema, Po\u00e7o das Trincheiras e Oliven\u00e7a realizem concurso p\u00fablico para provimento de cargos na \u00e1rea da educa\u00e7\u00e3o. A a\u00e7\u00e3o foi proposta pelo promotor de Justi\u00e7a Alex Almeida Silva, titular da 2\u00aa Promotoria de Justi\u00e7a de Santana do Ipanema, com apoio do N\u00facleo de Defesa da Educa\u00e7\u00e3o do MPAL.<\/span><\/p>\n<p align=\"justify\"><span style=\"font-family: helvetica, arial, sans-serif; font-size: 12pt;\">A iniciativa do Minist\u00e9rio P\u00fablico \u00e9 resultado de investiga\u00e7\u00e3o instaurada por meio de procedimento administrativo que apurou a aus\u00eancia de concursos p\u00fablicos e a utiliza\u00e7\u00e3o reiterada de contrata\u00e7\u00f5es tempor\u00e1rias para suprir demandas permanentes das redes municipais de ensino. Segundo o levantamento apresentado na a\u00e7\u00e3o, o quadro atual revela uma depend\u00eancia significativa de v\u00ednculos prec\u00e1rios, em detrimento do ingresso por concurso p\u00fablico, que \u00e9 a regra constitucional para acesso ao servi\u00e7o p\u00fablico.<\/span><\/p>\n<p align=\"justify\"><span style=\"font-family: helvetica, arial, sans-serif; font-size: 12pt;\">De acordo com dados citados pelo Minist\u00e9rio P\u00fablico, apenas no munic\u00edpio de Santana do Ipanema existem cerca de 900 profissionais contratados de forma tempor\u00e1ria, n\u00famero que representa mais de 50% dos trabalhadores da educa\u00e7\u00e3o. Em Oliven\u00e7a, foram identificados aproximadamente 500 contratados, enquanto em Po\u00e7o das Trincheiras o levantamento aponta 123 profissionais nessa condi\u00e7\u00e3o. <\/span><\/p>\n<p><span style=\"font-family: helvetica, arial, sans-serif; font-size: 12pt;\">A a\u00e7\u00e3o tamb\u00e9m destaca que a contrata\u00e7\u00e3o prec\u00e1ria em larga escala compromete princ\u00edpios constitucionais da administra\u00e7\u00e3o p\u00fablica, como legalidade, impessoalidade e moralidade. \u201cO concurso p\u00fablico n\u00e3o \u00e9 apenas um requisito formal, mas um instrumento essencial para garantir igualdade de acesso aos cargos p\u00fablicos e assegurar a qualidade do servi\u00e7o prestado \u00e0 popula\u00e7\u00e3o\u201d, defendeu Alex Almeida.<\/span><br \/>\n<span style=\"font-family: helvetica, arial, sans-serif; font-size: 12pt;\">Outro ponto ressaltado na a\u00e7\u00e3o \u00e9 que a pr\u00e1tica pode impactar diretamente a qualidade da educa\u00e7\u00e3o. Informa\u00e7\u00f5es apresentadas pelo N\u00facleo de Defesa da Educa\u00e7\u00e3o indicam que, nas redes municipais de ensino, Alagoas ocupa posi\u00e7\u00e3o desfavor\u00e1vel em rela\u00e7\u00e3o ao percentual de docentes contratados por concurso p\u00fablico, situa\u00e7\u00e3o que evidencia a necessidade de medidas estruturais para regularizar o quadro funcional.<\/span><\/p>\n<p align=\"justify\"><span style=\"font-family: helvetica, arial, sans-serif; font-size: 12pt;\"><b>Pedidos do MPAL<\/b><\/span><\/p>\n<p align=\"justify\"><span style=\"font-family: helvetica, arial, sans-serif; font-size: 12pt;\">Diante desse cen\u00e1rio, o Minist\u00e9rio P\u00fablico requereu ao Poder Judici\u00e1rio a concess\u00e3o de medida liminar determinando que os tr\u00eas munic\u00edpios realizem concurso p\u00fablico para a \u00e1rea da educa\u00e7\u00e3o no prazo m\u00e1ximo de seis meses, ap\u00f3s a contrata\u00e7\u00e3o da banca organizadora e realiza\u00e7\u00e3o do processo licitat\u00f3rio necess\u00e1rio para a execu\u00e7\u00e3o do certame.<\/span><\/p>\n<p align=\"justify\"><span style=\"font-family: helvetica, arial, sans-serif; font-size: 12pt;\">Al\u00e9m disso, a a\u00e7\u00e3o pede que os munic\u00edpios se abstenham de realizar novas contrata\u00e7\u00f5es tempor\u00e1rias para fun\u00e7\u00f5es permanentes sem o devido respaldo legal e sem processo seletivo simplificado, conforme previsto na Constitui\u00e7\u00e3o Federal. Tamb\u00e9m foi solicitado que, ap\u00f3s a conclus\u00e3o do concurso e a nomea\u00e7\u00e3o dos aprovados, seja promovida a exonera\u00e7\u00e3o gradual dos contratados tempor\u00e1rios que ocupam fun\u00e7\u00f5es permanentes.<\/span><\/p>\n<p align=\"justify\"><span style=\"font-family: helvetica, arial, sans-serif; font-size: 12pt;\">O Minist\u00e9rio P\u00fablico tamb\u00e9m ressaltou que o concurso dever\u00e1 contemplar todas as categorias necess\u00e1rias ao funcionamento da rede de ensino, incluindo profissionais da \u00e1rea de biblioteconomia, conforme determina a legisla\u00e7\u00e3o federal que trata da obrigatoriedade de bibliotecas nas institui\u00e7\u00f5es de ensino.<\/span><\/p>\n<p align=\"justify\"><span style=\"font-family: helvetica, arial, sans-serif; font-size: 12pt;\">Para garantir o cumprimento da decis\u00e3o judicial, o MPAL requereu, ainda, a aplica\u00e7\u00e3o de multa di\u00e1ria em caso de descumprimento e a possibilidade de ado\u00e7\u00e3o de medidas coercitivas para assegurar a efetividade da determina\u00e7\u00e3o judicial.<\/span><\/p>\n<p align=\"justify\"><span style=\"font-family: helvetica, arial, sans-serif; font-size: 12pt;\">\u201cO que estamos buscando \u00e9 assegurar o respeito \u00e0 Constitui\u00e7\u00e3o e garantir que a educa\u00e7\u00e3o p\u00fablica seja prestada por meio de um quadro funcional estruturado, selecionado de forma transparente e igualit\u00e1ria\u201d, acrescentou o promotor de Justi\u00e7a Alex Almeida Silva.<\/span><\/p>\n","protected":false},"excerpt":{"rendered":"<p> [&hellip;]<\/p>\n","protected":false},"author":17,"featured_media":67319,"comment_status":"open","ping_status":"open","sticky":false,"template":"","format":"standard","meta":{"om_disable_all_campaigns":false,"_monsterinsights_skip_tracking":false,"_monsterinsights_sitenote_active":false,"_monsterinsights_sitenote_note":"","_monsterinsights_sitenote_category":0,"_uf_show_specific_survey":0,"_uf_disable_surveys":false,"footnotes":""},"categories":[2],"tags":[],"class_list":["post-67317","post","type-post","status-publish","format-standard","has-post-thumbnail","hentry","category-not_mpal"],"aioseo_notices":[],"_links":{"self":[{"href":"https:\/\/www.mpal.mp.br\/index.php?rest_route=\/wp\/v2\/posts\/67317","targetHints":{"allow":["GET"]}}],"collection":[{"href":"https:\/\/www.mpal.mp.br\/index.php?rest_route=\/wp\/v2\/posts"}],"about":[{"href":"https:\/\/www.mpal.mp.br\/index.php?rest_route=\/wp\/v2\/types\/post"}],"author":[{"embeddable":true,"href":"https:\/\/www.mpal.mp.br\/index.php?rest_route=\/wp\/v2\/users\/17"}],"replies":[{"embeddable":true,"href":"https:\/\/www.mpal.mp.br\/index.php?rest_route=%2Fwp%2Fv2%2Fcomments&post=67317"}],"version-history":[{"count":2,"href":"https:\/\/www.mpal.mp.br\/index.php?rest_route=\/wp\/v2\/posts\/67317\/revisions"}],"predecessor-version":[{"id":67320,"href":"https:\/\/www.mpal.mp.br\/index.php?rest_route=\/wp\/v2\/posts\/67317\/revisions\/67320"}],"wp:featuredmedia":[{"embeddable":true,"href":"https:\/\/www.mpal.mp.br\/index.php?rest_route=\/wp\/v2\/media\/67319"}],"wp:attachment":[{"href":"https:\/\/www.mpal.mp.br\/index.php?rest_route=%2Fwp%2Fv2%2Fmedia&parent=67317"}],"wp:term":[{"taxonomy":"category","embeddable":true,"href":"https:\/\/www.mpal.mp.br\/index.php?rest_route=%2Fwp%2Fv2%2Fcategories&post=67317"},{"taxonomy":"post_tag","embeddable":true,"href":"https:\/\/www.mpal.mp.br\/index.php?rest_route=%2Fwp%2Fv2%2Ftags&post=67317"}],"curies":[{"name":"wp","href":"https:\/\/api.w.org\/{rel}","templated":true}]}}