{"id":67214,"date":"2026-03-09T14:54:05","date_gmt":"2026-03-09T17:54:05","guid":{"rendered":"https:\/\/www.mpal.mp.br\/?p=67214"},"modified":"2026-03-09T15:09:10","modified_gmt":"2026-03-09T18:09:10","slug":"mpal-recebe-grupo-gay-de-maceio-e-se-compromete-em-analisar-pedido-de-acompanhamento-de-acoes-que-questionam-lei-sobre-participacao-de-menores-em-eventos-lgbtqiapn","status":"publish","type":"post","link":"https:\/\/www.mpal.mp.br\/?p=67214","title":{"rendered":"MPAL recebe Grupo Gay de Macei\u00f3 e se compromete em analisar pedido de acompanhamento de a\u00e7\u00f5es que questionam lei sobre participa\u00e7\u00e3o de menores em eventos LGBTQIAPN+"},"content":{"rendered":"<div class=\"fusion-fullwidth fullwidth-box fusion-builder-row-1 nonhundred-percent-fullwidth non-hundred-percent-height-scrolling\"  style='background-color: #ffffff;background-position: center center;background-repeat: no-repeat;padding-top:0px;padding-right:0px;padding-bottom:0px;padding-left:0px;'><div class=\"fusion-builder-row fusion-row \"><div  class=\"fusion-layout-column fusion_builder_column fusion_builder_column_1_1 fusion-builder-column-1 fusion-one-full fusion-column-first fusion-column-last 1_1\"  style='margin-top:0px;margin-bottom:0px;'>\n\t\t\t\t\t<div class=\"fusion-column-wrapper\" style=\"padding: 0px 0px 0px 0px;background-position:left top;background-repeat:no-repeat;-webkit-background-size:cover;-moz-background-size:cover;-o-background-size:cover;background-size:cover;\"   data-bg-url=\"\">\n\t\t\t\t\t\t<div class=\"fusion-text\"><p style=\"text-align: justify;\" align=\"justify\"><span style=\"font-family: helvetica, arial, sans-serif; font-size: 12pt;\">O Minist\u00e9rio P\u00fablico do Estado de Alagoas (MPAL) recebeu, nesta segunda-feira (9), representantes do Grupo Gay de Macei\u00f3 (GGM) para tratar da Lei n\u00ba 9.806\/2026, que pro\u00edbe a participa\u00e7\u00e3o de crian\u00e7as e adolescentes em desfiles relacionados \u00e0 Parada do Orgulho LGBTQIAPN+, salvo mediante autoriza\u00e7\u00e3o judicial. A norma, de autoria de um deputado estadual, foi promulgada pela Assembleia Legislativa e passou a vigorar no \u00faltimo dia 3 de mar\u00e7o. <\/span><span style=\"font-family: helvetica, arial, sans-serif; font-size: 12pt;\">Durante a reuni\u00e3o, o GGM solicitou o apoio institucional do MPAL para acompanhar a tramita\u00e7\u00e3o das duas a\u00e7\u00f5es judiciais que questionam a constitucionalidade da legisla\u00e7\u00e3o. Ambas as a\u00e7\u00f5es foram proposta pelo pr\u00f3prio grupo e atualmente tramitam tanto no Juizado da Inf\u00e2ncia e Juventude da capital quanto perante o Supremo Tribunal Federal (STF).<\/span><\/p>\n<p style=\"text-align: justify;\" align=\"justify\"><span style=\"font-family: helvetica, arial, sans-serif; font-size: 12pt;\">O procurador-geral de Justi\u00e7a, Lean Ara\u00fajo, recebeu formalmente o pedido por meio de of\u00edcio apresentado durante o encontro e se comprometeu a encaminh\u00e1-lo \u00e0s Promotorias de Justi\u00e7a de Defesa da Inf\u00e2ncia e Juventude, para an\u00e1lise e acompanhamento do caso. <\/span><span style=\"font-family: helvetica, arial, sans-serif; font-size: 12pt;\">Segundo o chefe do MPAL, o encaminhamento permitir\u00e1 que os membros com atribui\u00e7\u00e3o na \u00e1rea avaliem o processo e adotem as provid\u00eancias que considerarem adequadas dentro das compet\u00eancias institucionais. \u201cRecebemos a demanda apresentada pelo Grupo Gay de Macei\u00f3 e a Procuradoria-Geral de Justi\u00e7a ir\u00e1 encaminhar o pedido \u00e0s Promotorias de Justi\u00e7a com atua\u00e7\u00e3o na \u00e1rea da inf\u00e2ncia e juventude, para que o caso seja acompanhado e, se for o caso, sejam adotadas as medidas cab\u00edveis dentro da atua\u00e7\u00e3o constitucional do MP\u201d, afirmou Lean Ara\u00fajo.<\/span><\/p>\n<p style=\"text-align: justify;\" align=\"justify\"><span style=\"font-family: helvetica, arial, sans-serif; font-size: 12pt;\">Al\u00e9m da a\u00e7\u00e3o em tramita\u00e7\u00e3o no Judici\u00e1rio estadual, tamb\u00e9m foi discutido durante a reuni\u00e3o o acompanhamento do questionamento da lei no \u00e2mbito do Supremo Tribunal Federal (STF). A iniciativa busca a declara\u00e7\u00e3o de inconstitucionalidade da norma.<\/span><\/p>\n<p style=\"text-align: justify;\" align=\"justify\"><span style=\"font-family: helvetica, arial, sans-serif; font-size: 12pt;\">Os representantes do GGM argumentam que a lei pode violar princ\u00edpios constitucionais como a liberdade de express\u00e3o, o direito \u00e0 conviv\u00eancia familiar e comunit\u00e1ria e a prote\u00e7\u00e3o integral de crian\u00e7as e adolescentes, previstos na Constitui\u00e7\u00e3o Federal e no Estatuto da Crian\u00e7a e do Adolescente (ECA). Na avalia\u00e7\u00e3o do grupo, a exig\u00eancia de autoriza\u00e7\u00e3o judicial espec\u00edfica para participa\u00e7\u00e3o em eventos dessa natureza representaria uma restri\u00e7\u00e3o desproporcional a direitos fundamentais.<\/span><\/p>\n<p style=\"text-align: justify;\" align=\"justify\"><span style=\"font-family: helvetica, arial, sans-serif; font-size: 12pt;\">Para o presidente do Grupo Gay de Mac<span style=\"color: #333333;\">ei\u00f3, Messias da Silva Mendon\u00e7a, o di\u00e1<\/span>logo com o Minist\u00e9rio P\u00fablico \u00e9 fundamental para garantir que o debate sobre o tema ocorra dentro dos par\u00e2metros constitucionais. \u201cViemos buscar o apoio do Minist\u00e9rio P\u00fablico para acompanhar essas a\u00e7\u00f5es, porque entendemos que a lei cria uma restri\u00e7\u00e3o que precisa ser analisada \u00e0 luz da Constitui\u00e7\u00e3o e dos direitos das crian\u00e7as, adolescentes e das fam\u00edlias. O MP tem um papel essencial nesse acompanhamento\u201d, destacou ele.<\/span><\/p>\n<p style=\"text-align: justify;\" align=\"justify\"><span style=\"font-family: helvetica, arial, sans-serif; font-size: 12pt;\">Ao final da reuni\u00e3o, o PGJ refor\u00e7ou que o Minist\u00e9rio P\u00fablico atua como institui\u00e7\u00e3o respons\u00e1vel pela defesa da ordem jur\u00eddica e dos direitos fundamentais, raz\u00e3o pela qual acompanhar\u00e1 os desdobramentos do caso tanto na esfera estadual quanto no \u00e2mbito do Supremo Tribunal Federal. \u201cNosso compromisso \u00e9 assegurar que as quest\u00f5es levadas ao Minist\u00e9rio P\u00fablico sejam analisadas com responsabilidade jur\u00eddica e \u00e0 luz da Constitui\u00e7\u00e3o. Por isso, o encaminhamento \u00e0s Promotorias especializadas permitir\u00e1 uma avalia\u00e7\u00e3o t\u00e9cnica sobre a mat\u00e9ria e o acompanhamento das a\u00e7\u00f5es judiciais relacionadas ao tema\u201d, concluiu.<\/span><\/p>\n<\/div><style type=\"text\/css\">.fusion-gallery-1 .fusion-gallery-image {border:0px solid #f6f6f6;-webkit-border-radius:5px;-moz-border-radius:5px;border-radius:5px;}<\/style><div class=\"fusion-gallery fusion-gallery-container fusion-grid-3 fusion-columns-total-0 fusion-gallery-layout-grid fusion-gallery-1\" style=\"margin:-5px;\"><div style=\"padding:5px;\" class=\"fusion-grid-column fusion-gallery-column fusion-gallery-column-3 hover-type-none\"><div class=\"fusion-gallery-image\"><a href=\"https:\/\/www.mpal.mp.br\/wp-content\/uploads\/2026\/03\/6N6A1196-2.jpg\" rel=\"noreferrer\" data-rel=\"iLightbox[gallery_image_1]\" class=\"fusion-lightbox\" target=\"_self\"><img loading=\"lazy\" decoding=\"async\" src=\"https:\/\/www.mpal.mp.br\/wp-content\/uploads\/2026\/03\/6N6A1196-2.jpg\" width=\"1620\" height=\"1080\" alt=\"\" title=\"6N6A1196 (2)\" aria-label=\"6N6A1196 (2)\" class=\"img-responsive wp-image-67200\" \/><\/a><\/div><\/div><div style=\"padding:5px;\" class=\"fusion-grid-column fusion-gallery-column fusion-gallery-column-3 hover-type-none\"><div class=\"fusion-gallery-image\"><a href=\"https:\/\/www.mpal.mp.br\/wp-content\/uploads\/2026\/03\/6N6A1197-1.jpg\" rel=\"noreferrer\" data-rel=\"iLightbox[gallery_image_1]\" class=\"fusion-lightbox\" target=\"_self\"><img loading=\"lazy\" decoding=\"async\" src=\"https:\/\/www.mpal.mp.br\/wp-content\/uploads\/2026\/03\/6N6A1197-1.jpg\" width=\"1620\" height=\"1080\" alt=\"\" title=\"6N6A1197 (1)\" aria-label=\"6N6A1197 (1)\" class=\"img-responsive wp-image-67201\" \/><\/a><\/div><\/div><div style=\"padding:5px;\" class=\"fusion-grid-column fusion-gallery-column fusion-gallery-column-3 hover-type-none\"><div class=\"fusion-gallery-image\"><a href=\"https:\/\/www.mpal.mp.br\/wp-content\/uploads\/2026\/03\/6N6A1198-1.jpg\" rel=\"noreferrer\" data-rel=\"iLightbox[gallery_image_1]\" class=\"fusion-lightbox\" target=\"_self\"><img loading=\"lazy\" decoding=\"async\" src=\"https:\/\/www.mpal.mp.br\/wp-content\/uploads\/2026\/03\/6N6A1198-1.jpg\" width=\"1620\" height=\"1080\" alt=\"\" title=\"6N6A1198 (1)\" aria-label=\"6N6A1198 (1)\" class=\"img-responsive wp-image-67202\" \/><\/a><\/div><\/div><div class=\"clearfix\"><\/div><div style=\"padding:5px;\" class=\"fusion-grid-column fusion-gallery-column fusion-gallery-column-3 hover-type-none\"><div class=\"fusion-gallery-image\"><a href=\"https:\/\/www.mpal.mp.br\/wp-content\/uploads\/2026\/03\/6N6A1203-3.jpg\" rel=\"noreferrer\" data-rel=\"iLightbox[gallery_image_1]\" class=\"fusion-lightbox\" target=\"_self\"><img loading=\"lazy\" decoding=\"async\" src=\"https:\/\/www.mpal.mp.br\/wp-content\/uploads\/2026\/03\/6N6A1203-3.jpg\" width=\"1620\" height=\"1080\" alt=\"\" title=\"6N6A1203 (3)\" aria-label=\"6N6A1203 (3)\" class=\"img-responsive wp-image-67203\" \/><\/a><\/div><\/div><div style=\"padding:5px;\" class=\"fusion-grid-column fusion-gallery-column fusion-gallery-column-3 hover-type-none\"><div class=\"fusion-gallery-image\"><a href=\"https:\/\/www.mpal.mp.br\/wp-content\/uploads\/2026\/03\/6N6A1209.jpg\" rel=\"noreferrer\" data-rel=\"iLightbox[gallery_image_1]\" class=\"fusion-lightbox\" target=\"_self\"><img loading=\"lazy\" decoding=\"async\" src=\"https:\/\/www.mpal.mp.br\/wp-content\/uploads\/2026\/03\/6N6A1209.jpg\" width=\"1620\" height=\"1080\" alt=\"\" title=\"6N6A1209\" aria-label=\"6N6A1209\" class=\"img-responsive wp-image-67205\" \/><\/a><\/div><\/div><div style=\"padding:5px;\" class=\"fusion-grid-column fusion-gallery-column fusion-gallery-column-3 hover-type-none\"><div class=\"fusion-gallery-image\"><a href=\"https:\/\/www.mpal.mp.br\/wp-content\/uploads\/2026\/03\/6N6A1211.jpg\" rel=\"noreferrer\" data-rel=\"iLightbox[gallery_image_1]\" class=\"fusion-lightbox\" target=\"_self\"><img loading=\"lazy\" decoding=\"async\" src=\"https:\/\/www.mpal.mp.br\/wp-content\/uploads\/2026\/03\/6N6A1211.jpg\" width=\"1620\" height=\"1080\" alt=\"\" title=\"6N6A1211\" aria-label=\"6N6A1211\" class=\"img-responsive wp-image-67206\" \/><\/a><\/div><\/div><div class=\"clearfix\"><\/div><div style=\"padding:5px;\" class=\"fusion-grid-column fusion-gallery-column fusion-gallery-column-3 hover-type-none\"><div class=\"fusion-gallery-image\"><a href=\"https:\/\/www.mpal.mp.br\/wp-content\/uploads\/2026\/03\/6N6A1220.jpg\" rel=\"noreferrer\" data-rel=\"iLightbox[gallery_image_1]\" class=\"fusion-lightbox\" target=\"_self\"><img loading=\"lazy\" decoding=\"async\" src=\"https:\/\/www.mpal.mp.br\/wp-content\/uploads\/2026\/03\/6N6A1220.jpg\" width=\"1620\" height=\"1080\" alt=\"\" title=\"6N6A1220\" aria-label=\"6N6A1220\" class=\"img-responsive wp-image-67207\" \/><\/a><\/div><\/div><div style=\"padding:5px;\" class=\"fusion-grid-column fusion-gallery-column fusion-gallery-column-3 hover-type-none\"><div class=\"fusion-gallery-image\"><a href=\"https:\/\/www.mpal.mp.br\/wp-content\/uploads\/2026\/03\/6N6A1225-1.jpg\" rel=\"noreferrer\" data-rel=\"iLightbox[gallery_image_1]\" class=\"fusion-lightbox\" target=\"_self\"><img loading=\"lazy\" decoding=\"async\" src=\"https:\/\/www.mpal.mp.br\/wp-content\/uploads\/2026\/03\/6N6A1225-1.jpg\" width=\"1620\" height=\"1080\" alt=\"\" title=\"6N6A1225 (1)\" aria-label=\"6N6A1225 (1)\" class=\"img-responsive wp-image-67208\" \/><\/a><\/div><\/div><div style=\"padding:5px;\" class=\"fusion-grid-column fusion-gallery-column fusion-gallery-column-3 hover-type-none\"><div class=\"fusion-gallery-image\"><a href=\"https:\/\/www.mpal.mp.br\/wp-content\/uploads\/2026\/03\/6N6A1227-1.jpg\" rel=\"noreferrer\" data-rel=\"iLightbox[gallery_image_1]\" class=\"fusion-lightbox\" target=\"_self\"><img loading=\"lazy\" decoding=\"async\" src=\"https:\/\/www.mpal.mp.br\/wp-content\/uploads\/2026\/03\/6N6A1227-1.jpg\" width=\"1620\" height=\"1080\" alt=\"\" title=\"6N6A1227 (1)\" aria-label=\"6N6A1227 (1)\" class=\"img-responsive wp-image-67209\" \/><\/a><\/div><\/div><div class=\"clearfix\"><\/div><div style=\"padding:5px;\" class=\"fusion-grid-column fusion-gallery-column fusion-gallery-column-3 hover-type-none\"><div class=\"fusion-gallery-image\"><a href=\"https:\/\/www.mpal.mp.br\/wp-content\/uploads\/2026\/03\/6N6A1233.jpg\" rel=\"noreferrer\" data-rel=\"iLightbox[gallery_image_1]\" class=\"fusion-lightbox\" target=\"_self\"><img loading=\"lazy\" decoding=\"async\" src=\"https:\/\/www.mpal.mp.br\/wp-content\/uploads\/2026\/03\/6N6A1233.jpg\" width=\"1620\" height=\"1080\" alt=\"\" title=\"6N6A1233\" aria-label=\"6N6A1233\" class=\"img-responsive wp-image-67210\" \/><\/a><\/div><\/div><div style=\"padding:5px;\" class=\"fusion-grid-column fusion-gallery-column fusion-gallery-column-3 hover-type-none\"><div class=\"fusion-gallery-image\"><a href=\"https:\/\/www.mpal.mp.br\/wp-content\/uploads\/2026\/03\/6N6A1236-1.jpg\" rel=\"noreferrer\" data-rel=\"iLightbox[gallery_image_1]\" class=\"fusion-lightbox\" target=\"_self\"><img loading=\"lazy\" decoding=\"async\" src=\"https:\/\/www.mpal.mp.br\/wp-content\/uploads\/2026\/03\/6N6A1236-1.jpg\" width=\"1620\" height=\"1080\" alt=\"\" title=\"6N6A1236 (1)\" aria-label=\"6N6A1236 (1)\" class=\"img-responsive wp-image-67211\" \/><\/a><\/div><\/div><div style=\"padding:5px;\" class=\"fusion-grid-column fusion-gallery-column fusion-gallery-column-3 hover-type-none\"><div class=\"fusion-gallery-image\"><a href=\"https:\/\/www.mpal.mp.br\/wp-content\/uploads\/2026\/03\/6N6A1244-1.jpg\" rel=\"noreferrer\" data-rel=\"iLightbox[gallery_image_1]\" class=\"fusion-lightbox\" target=\"_self\"><img loading=\"lazy\" decoding=\"async\" src=\"https:\/\/www.mpal.mp.br\/wp-content\/uploads\/2026\/03\/6N6A1244-1.jpg\" width=\"1620\" height=\"1080\" alt=\"\" title=\"6N6A1244 (1)\" aria-label=\"6N6A1244 (1)\" class=\"img-responsive wp-image-67213\" \/><\/a><\/div><\/div><div class=\"clearfix\"><\/div><\/div><div class=\"fusion-clearfix\"><\/div>\n\n\t\t\t\t\t<\/div>\n\t\t\t\t<\/div><\/div><\/div>\n","protected":false},"excerpt":{"rendered":"","protected":false},"author":17,"featured_media":67213,"comment_status":"open","ping_status":"open","sticky":false,"template":"","format":"standard","meta":{"om_disable_all_campaigns":false,"_monsterinsights_skip_tracking":false,"_monsterinsights_sitenote_active":false,"_monsterinsights_sitenote_note":"","_monsterinsights_sitenote_category":0,"_uf_show_specific_survey":0,"_uf_disable_surveys":false,"footnotes":""},"categories":[2],"tags":[],"class_list":["post-67214","post","type-post","status-publish","format-standard","has-post-thumbnail","hentry","category-not_mpal"],"aioseo_notices":[],"_links":{"self":[{"href":"https:\/\/www.mpal.mp.br\/index.php?rest_route=\/wp\/v2\/posts\/67214","targetHints":{"allow":["GET"]}}],"collection":[{"href":"https:\/\/www.mpal.mp.br\/index.php?rest_route=\/wp\/v2\/posts"}],"about":[{"href":"https:\/\/www.mpal.mp.br\/index.php?rest_route=\/wp\/v2\/types\/post"}],"author":[{"embeddable":true,"href":"https:\/\/www.mpal.mp.br\/index.php?rest_route=\/wp\/v2\/users\/17"}],"replies":[{"embeddable":true,"href":"https:\/\/www.mpal.mp.br\/index.php?rest_route=%2Fwp%2Fv2%2Fcomments&post=67214"}],"version-history":[{"count":4,"href":"https:\/\/www.mpal.mp.br\/index.php?rest_route=\/wp\/v2\/posts\/67214\/revisions"}],"predecessor-version":[{"id":67242,"href":"https:\/\/www.mpal.mp.br\/index.php?rest_route=\/wp\/v2\/posts\/67214\/revisions\/67242"}],"wp:featuredmedia":[{"embeddable":true,"href":"https:\/\/www.mpal.mp.br\/index.php?rest_route=\/wp\/v2\/media\/67213"}],"wp:attachment":[{"href":"https:\/\/www.mpal.mp.br\/index.php?rest_route=%2Fwp%2Fv2%2Fmedia&parent=67214"}],"wp:term":[{"taxonomy":"category","embeddable":true,"href":"https:\/\/www.mpal.mp.br\/index.php?rest_route=%2Fwp%2Fv2%2Fcategories&post=67214"},{"taxonomy":"post_tag","embeddable":true,"href":"https:\/\/www.mpal.mp.br\/index.php?rest_route=%2Fwp%2Fv2%2Ftags&post=67214"}],"curies":[{"name":"wp","href":"https:\/\/api.w.org\/{rel}","templated":true}]}}