{"id":67158,"date":"2026-03-06T14:46:33","date_gmt":"2026-03-06T17:46:33","guid":{"rendered":"https:\/\/www.mpal.mp.br\/?p=67158"},"modified":"2026-03-06T14:46:33","modified_gmt":"2026-03-06T17:46:33","slug":"promotoria-de-justica-de-coruripe-fiscaliza-creas-e-casa-de-acolhimento-para-fortalecer-protecao-a-criancas-e-adolescentes","status":"publish","type":"post","link":"https:\/\/www.mpal.mp.br\/?p=67158","title":{"rendered":"Promotoria de Justi\u00e7a de Coruripe fiscaliza CREAS e casa de acolhimento para fortalecer prote\u00e7\u00e3o a crian\u00e7as e adolescentes"},"content":{"rendered":"<p style=\"text-align: justify;\" align=\"justify\"><span style=\"font-family: helvetica, arial, sans-serif; font-size: 12pt;\">Refor\u00e7ando seu papel constitucional de defesa dos direitos da inf\u00e2ncia e da juventude, o Minist\u00e9rio P\u00fablico do Estado de Alagoas (MPAL), por meio da 1\u00aa Promotoria de Justi\u00e7a de Coruripe, realizou, nesta sexta-feira (06), inspe\u00e7\u00e3o institucional no Centro de Refer\u00eancia Especializado de Assist\u00eancia Social (CREAS) e na casa de acolhimento destinada a crian\u00e7as e adolescentes no munic\u00edpio.<\/span><\/p>\n<p style=\"text-align: justify;\" align=\"justify\"><span style=\"font-family: helvetica, arial, sans-serif; font-size: 12pt;\">A a\u00e7\u00e3o foi conduzida pelo promotor de Justi\u00e7a Leonardo Novaes Bastos, titular da 1\u00aa Promotoria de Justi\u00e7a de Coruripe, acompanhado pela equipe multidisciplinar do Minist\u00e9rio P\u00fablico, composta por psic\u00f3loga e assistente social. A visita teve como objetivo verificar o funcionamento dos servi\u00e7os e acompanhar a execu\u00e7\u00e3o das pol\u00edticas p\u00fablicas voltadas \u00e0 prote\u00e7\u00e3o de crian\u00e7as e adolescentes.<\/span><\/p>\n<p style=\"text-align: justify;\" align=\"justify\"><span style=\"font-family: helvetica, arial, sans-serif; font-size: 12pt;\">Durante a inspe\u00e7\u00e3o no CREAS, foram analisados procedimentos relacionados \u00e0 execu\u00e7\u00e3o das medidas socioeducativas em meio aberto, como liberdade assistida e presta\u00e7\u00e3o de servi\u00e7os \u00e0 comunidade. A Promotoria avaliou ainda a forma de acompanhamento dos adolescentes atendidos, bem como a articula\u00e7\u00e3o do equipamento com os demais \u00f3rg\u00e3os que integram a rede municipal de prote\u00e7\u00e3o.<\/span><\/p>\n<p style=\"text-align: justify;\" align=\"justify\"><span style=\"font-family: helvetica, arial, sans-serif; font-size: 12pt;\">Na casa de acolhimento institucional, o Minist\u00e9rio P\u00fablico verificou as condi\u00e7\u00f5es estruturais do espa\u00e7o, a capacidade de atendimento, a organiza\u00e7\u00e3o do servi\u00e7o e as rotinas de acompanhamento t\u00e9cnico das crian\u00e7as e adolescentes acolhidos. Tamb\u00e9m foram observados aspectos relacionados \u00e0 qualidade do atendimento prestado e \u00e0 integra\u00e7\u00e3o da unidade com a rede de prote\u00e7\u00e3o social do munic\u00edpio.<\/span><\/p>\n<p style=\"text-align: justify;\" align=\"justify\"><span style=\"font-family: helvetica, arial, sans-serif; font-size: 12pt;\">As inspe\u00e7\u00f5es fazem parte da atua\u00e7\u00e3o permanente do Minist\u00e9rio P\u00fablico na fiscaliza\u00e7\u00e3o de pol\u00edticas p\u00fablicas destinadas \u00e0 inf\u00e2ncia e juventude, conforme previsto no Estatuto da Crian\u00e7a e do Adolescente (ECA) e em resolu\u00e7\u00f5es do Conselho Nacional do Minist\u00e9rio P\u00fablico (CNMP) que orientam o acompanhamento das medidas socioeducativas e dos servi\u00e7os de acolhimento institucional.<\/span><\/p>\n<p style=\"text-align: justify;\" align=\"justify\"><span style=\"font-family: helvetica, arial, sans-serif; font-size: 12pt;\">De acordo com o promotor de Justi\u00e7a Leonardo Novaes Bastos, a presen\u00e7a do Minist\u00e9rio P\u00fablico nos equipamentos da rede de prote\u00e7\u00e3o \u00e9 essencial para assegurar que crian\u00e7as e adolescentes tenham seus direitos respeitados. \u201cO contato direto do Minist\u00e9rio P\u00fablico com os servi\u00e7os e com os profissionais que atuam na rede de prote\u00e7\u00e3o permite acompanhar de perto a execu\u00e7\u00e3o das pol\u00edticas p\u00fablicas. Essa atua\u00e7\u00e3o fiscalizat\u00f3ria e de di\u00e1logo permanente \u00e9 fundamental para garantir que crian\u00e7as e adolescentes recebam o atendimento adequado e tenham seus direitos efetivamente assegurados\u201d, destacou ele.<\/span><\/p>\n<p style=\"text-align: justify;\" align=\"justify\"><span style=\"font-family: helvetica, arial, sans-serif; font-size: 12pt;\">A 1\u00aa Promotoria de Justi\u00e7a de Coruripe informou que continuar\u00e1 realizando inspe\u00e7\u00f5es peri\u00f3dicas nos equipamentos da rede municipal de atendimento, de modo a aprimorar o acompanhamento das pol\u00edticas p\u00fablicas e a prote\u00e7\u00e3o integral de crian\u00e7as e adolescentes.<\/span><\/p>\n<p align=\"justify\">\n","protected":false},"excerpt":{"rendered":"<p> [&hellip;]<\/p>\n","protected":false},"author":17,"featured_media":67157,"comment_status":"open","ping_status":"open","sticky":false,"template":"","format":"standard","meta":{"om_disable_all_campaigns":false,"_monsterinsights_skip_tracking":false,"_monsterinsights_sitenote_active":false,"_monsterinsights_sitenote_note":"","_monsterinsights_sitenote_category":0,"_uf_show_specific_survey":0,"_uf_disable_surveys":false,"footnotes":""},"categories":[2],"tags":[],"class_list":["post-67158","post","type-post","status-publish","format-standard","has-post-thumbnail","hentry","category-not_mpal"],"aioseo_notices":[],"_links":{"self":[{"href":"https:\/\/www.mpal.mp.br\/index.php?rest_route=\/wp\/v2\/posts\/67158","targetHints":{"allow":["GET"]}}],"collection":[{"href":"https:\/\/www.mpal.mp.br\/index.php?rest_route=\/wp\/v2\/posts"}],"about":[{"href":"https:\/\/www.mpal.mp.br\/index.php?rest_route=\/wp\/v2\/types\/post"}],"author":[{"embeddable":true,"href":"https:\/\/www.mpal.mp.br\/index.php?rest_route=\/wp\/v2\/users\/17"}],"replies":[{"embeddable":true,"href":"https:\/\/www.mpal.mp.br\/index.php?rest_route=%2Fwp%2Fv2%2Fcomments&post=67158"}],"version-history":[{"count":2,"href":"https:\/\/www.mpal.mp.br\/index.php?rest_route=\/wp\/v2\/posts\/67158\/revisions"}],"predecessor-version":[{"id":67160,"href":"https:\/\/www.mpal.mp.br\/index.php?rest_route=\/wp\/v2\/posts\/67158\/revisions\/67160"}],"wp:featuredmedia":[{"embeddable":true,"href":"https:\/\/www.mpal.mp.br\/index.php?rest_route=\/wp\/v2\/media\/67157"}],"wp:attachment":[{"href":"https:\/\/www.mpal.mp.br\/index.php?rest_route=%2Fwp%2Fv2%2Fmedia&parent=67158"}],"wp:term":[{"taxonomy":"category","embeddable":true,"href":"https:\/\/www.mpal.mp.br\/index.php?rest_route=%2Fwp%2Fv2%2Fcategories&post=67158"},{"taxonomy":"post_tag","embeddable":true,"href":"https:\/\/www.mpal.mp.br\/index.php?rest_route=%2Fwp%2Fv2%2Ftags&post=67158"}],"curies":[{"name":"wp","href":"https:\/\/api.w.org\/{rel}","templated":true}]}}