{"id":67149,"date":"2026-03-06T13:43:30","date_gmt":"2026-03-06T16:43:30","guid":{"rendered":"https:\/\/www.mpal.mp.br\/?p=67149"},"modified":"2026-03-06T13:43:30","modified_gmt":"2026-03-06T16:43:30","slug":"apos-acao-anulatoria-do-mpal-eleicao-da-mesa-diretora-da-camara-de-palmeira-dos-indios-tem-data-marcada-pela-justica","status":"publish","type":"post","link":"https:\/\/www.mpal.mp.br\/?p=67149","title":{"rendered":"Ap\u00f3s a\u00e7\u00e3o anulat\u00f3ria do MPAL, elei\u00e7\u00e3o da Mesa Diretora da C\u00e2mara de Palmeira dos \u00cdndios tem data marcada pela Justi\u00e7a"},"content":{"rendered":"<p align=\"justify\"><span style=\"font-family: helvetica, arial, sans-serif;\"><span style=\"color: #0f172a;\"><span style=\"font-size: large;\">O Minist\u00e9rio P\u00fablico do Estado de Alagoas (MPAL), por meio da 2\u00aa Promotoria de Justi\u00e7a de Palmeira dos \u00cdndios, <\/span><\/span><span style=\"color: #0f172a;\"><span style=\"font-size: large;\">havia <\/span><\/span><span style=\"color: #0f172a;\"><span style=\"font-size: large;\">ajuiz<\/span><\/span><span style=\"color: #0f172a;\"><span style=\"font-size: large;\">ado <\/span><\/span><span style=\"color: #0f172a;\"><span style=\"font-size: large;\">a\u00e7\u00e3o anulat\u00f3ria para <\/span><\/span><span style=\"color: #0f172a;\"><span style=\"font-size: large;\">que <\/span><\/span><span style=\"color: #0f172a;\"><span style=\"font-size: large;\"> a elei\u00e7\u00e3o de recondu\u00e7\u00e3o da Mesa Diretora da C\u00e2mara Municipal, para o bi\u00eanio 2027\/2028, realizada em 21 de fevereiro de <\/span><\/span><span style=\"color: #0f172a;\"><span style=\"font-size: large;\">202<\/span><\/span><span style=\"color: #0f172a;\"><span style=\"font-size: large;\">5<\/span><\/span><span style=\"color: #0f172a;\"><span style=\"font-size: large;\">, <\/span><\/span><span style=\"color: #0f172a;\"><span style=\"font-size: large;\">considerada inconstitucional, <\/span><\/span><span style=\"color: #0f172a;\"><span style=\"font-size: large;\">fosse anulada. A medida judicial <\/span><\/span><span style=\"color: #0f172a;\"><span style=\"font-size: large;\">foi de iniciativa d<\/span><\/span><span style=\"color: #0f172a;\"><span style=\"font-size: large;\">o promotor de Justi\u00e7a Ricardo Lib\u00f3rio, titular <\/span><\/span><span style=\"color: #0f172a;\"><span style=\"font-size: large;\">da mencionada unidade ministerial. A <\/span><\/span><span style=\"color: #0f172a;\"><span style=\"font-size: large;\">Justi\u00e7a acatou <\/span><\/span><span style=\"color: #0f172a;\"><span style=\"font-size: large;\">o pedido de antecipa\u00e7\u00e3o de tutela, anulou a elei\u00e7\u00e3o em decis\u00e3o liminar, <\/span><\/span><span style=\"color: #0f172a;\"><span style=\"font-size: large;\">e em recente senten\u00e7a determinou que o pleito ocorra a partir de outubro do corrente ano, sob pena de multa de R$ 200 mil em caso de descumprimento.<\/span><\/span><\/span><\/p>\n<p align=\"justify\"><span style=\"color: #0f172a; font-family: helvetica, arial, sans-serif;\"><span style=\"font-size: large;\">A ju\u00edza Gabriela Dantas julgou totalmente procedente a a\u00e7\u00e3o civil proposta pelo MPAL, declarando a inconstitucionalidade da nova reda\u00e7\u00e3o do art. 9\u00ba, \u00a7 1\u00ba, do Regimento Interno da C\u00e2mara de Vereadores, por meio da Resolu\u00e7\u00e3o ] 488\/2025. Para a magistrada, de fato, viola os princ\u00edpios republicano e democr\u00e1tico e o crit\u00e9rio da contemporaneidade entre elei\u00e7\u00e3o e mandato. <\/span><\/span><\/p>\n<p align=\"justify\"><span style=\"font-family: helvetica, arial, sans-serif;\"><span style=\"color: #0f172a;\"><span style=\"font-size: large;\">Para que a elei\u00e7\u00e3o aconte\u00e7a dentro da legalidade, em conformidade com o crit\u00e9rio de contemporaneidade que prega o Supremo Tribunal Federal, o Poder Judici\u00e1rio determinou <\/span><\/span><span style=\"color: #0f172a;\"><span style=\"font-size: large;\">q<\/span><\/span><span style=\"color: #0f172a;\"><span style=\"font-size: large;\">ue o novo pleito aconte\u00e7a tr\u00eas meses antes do t\u00e9rmino do bi\u00eanio 2025-2026. Tamb\u00e9m tornou definitiva a tutela de urg\u00eancia anteriormente deferida, mantendo a suspens\u00e3o de todos os efeitos da elei\u00e7\u00e3o anulada at\u00e9 o pr\u00f3ximo pleito.<\/span><\/span><\/span><\/p>\n<p align=\"justify\">Foto: Arquivo C\u00e2mara<\/p>\n","protected":false},"excerpt":{"rendered":"<p> [&hellip;]<\/p>\n","protected":false},"author":8,"featured_media":67152,"comment_status":"open","ping_status":"open","sticky":false,"template":"","format":"standard","meta":{"om_disable_all_campaigns":false,"_monsterinsights_skip_tracking":false,"_monsterinsights_sitenote_active":false,"_monsterinsights_sitenote_note":"","_monsterinsights_sitenote_category":0,"_uf_show_specific_survey":0,"_uf_disable_surveys":false,"footnotes":""},"categories":[2],"tags":[],"class_list":["post-67149","post","type-post","status-publish","format-standard","has-post-thumbnail","hentry","category-not_mpal"],"aioseo_notices":[],"_links":{"self":[{"href":"https:\/\/www.mpal.mp.br\/index.php?rest_route=\/wp\/v2\/posts\/67149","targetHints":{"allow":["GET"]}}],"collection":[{"href":"https:\/\/www.mpal.mp.br\/index.php?rest_route=\/wp\/v2\/posts"}],"about":[{"href":"https:\/\/www.mpal.mp.br\/index.php?rest_route=\/wp\/v2\/types\/post"}],"author":[{"embeddable":true,"href":"https:\/\/www.mpal.mp.br\/index.php?rest_route=\/wp\/v2\/users\/8"}],"replies":[{"embeddable":true,"href":"https:\/\/www.mpal.mp.br\/index.php?rest_route=%2Fwp%2Fv2%2Fcomments&post=67149"}],"version-history":[{"count":1,"href":"https:\/\/www.mpal.mp.br\/index.php?rest_route=\/wp\/v2\/posts\/67149\/revisions"}],"predecessor-version":[{"id":67154,"href":"https:\/\/www.mpal.mp.br\/index.php?rest_route=\/wp\/v2\/posts\/67149\/revisions\/67154"}],"wp:featuredmedia":[{"embeddable":true,"href":"https:\/\/www.mpal.mp.br\/index.php?rest_route=\/wp\/v2\/media\/67152"}],"wp:attachment":[{"href":"https:\/\/www.mpal.mp.br\/index.php?rest_route=%2Fwp%2Fv2%2Fmedia&parent=67149"}],"wp:term":[{"taxonomy":"category","embeddable":true,"href":"https:\/\/www.mpal.mp.br\/index.php?rest_route=%2Fwp%2Fv2%2Fcategories&post=67149"},{"taxonomy":"post_tag","embeddable":true,"href":"https:\/\/www.mpal.mp.br\/index.php?rest_route=%2Fwp%2Fv2%2Ftags&post=67149"}],"curies":[{"name":"wp","href":"https:\/\/api.w.org\/{rel}","templated":true}]}}