{"id":67145,"date":"2026-03-06T13:35:53","date_gmt":"2026-03-06T16:35:53","guid":{"rendered":"https:\/\/www.mpal.mp.br\/?p=67145"},"modified":"2026-03-06T13:53:16","modified_gmt":"2026-03-06T16:53:16","slug":"mpal-participa-do-primeiro-mutirao-justica-pela-paz-em-casa-de-2026-para-reforcar-combate-a-violencia-domestica","status":"publish","type":"post","link":"https:\/\/www.mpal.mp.br\/?p=67145","title":{"rendered":"MPAL mobiliza 17 promotores de Justi\u00e7a em mutir\u00e3o de combate \u00e0 viol\u00eancia dom\u00e9stica no Justi\u00e7a pela Paz em Casa"},"content":{"rendered":"<p align=\"justify\"><span style=\"font-family: helvetica, arial, sans-serif; font-size: 12pt;\">O Minist\u00e9rio P\u00fablico do Estado de Alagoas (MPAL) participar\u00e1 de mais uma edi\u00e7\u00e3o do Programa Justi\u00e7a pela Paz em Casa, iniciativa do Poder Judici\u00e1rio voltada \u00e0 intensifica\u00e7\u00e3o do julgamento e da tramita\u00e7\u00e3o de processos relacionados \u00e0 viol\u00eancia dom\u00e9stica e familiar contra a mulher. Esta ser\u00e1 a primeira edi\u00e7\u00e3o do mutir\u00e3o em 2026, que contar\u00e1 com a realiza\u00e7\u00e3o de 237 audi\u00eancias e ocorrer\u00e1 entre os dias 9 e 13 de mar\u00e7o, nos Juizados de Viol\u00eancia Dom\u00e9stica da Capital.<\/span><\/p>\n<p align=\"justify\"><span style=\"font-family: helvetica, arial, sans-serif; font-size: 12pt;\">Durante a mobiliza\u00e7\u00e3o, o MPAL contar\u00e1 com a atua\u00e7\u00e3o de 17 promotores de Justi\u00e7a, designados por meio de portarias assinadas pelo procurador-geral de Justi\u00e7a, Lean Ara\u00fajo. \u201cA participa\u00e7\u00e3o do Minist\u00e9rio P\u00fablico busca fortalecer a atua\u00e7\u00e3o institucional na responsabiliza\u00e7\u00e3o dos agressores e na garantia da prote\u00e7\u00e3o \u00e0s mulheres v\u00edtimas de viol\u00eancia\u201d, disse ele.<\/span><\/p>\n<p align=\"justify\"><span style=\"font-family: helvetica, arial, sans-serif; font-size: 12pt;\">No 1\u00ba Juizado de Viol\u00eancia Dom\u00e9stica da Capital, participar\u00e3o do mutir\u00e3o os promotores Cl\u00e1udio Luiz Galv\u00e3o Malta, Ana Cec\u00edlia de Morais e Silva Dantas, M\u00e1rcio Jos\u00e9 D\u00f3ria da Cunha, Shanya Maria de Esp\u00edndola Dantas, Dalva Vanderlei Ten\u00f3rio, Louise Maria Teixeira da Silva, Leonardo Novaes Bastos, Mar\u00edlia Cerqueira Lima, Lav\u00ednia Silveira de Mendon\u00e7a Fragoso, Rodrigo Ferreira Lavor Rodrigues da Cruz, Hylza Paiva Torres de Castro e Jheise de F\u00e1tima Lima da Gama. L\u00e1, ocorrer\u00e3o 85 audi\u00eancias.<\/span><\/p>\n<p align=\"justify\"><span style=\"font-family: helvetica, arial, sans-serif; font-size: 12pt;\">J\u00e1 no 2\u00ba Juizado de Viol\u00eancia Dom\u00e9stica da Capital, atuar\u00e3o os promotores Magno Alexandre Ferreira Moura, Ad\u00e9zia Lima de Carvalho, Kleber Valadares Coelho J\u00fanior, Guilherme Diamantaras de Figueiredo e Elo\u00e1 de Carvalho Melo, em 102 processos.\u00a0<\/span><\/p>\n<p align=\"justify\"><span style=\"font-family: helvetica, arial, sans-serif; font-size: 12pt;\">A iniciativa faz parte do Programa Justi\u00e7a pela Paz em Casa, criada pelo Conselho Nacional de Justi\u00e7a (CNJ) para dar maior celeridade aos processos envolvendo viol\u00eancia dom\u00e9stica e familiar e fortalecer a rede de prote\u00e7\u00e3o \u00e0s mulheres. A mobiliza\u00e7\u00e3o ocorre tr\u00eas vezes por ano, normalmente nos meses de mar\u00e7o, agosto e novembro, reunindo magistrados, promotores de Justi\u00e7a, defensores p\u00fablicos e demais profissionais do sistema de justi\u00e7a.<\/span><\/p>\n<p align=\"justify\"><span style=\"font-family: helvetica, arial, sans-serif; font-size: 12pt;\">Para o Minist\u00e9rio P\u00fablico, a participa\u00e7\u00e3o nesses mutir\u00f5es \u00e9 uma estrat\u00e9gia importante para ampliar a resposta institucional diante de um dos problemas sociais mais graves do pa\u00eds. \u201cA atua\u00e7\u00e3o dos promotores contribui para acelerar julgamentos, refor\u00e7ar a aplica\u00e7\u00e3o das medidas protetivas e garantir que os casos de viol\u00eancia dom\u00e9stica recebam a prioridade necess\u00e1ria dentro do sistema de justi\u00e7a\u201d, declarou a promotora de Ad\u00e9zia Lima de Carvalho, titular da 35\u00aa Promotoria de Justi\u00e7a.<\/span><\/p>\n<p align=\"justify\"><span style=\"font-family: helvetica, arial, sans-serif; font-size: 12pt;\">O mutir\u00e3o ocorrer\u00e1 na sede dos Juizados de Combate \u00e0 Viol\u00eancia Dom\u00e9stica, localizado no Centro de Macei\u00f3, entre os dias 9 e 13 de mar\u00e7o, a partir das 8h30.<\/span><\/p>\n<p align=\"justify\">\n","protected":false},"excerpt":{"rendered":"<p> [&hellip;]<\/p>\n","protected":false},"author":17,"featured_media":21991,"comment_status":"open","ping_status":"open","sticky":false,"template":"","format":"standard","meta":{"om_disable_all_campaigns":false,"_monsterinsights_skip_tracking":false,"_monsterinsights_sitenote_active":false,"_monsterinsights_sitenote_note":"","_monsterinsights_sitenote_category":0,"_uf_show_specific_survey":0,"_uf_disable_surveys":false,"footnotes":""},"categories":[2],"tags":[],"class_list":["post-67145","post","type-post","status-publish","format-standard","has-post-thumbnail","hentry","category-not_mpal"],"aioseo_notices":[],"_links":{"self":[{"href":"https:\/\/www.mpal.mp.br\/index.php?rest_route=\/wp\/v2\/posts\/67145","targetHints":{"allow":["GET"]}}],"collection":[{"href":"https:\/\/www.mpal.mp.br\/index.php?rest_route=\/wp\/v2\/posts"}],"about":[{"href":"https:\/\/www.mpal.mp.br\/index.php?rest_route=\/wp\/v2\/types\/post"}],"author":[{"embeddable":true,"href":"https:\/\/www.mpal.mp.br\/index.php?rest_route=\/wp\/v2\/users\/17"}],"replies":[{"embeddable":true,"href":"https:\/\/www.mpal.mp.br\/index.php?rest_route=%2Fwp%2Fv2%2Fcomments&post=67145"}],"version-history":[{"count":7,"href":"https:\/\/www.mpal.mp.br\/index.php?rest_route=\/wp\/v2\/posts\/67145\/revisions"}],"predecessor-version":[{"id":67155,"href":"https:\/\/www.mpal.mp.br\/index.php?rest_route=\/wp\/v2\/posts\/67145\/revisions\/67155"}],"wp:featuredmedia":[{"embeddable":true,"href":"https:\/\/www.mpal.mp.br\/index.php?rest_route=\/wp\/v2\/media\/21991"}],"wp:attachment":[{"href":"https:\/\/www.mpal.mp.br\/index.php?rest_route=%2Fwp%2Fv2%2Fmedia&parent=67145"}],"wp:term":[{"taxonomy":"category","embeddable":true,"href":"https:\/\/www.mpal.mp.br\/index.php?rest_route=%2Fwp%2Fv2%2Fcategories&post=67145"},{"taxonomy":"post_tag","embeddable":true,"href":"https:\/\/www.mpal.mp.br\/index.php?rest_route=%2Fwp%2Fv2%2Ftags&post=67145"}],"curies":[{"name":"wp","href":"https:\/\/api.w.org\/{rel}","templated":true}]}}