{"id":67142,"date":"2026-03-09T09:00:06","date_gmt":"2026-03-09T12:00:06","guid":{"rendered":"https:\/\/www.mpal.mp.br\/?p=67142"},"modified":"2026-03-10T09:23:02","modified_gmt":"2026-03-10T12:23:02","slug":"comeca-hoje-a-operacao-caatinga-resiste-acao-nacional-contra-o-desmatamento-no-semiarido-brasileiro","status":"publish","type":"post","link":"https:\/\/www.mpal.mp.br\/?p=67142","title":{"rendered":"Come\u00e7a hoje a Opera\u00e7\u00e3o Caatinga Resiste, a\u00e7\u00e3o nacional contra o desmatamento no semi\u00e1rido brasileiro"},"content":{"rendered":"<p style=\"text-align: justify;\" align=\"justify\"><span style=\"font-family: helvetica, arial, sans-serif; font-size: 12pt;\">Come\u00e7a nesta segunda-feira (9\/04) a Opera\u00e7\u00e3o Caatinga Resiste, uma a\u00e7\u00e3o nacional de fiscaliza\u00e7\u00e3o ambiental voltada ao enfrentamento do desmatamento ilegal no bioma Caatinga. A opera\u00e7\u00e3o segue at\u00e9 o dia 19 de mar\u00e7o de 2026 e mobiliza Minist\u00e9rios P\u00fablicos, \u00f3rg\u00e3os ambientais, for\u00e7as de fiscaliza\u00e7\u00e3o e policiais dos estados de Alagoas, Bahia, Cear\u00e1, Para\u00edba, Pernambuco, Piau\u00ed, Rio Grande do Norte, Sergipe e Minas Gerais.<\/span><\/p>\n<p style=\"text-align: justify;\" align=\"justify\"><span style=\"font-family: helvetica, arial, sans-serif; font-size: 12pt;\">A opera\u00e7\u00e3o integra o projeto Caatinga Resiste da <span style=\"color: #474747;\">Associa\u00e7\u00e3o Brasileira dos Membros do Minist\u00e9rio P\u00fablico de Meio Ambiente<\/span> (Abrampa), com coordena\u00e7\u00e3o nacional do Minist\u00e9rio P\u00fablico de Sergipe (MPSE), e participa\u00e7\u00e3o dos Minist\u00e9rios P\u00fablicos estaduais envolvidos. Os alvos s\u00e3o propriedades privadas com \u00e1reas desmatadas de forma irregular, sem autoriza\u00e7\u00e3o de supress\u00e3o de vegeta\u00e7\u00e3o. <\/span><\/p>\n<p style=\"text-align: justify;\" align=\"justify\"><span style=\"font-family: helvetica, arial, sans-serif; font-size: 12pt;\">A iniciativa ocorre em um contexto de alerta permanente. Apesar da redu\u00e7\u00e3o de 9% no desmatamento em 2025 (em rela\u00e7\u00e3o ao ano anterior), segundo dados do sistema Deter, do Instituto Nacional de Pesquisas Espaciais (INPE), o bioma segue entre os mais amea\u00e7ados do pa\u00eds, com elevados \u00edndices de supress\u00e3o ilegal, aumento do desmatamento em \u00e1reas remanescentes e importantes para a conserva\u00e7\u00e3o, baixa cobertura por unidades de conserva\u00e7\u00e3o e avan\u00e7o de atividades econ\u00f4micas sobre \u00e1reas sens\u00edveis.<\/span><\/p>\n<p style=\"text-align: justify;\" align=\"justify\"><span style=\"font-family: helvetica, arial, sans-serif; font-size: 12pt;\">Segundo o MapBiomas, entre 1985 e 2023 a Caatinga perdeu cerca de 14,4% de sua cobertura vegetal nativa \u2014 o que equivale a aproximadamente 8,6 milh\u00f5es de hectares de vegeta\u00e7\u00e3o original suprimida. Hoje o bioma conserva cerca de 59,6% de vegeta\u00e7\u00e3o nativa, enquanto cerca de 38,2% da \u00e1rea foi convertida para usos antr\u00f3picos (agricultura, pastagens etc.). Esses n\u00fameros consolidam um panorama hist\u00f3rico recente de perda de vegeta\u00e7\u00e3o no semi\u00e1rido brasileiro. <\/span><\/p>\n<p style=\"text-align: justify;\" align=\"justify\"><span style=\"font-family: helvetica, arial, sans-serif; font-size: 12pt;\">A Opera\u00e7\u00e3o Caatinga Resiste atuar\u00e1 com base nos alertas de desmatamento identificados por imagens de sat\u00e9lite, tratadas e disponibilizadas pelo projeto MapBiomas. Os dados s\u00e3o cruzados com o Cadastro Ambiental Rural (CAR) e com as Autoriza\u00e7\u00f5es de Supress\u00e3o de Vegeta\u00e7\u00e3o (ASVs), subsidiando fiscaliza\u00e7\u00f5es presenciais e remotas conduzidas pelos \u00f3rg\u00e3os ambientais e pelas for\u00e7as de seguran\u00e7a.<\/span><\/p>\n<p style=\"text-align: justify;\" align=\"justify\"><span style=\"font-family: helvetica, arial, sans-serif; font-size: 12pt;\">Para al\u00e9m da apura\u00e7\u00e3o do desmatamento ilegal, a for\u00e7a-tarefa atuar\u00e1 na pr\u00e1tica de il\u00edcitos ambientais e crimes correlatos comumente associados \u00e0 supress\u00e3o irregular de vegeta\u00e7\u00e3o, adotando uma abordagem integrada para responsabilizar toda a cadeia de ilegalidades que estrutura, financia e viabiliza a pr\u00e1tica do desmatamento sem autoriza\u00e7\u00e3o. Entre eles est\u00e3o a supress\u00e3o de vegeta\u00e7\u00e3o sem autoriza\u00e7\u00e3o v\u00e1lida, grilagem e apropria\u00e7\u00e3o irregular de terras p\u00fablicas, queimadas ilegais e fraudes em registros ambientais, incluindo falsidade ideol\u00f3gica em documentos e cadastros oficiais.<\/span><\/p>\n<p style=\"text-align: justify;\" align=\"justify\"><span style=\"font-family: helvetica, arial, sans-serif; font-size: 12pt;\">A opera\u00e7\u00e3o tamb\u00e9m poder\u00e1 apurar crimes contra a fauna silvestre, especialmente quando o desmatamento resultar na destrui\u00e7\u00e3o de habitats ou na captura ilegal de animais; crimes praticados no interior de unidades de conserva\u00e7\u00e3o; porte ilegal de arma de fogo em contexto de infra\u00e7\u00f5es ambientais; extra\u00e7\u00e3o ilegal de minerais; e crimes relacionados ao armazenamento e transporte irregular de produtos florestais. <\/span><\/p>\n<p style=\"text-align: justify;\" align=\"justify\"><span style=\"font-family: helvetica, arial, sans-serif; font-size: 12pt;\"><strong>Alagoas <\/strong><\/span><\/p>\n<p style=\"text-align: justify;\" align=\"justify\"><span style=\"font-family: helvetica, arial, sans-serif; font-size: 12pt;\">Em Alagoas, a opera\u00e7\u00e3o, que ser\u00e1 executada pelo Ibama, acontecer\u00e1 em duas regi\u00f5es, mas as informa\u00e7\u00f5es ser\u00e3o mantidas sob sigilo para n\u00e3o atrapalhar o andamento dos trabalhos. \u201cEsse \u00e9 um trabalho que tem relev\u00e2ncia nacional, que busca unir os minist\u00e9rios p\u00fablicos atuantes na regi\u00e3o do bioma da Caatinga e que promove uma atua\u00e7\u00e3o conjunta com os \u00f3rg\u00e3os ambientais. O objetivo \u00e9 colocar na pauta do dia essa quest\u00e3o da prote\u00e7\u00e3o da Caatinga e identificar e responsabilizar os infratores que ainda insistem no desmatamento, na supress\u00e3o de vegeta\u00e7\u00e3o, queimadas, e utiliza\u00e7\u00e3o de agrot\u00f3xicos. E tudo isso gera queimadas e outros tantos danos ao meio ambiente, demandando uma atua\u00e7\u00e3o incisiva coordenada por parte do Minist\u00e9rio P\u00fablico para combater esse os preju\u00edzos causados ao meio ambiente\u201d, afirmou o promotor de Justi\u00e7a Kleber Valadares, coordenador do N\u00facleo do Meio Ambiente do Minist\u00e9rio P\u00fablico do Estado de Alagoas (MPAL). <\/span><\/p>\n<p style=\"text-align: justify;\" align=\"justify\"><span style=\"font-family: helvetica, arial, sans-serif; font-size: 12pt;\">Para a coordenadora do Caatinga Resiste, promotora de Justi\u00e7a Aldeleine Barbosa, do MP de Sergipe, a opera\u00e7\u00e3o representa um passo decisivo para consolidar uma resposta estruturada ao desmatamento no bioma. \u201cA redu\u00e7\u00e3o observada em 2025, pelos \u00f3rg\u00e3os de monitoramento nacional, \u00e9 um sinal importante, mas ainda insuficiente diante do passivo ambiental acumulado na Caatinga. A opera\u00e7\u00e3o busca justamente evitar a retomada do crescimento do desmatamento, fortalecendo a fiscaliza\u00e7\u00e3o, a responsabiliza\u00e7\u00e3o e a prote\u00e7\u00e3o dos remanescentes mais preservados\u201d, afirma.<\/span><\/p>\n<p style=\"text-align: justify;\" align=\"justify\"><span style=\"font-family: helvetica, arial, sans-serif; font-size: 12pt;\">Al\u00e9m da repress\u00e3o aos il\u00edcitos, a opera\u00e7\u00e3o pretende induzir a melhoria da governan\u00e7a ambiental nos estados, ampliar a transpar\u00eancia dos sistemas de controle e fomentar a recupera\u00e7\u00e3o de \u00e1reas degradadas, como tamb\u00e9m a atua\u00e7\u00e3o integrada entre \u00f3rg\u00e3os. A Caatinga desempenha papel estrat\u00e9gico na regula\u00e7\u00e3o clim\u00e1tica, no sequestro de carbono e na manuten\u00e7\u00e3o dos modos de vida de milh\u00f5es de pessoas no semi\u00e1rido brasileiro.<\/span><\/p>\n<p style=\"text-align: justify;\" align=\"justify\"><span style=\"font-family: helvetica, arial, sans-serif; font-size: 12pt;\">Ao final da opera\u00e7\u00e3o, ser\u00e1 apresentado um balan\u00e7o consolidado com os resultados das fiscaliza\u00e7\u00f5es, incluindo extens\u00e3o das \u00e1reas autuadas, n\u00famero de procedimentos instaurados e valores de multas aplicadas.<\/span><\/p>\n","protected":false},"excerpt":{"rendered":"<p> [&hellip;]<\/p>\n","protected":false},"author":17,"featured_media":67143,"comment_status":"open","ping_status":"open","sticky":false,"template":"","format":"standard","meta":{"om_disable_all_campaigns":false,"_monsterinsights_skip_tracking":false,"_monsterinsights_sitenote_active":false,"_monsterinsights_sitenote_note":"","_monsterinsights_sitenote_category":0,"_uf_show_specific_survey":0,"_uf_disable_surveys":false,"footnotes":""},"categories":[2],"tags":[],"class_list":["post-67142","post","type-post","status-publish","format-standard","has-post-thumbnail","hentry","category-not_mpal"],"aioseo_notices":[],"_links":{"self":[{"href":"https:\/\/www.mpal.mp.br\/index.php?rest_route=\/wp\/v2\/posts\/67142","targetHints":{"allow":["GET"]}}],"collection":[{"href":"https:\/\/www.mpal.mp.br\/index.php?rest_route=\/wp\/v2\/posts"}],"about":[{"href":"https:\/\/www.mpal.mp.br\/index.php?rest_route=\/wp\/v2\/types\/post"}],"author":[{"embeddable":true,"href":"https:\/\/www.mpal.mp.br\/index.php?rest_route=\/wp\/v2\/users\/17"}],"replies":[{"embeddable":true,"href":"https:\/\/www.mpal.mp.br\/index.php?rest_route=%2Fwp%2Fv2%2Fcomments&post=67142"}],"version-history":[{"count":2,"href":"https:\/\/www.mpal.mp.br\/index.php?rest_route=\/wp\/v2\/posts\/67142\/revisions"}],"predecessor-version":[{"id":67316,"href":"https:\/\/www.mpal.mp.br\/index.php?rest_route=\/wp\/v2\/posts\/67142\/revisions\/67316"}],"wp:featuredmedia":[{"embeddable":true,"href":"https:\/\/www.mpal.mp.br\/index.php?rest_route=\/wp\/v2\/media\/67143"}],"wp:attachment":[{"href":"https:\/\/www.mpal.mp.br\/index.php?rest_route=%2Fwp%2Fv2%2Fmedia&parent=67142"}],"wp:term":[{"taxonomy":"category","embeddable":true,"href":"https:\/\/www.mpal.mp.br\/index.php?rest_route=%2Fwp%2Fv2%2Fcategories&post=67142"},{"taxonomy":"post_tag","embeddable":true,"href":"https:\/\/www.mpal.mp.br\/index.php?rest_route=%2Fwp%2Fv2%2Ftags&post=67142"}],"curies":[{"name":"wp","href":"https:\/\/api.w.org\/{rel}","templated":true}]}}