{"id":67053,"date":"2026-03-05T16:57:37","date_gmt":"2026-03-05T19:57:37","guid":{"rendered":"https:\/\/www.mpal.mp.br\/?p=67053"},"modified":"2026-03-05T17:12:54","modified_gmt":"2026-03-05T20:12:54","slug":"no-ultimo-juri-do-reu-pela-7a-vara-criminal-mpal-leva-serial-killer-a-condenacao-de-mais-22-anos-de-prisao","status":"publish","type":"post","link":"https:\/\/www.mpal.mp.br\/?p=67053","title":{"rendered":"No \u00faltimo j\u00fari do r\u00e9u pela 7\u00aa Vara Criminal, MPAL leva \u201cserial killer\u201d \u00e0 condena\u00e7\u00e3o de mais 22 anos de pris\u00e3o"},"content":{"rendered":"<div class=\"fusion-fullwidth fullwidth-box fusion-builder-row-1 nonhundred-percent-fullwidth non-hundred-percent-height-scrolling\"  style='background-color: #ffffff;background-position: center center;background-repeat: no-repeat;padding-top:0px;padding-right:0px;padding-bottom:0px;padding-left:0px;'><div class=\"fusion-builder-row fusion-row \"><div  class=\"fusion-layout-column fusion_builder_column fusion_builder_column_1_1 fusion-builder-column-1 fusion-one-full fusion-column-first fusion-column-last 1_1\"  style='margin-top:0px;margin-bottom:0px;'>\n\t\t\t\t\t<div class=\"fusion-column-wrapper\" style=\"padding: 0px 0px 0px 0px;background-position:left top;background-repeat:no-repeat;-webkit-background-size:cover;-moz-background-size:cover;-o-background-size:cover;background-size:cover;\"   data-bg-url=\"\">\n\t\t\t\t\t\t<div class=\"fusion-text\"><p class=\"western\" style=\"text-align: justify;\" align=\"justify\"><span style=\"font-family: helvetica, arial, sans-serif;\">\u201cA primeira temporada de julgamentos dele encerra hoje, parece uma Netflix de filme de terror. O Minist\u00e9rio P\u00fablico sai satisfeito com o resultado do seu trabalho, obtivemos uma pena que ultrapassou os 22 anos, mais uma vez a sociedade alagoana fez justi\u00e7a e acredito que ele mesmo tenha consci\u00eancia disso\u201d. A fala do promotor de Justi\u00e7a Ant\u00f4nio Vilas Boas que, firmemente, conseguiu as seis conde\u00e7\u00f5es previstas, refere-se ao r\u00e9u Albino dos Santos Lima, conhecido como um dos maiores \u201cserial killers\u201d do pa\u00eds e, nesta quinta-feira (5), enfrentou pela s\u00e9tima vez o banco dos r\u00e9us, recebendo a senten\u00e7a de 22 anos, cinco meses e 15 dias de reclus\u00e3o. O julgamento de hoje foi pela morte da idosa Genilda Maria da Concei\u00e7\u00e3o, 71 anos, ocorrida em 2019 na Ch\u00e3 da Jaqueira, em Macei\u00f3. Este foi o \u00faltimo, da lista de crimes de Albino, a serem julgados na 7\u00aa Vara Criminal da Capital. Somando as sete condena\u00e7\u00f5es, o r\u00e9u contabiliza 174 anos, seis meses e oito dias de pris\u00e3o em regime fechado.<\/span><\/p>\n<p class=\"western\" style=\"text-align: justify;\" align=\"left\"><span style=\"font-family: helvetica, arial, sans-serif;\">Usando das mesmas estrat\u00e9gias, r\u00e9u e defesa tentaram mais uma vez desqualificar os laudos j\u00e1 apresentados, insistindo na afirma\u00e7\u00e3o de que ele seria uma pessoa inimput\u00e1vel. Al\u00e9m disso, sobre o crime de Genilda Maria, Albino chegou a afirmar, inclusive, que na delegacia teria confessado sob coa\u00e7\u00e3o. \u201cN\u00e3o h\u00e1 nenhuma prova concreta, conclusiva, que prove que fui eu. O problema \u00e9 que, no dia da confiss\u00e3o, me colocaram na delegacia, numa cela com ch\u00e3o gelado, os mosquitos me mordendo, e eu, agoniado com o barulho do trem, disse: v\u00e1, v\u00e1, v\u00e1, v\u00e1, bote logo pra mim. Mas, depois pensei: rapaz, tenho que ir l\u00e1 e desfazer isso porque n\u00e3o fui eu\u201d.<\/span><\/p>\n<p class=\"western\" style=\"text-align: justify;\" align=\"left\"><span style=\"font-family: helvetica, arial, sans-serif;\">No entanto, o Minist\u00e9rio P\u00fablico, munido de provas incontest\u00e1veis e de suas convic\u00e7\u00f5es, come\u00e7ou a desmanchar os \u00e1libis do r\u00e9u mostrando o v\u00eddeo do dia do referido depoimento, onde Albino Santos se encontrava sentando, aparentemente tranquilo, numa sala iluminada, ladeado pelo advogado Geoberto. O que levou, tamb\u00e9m, o representante ministerial a achar contradit\u00f3rio o mesmo est\u00e1 na presen\u00e7a do seu defensor e este permitir que confessasse um crime, sem que fosse de sua autoria.<\/span><\/p>\n<p class=\"western\" style=\"text-align: justify;\" align=\"justify\"><span style=\"font-family: helvetica, arial, sans-serif;\">Em seus questionamentos, o promotor Vilas Boas quis saber do r\u00e9u onde ele estava na hora e dia do assassinato da idosa, mas ele n\u00e3o soube responder. N\u00e3o sei , talvez no trabalho, ou fazendo bico, talvez&#8221;, numa demonstra\u00e7\u00e3o de que suas falas de autodefesa n\u00e3o teriam como se sustentar. No julgamento desta ter\u00e7a-feira, a \u00fanica surpresa foi o r\u00e9u n\u00e3o atribuir o crime ao arcanjo Miguel, o que j\u00e1 havia se tornado corriqueiro, sem fundamento e cansativo para o Minist\u00e9rio P\u00fablico e os conselhos de senten\u00e7a. Apesar de negar a autoria da morte de Genilda da Concei\u00e7\u00e3o, mais uma vez ele n\u00e3o soube explicar o porque de o nome da v\u00edtima e a data do fato estarem em arquivos encontrados em seu celular, apreendido pela pol\u00edcia, da mesma forma que os nomes e datas de execu\u00e7\u00e3o das demais. Nesse \u00ednterim, o promotor mostrou aos jurados as fotos dos autos provando, lembrando que Albino tinha duas pastas nomeadas como \u201codiadas do Instagram\u201d e \u201cmortes especiais\u201d. <\/span><\/p>\n<p class=\"western\" style=\"text-align: justify;\" align=\"justify\"><span style=\"font-family: helvetica, arial, sans-serif;\">\u00c0 \u00e9poca do crime, o \u201cserial killer\u201d era vizinho de Genilda da Concei\u00e7\u00e3o e teria matado a idosa por deduzir que a mesma tinha conex\u00e3o com o tr\u00e1fico de drogas, ou fac\u00e7\u00f5es, porque, perto da sua resid\u00eancia, alguns usu\u00e1rios costumavam se reunir . Por essa raz\u00e3o, observou a rotina da v\u00edtima e resolveu embosc\u00e1-la logo cedinho, por volta das 6h40, ao atravessar um beco, quando levava o neto de 11 anos para a escola.<\/span><\/p>\n<p class=\"western\" style=\"text-align: justify;\" align=\"left\"><span style=\"font-family: helvetica, arial, sans-serif;\">\u201cN\u00e3o sei o que falar, o sentimento de um filho perder uma m\u00e3e todos devem saber, ainda mais dessa forma. N\u00e3o posso falar o que gostaria, ent\u00e3o prefiro silenciar&#8221;, disse o filho da dona Genilda que se apresentou como Evil\u00e1sio. Ele seria a \u00fanica pessoa a ser ouvida, mas o Minist\u00e9rio P\u00fablico optou por dispensar.<\/span><\/p>\n<p class=\"western\" style=\"text-align: justify;\" align=\"justify\"><span style=\"font-family: helvetica, arial, sans-serif;\">O caso de Genilda da Concei\u00e7\u00e3o levaria ao banco dos r\u00e9us outro homem identificado como Ant\u00f4nio Guilherme, e seu irm\u00e3o, \u00e0 \u00e9poca tamb\u00e9m moradores da Ch\u00e3 da Jaqueira, onde ela e Albino moravam. Por\u00e9m, dias antes de ocorrer o julgamento, foi comprovado pelo advogado de ambos que os proj\u00e9teis extra\u00eddos do corpo da idosa n\u00e3o eram compat\u00edveis com a arma de um dos seus clientes, tendo a pol\u00edcia se certificado que o autor era Albino.<\/span><\/p>\n<p align=\"justify\">Fotos: Dulce Melo e Anderson Macena<\/p>\n<\/div><style type=\"text\/css\">.fusion-gallery-1 .fusion-gallery-image {border:0px solid #f6f6f6;-webkit-border-radius:5px;-moz-border-radius:5px;border-radius:5px;}<\/style><div class=\"fusion-gallery fusion-gallery-container fusion-grid-3 fusion-columns-total-0 fusion-gallery-layout-grid fusion-gallery-1\" style=\"margin:-5px;\"><div style=\"padding:5px;\" class=\"fusion-grid-column fusion-gallery-column fusion-gallery-column-3 hover-type-none\"><div class=\"fusion-gallery-image\"><a href=\"https:\/\/www.mpal.mp.br\/wp-content\/uploads\/2026\/03\/juri-albino4.jpg\" rel=\"noreferrer\" data-rel=\"iLightbox[gallery_image_1]\" class=\"fusion-lightbox\" target=\"_self\"><img loading=\"lazy\" decoding=\"async\" src=\"https:\/\/www.mpal.mp.br\/wp-content\/uploads\/2026\/03\/juri-albino4.jpg\" width=\"1600\" height=\"900\" alt=\"\" title=\"juri albino4\" aria-label=\"juri albino4\" class=\"img-responsive wp-image-67057\" \/><\/a><\/div><\/div><div style=\"padding:5px;\" class=\"fusion-grid-column fusion-gallery-column fusion-gallery-column-3 hover-type-none\"><div class=\"fusion-gallery-image\"><a href=\"https:\/\/www.mpal.mp.br\/wp-content\/uploads\/2026\/03\/juri-albino3.jpg\" rel=\"noreferrer\" data-rel=\"iLightbox[gallery_image_1]\" class=\"fusion-lightbox\" target=\"_self\"><img loading=\"lazy\" decoding=\"async\" src=\"https:\/\/www.mpal.mp.br\/wp-content\/uploads\/2026\/03\/juri-albino3.jpg\" width=\"1600\" height=\"1204\" alt=\"\" title=\"juri albino3\" aria-label=\"juri albino3\" class=\"img-responsive wp-image-67056\" \/><\/a><\/div><\/div><div style=\"padding:5px;\" class=\"fusion-grid-column fusion-gallery-column fusion-gallery-column-3 hover-type-none\"><div class=\"fusion-gallery-image\"><a href=\"https:\/\/www.mpal.mp.br\/wp-content\/uploads\/2026\/03\/juri-albino2.jpg\" rel=\"noreferrer\" data-rel=\"iLightbox[gallery_image_1]\" class=\"fusion-lightbox\" target=\"_self\"><img loading=\"lazy\" decoding=\"async\" src=\"https:\/\/www.mpal.mp.br\/wp-content\/uploads\/2026\/03\/juri-albino2.jpg\" width=\"1600\" height=\"900\" alt=\"\" title=\"juri albino2\" aria-label=\"juri albino2\" class=\"img-responsive wp-image-67055\" \/><\/a><\/div><\/div><div class=\"clearfix\"><\/div><div style=\"padding:5px;\" class=\"fusion-grid-column fusion-gallery-column fusion-gallery-column-3 hover-type-none\"><div class=\"fusion-gallery-image\"><a href=\"https:\/\/www.mpal.mp.br\/wp-content\/uploads\/2026\/03\/juri-albino.jpg\" rel=\"noreferrer\" data-rel=\"iLightbox[gallery_image_1]\" class=\"fusion-lightbox\" target=\"_self\"><img loading=\"lazy\" decoding=\"async\" src=\"https:\/\/www.mpal.mp.br\/wp-content\/uploads\/2026\/03\/juri-albino.jpg\" width=\"1600\" height=\"900\" alt=\"\" title=\"juri albino\" aria-label=\"juri albino\" class=\"img-responsive wp-image-67054\" \/><\/a><\/div><\/div><\/div><style type=\"text\/css\">.fusion-gallery-2 .fusion-gallery-image {border:0px solid #f6f6f6;-webkit-border-radius:5px;-moz-border-radius:5px;border-radius:5px;}<\/style><div class=\"fusion-gallery fusion-gallery-container fusion-grid-3 fusion-columns-total-0 fusion-gallery-layout-grid fusion-gallery-2\" style=\"margin:-5px;\"><div style=\"padding:5px;\" class=\"fusion-grid-column fusion-gallery-column fusion-gallery-column-3 hover-type-none\"><div class=\"fusion-gallery-image\"><a href=\"https:\/\/www.mpal.mp.br\/wp-content\/uploads\/2026\/03\/juri-albino5.jpg\" rel=\"noreferrer\" data-rel=\"iLightbox[gallery_image_2]\" class=\"fusion-lightbox\" target=\"_self\"><img loading=\"lazy\" decoding=\"async\" src=\"https:\/\/www.mpal.mp.br\/wp-content\/uploads\/2026\/03\/juri-albino5.jpg\" width=\"1599\" height=\"899\" alt=\"\" title=\"juri albino5\" aria-label=\"juri albino5\" class=\"img-responsive wp-image-67060\" \/><\/a><\/div><\/div><div style=\"padding:5px;\" class=\"fusion-grid-column fusion-gallery-column fusion-gallery-column-3 hover-type-none\"><div class=\"fusion-gallery-image\"><a href=\"https:\/\/www.mpal.mp.br\/wp-content\/uploads\/2026\/03\/juri-albino6.jpg\" rel=\"noreferrer\" data-rel=\"iLightbox[gallery_image_2]\" class=\"fusion-lightbox\" target=\"_self\"><img loading=\"lazy\" decoding=\"async\" src=\"https:\/\/www.mpal.mp.br\/wp-content\/uploads\/2026\/03\/juri-albino6.jpg\" width=\"1599\" height=\"899\" alt=\"\" title=\"juri albino6\" aria-label=\"juri albino6\" class=\"img-responsive wp-image-67061\" \/><\/a><\/div><\/div><div class=\"clearfix\"><\/div><\/div><div class=\"fusion-clearfix\"><\/div>\n\n\t\t\t\t\t<\/div>\n\t\t\t\t<\/div><\/div><\/div>\n","protected":false},"excerpt":{"rendered":"","protected":false},"author":8,"featured_media":67054,"comment_status":"open","ping_status":"open","sticky":false,"template":"","format":"standard","meta":{"om_disable_all_campaigns":false,"_monsterinsights_skip_tracking":false,"_monsterinsights_sitenote_active":false,"_monsterinsights_sitenote_note":"","_monsterinsights_sitenote_category":0,"_uf_show_specific_survey":0,"_uf_disable_surveys":false,"footnotes":""},"categories":[2],"tags":[],"class_list":["post-67053","post","type-post","status-publish","format-standard","has-post-thumbnail","hentry","category-not_mpal"],"aioseo_notices":[],"_links":{"self":[{"href":"https:\/\/www.mpal.mp.br\/index.php?rest_route=\/wp\/v2\/posts\/67053","targetHints":{"allow":["GET"]}}],"collection":[{"href":"https:\/\/www.mpal.mp.br\/index.php?rest_route=\/wp\/v2\/posts"}],"about":[{"href":"https:\/\/www.mpal.mp.br\/index.php?rest_route=\/wp\/v2\/types\/post"}],"author":[{"embeddable":true,"href":"https:\/\/www.mpal.mp.br\/index.php?rest_route=\/wp\/v2\/users\/8"}],"replies":[{"embeddable":true,"href":"https:\/\/www.mpal.mp.br\/index.php?rest_route=%2Fwp%2Fv2%2Fcomments&post=67053"}],"version-history":[{"count":6,"href":"https:\/\/www.mpal.mp.br\/index.php?rest_route=\/wp\/v2\/posts\/67053\/revisions"}],"predecessor-version":[{"id":67065,"href":"https:\/\/www.mpal.mp.br\/index.php?rest_route=\/wp\/v2\/posts\/67053\/revisions\/67065"}],"wp:featuredmedia":[{"embeddable":true,"href":"https:\/\/www.mpal.mp.br\/index.php?rest_route=\/wp\/v2\/media\/67054"}],"wp:attachment":[{"href":"https:\/\/www.mpal.mp.br\/index.php?rest_route=%2Fwp%2Fv2%2Fmedia&parent=67053"}],"wp:term":[{"taxonomy":"category","embeddable":true,"href":"https:\/\/www.mpal.mp.br\/index.php?rest_route=%2Fwp%2Fv2%2Fcategories&post=67053"},{"taxonomy":"post_tag","embeddable":true,"href":"https:\/\/www.mpal.mp.br\/index.php?rest_route=%2Fwp%2Fv2%2Ftags&post=67053"}],"curies":[{"name":"wp","href":"https:\/\/api.w.org\/{rel}","templated":true}]}}