{"id":67019,"date":"2026-03-04T13:52:03","date_gmt":"2026-03-04T16:52:03","guid":{"rendered":"https:\/\/www.mpal.mp.br\/?p=67019"},"modified":"2026-03-04T14:15:30","modified_gmt":"2026-03-04T17:15:30","slug":"mpal-e-policia-militar-reforcam-parceria-no-enfrentamento-aos-crimes-dolosos-contra-a-vida","status":"publish","type":"post","link":"https:\/\/www.mpal.mp.br\/?p=67019","title":{"rendered":"MPAL e Pol\u00edcia Militar refor\u00e7am parceria no enfrentamento aos crimes dolosos contra a vida"},"content":{"rendered":"<div class=\"fusion-fullwidth fullwidth-box fusion-builder-row-1 nonhundred-percent-fullwidth non-hundred-percent-height-scrolling\"  style='background-color: #ffffff;background-position: center center;background-repeat: no-repeat;padding-top:0px;padding-right:0px;padding-bottom:0px;padding-left:0px;'><div class=\"fusion-builder-row fusion-row \"><div  class=\"fusion-layout-column fusion_builder_column fusion_builder_column_1_1 fusion-builder-column-1 fusion-one-full fusion-column-first fusion-column-last 1_1\"  style='margin-top:0px;margin-bottom:0px;'>\n\t\t\t\t\t<div class=\"fusion-column-wrapper\" style=\"padding: 0px 0px 0px 0px;background-position:left top;background-repeat:no-repeat;-webkit-background-size:cover;-moz-background-size:cover;-o-background-size:cover;background-size:cover;\"   data-bg-url=\"\">\n\t\t\t\t\t\t<div class=\"fusion-text\"><p align=\"justify\"><span style=\"font-family: helvetica, arial, sans-serif; font-size: 12pt;\"><span style=\"color: #0a0a0a;\">O procurador-geral de Justi\u00e7a, Lean Ara\u00fajo, recebeu representantes da Pol\u00edcia Militar de Alagoas (PMAL) em uma reuni\u00e3o institucional voltada \u00e0 apresenta\u00e7\u00e3o de dados e estrat\u00e9gias adotadas pela corpora\u00e7\u00e3o no combate aos crimes de homic\u00eddio no estado. O encontro, <\/span><span style=\"color: #0a0a0a;\">que ocorreu nesta quarta-feira (4),<\/span><span style=\"color: #0a0a0a;\"> contou com a presen\u00e7a do major Adeilson de Carvalho, chefe do gabinete do Comando-Geral da PM, <\/span><span style=\"color: #0a0a0a;\">e com os policiais Jos\u00e9 <\/span><span style=\"color: #0a0a0a;\">Carlos Marinho <\/span><span style=\"color: #0a0a0a;\">Fausto <\/span><span style=\"color: #0a0a0a;\">e <\/span><span style=\"color: #0a0a0a;\">Emerson <\/span><span style=\"color: #0a0a0a;\">D<\/span><span style=\"color: #0a0a0a;\">antas, do N\u00facleo de Gest\u00e3o da Informa\u00e7\u00e3o <\/span><span style=\"color: #0a0a0a;\">(NGI) e Assessoria Militar, <\/span><span style=\"color: #0a0a0a;\">respectivamente, <\/span><span style=\"color: #0a0a0a;\">ambas unidades do Minist\u00e9rio P\u00fablico do Estado de Alagoas (MPAL). <\/span><\/span><\/p>\n<p align=\"justify\"><span style=\"color: #0a0a0a; font-family: helvetica, arial, sans-serif; font-size: 12pt;\">Durante a reuni\u00e3o, foram apresentados indicadores e an\u00e1lises relacionados aos Crimes Violentos Letais Intencionais (CVLI), que englobam homic\u00eddios e outros crimes de natureza letal, al\u00e9m da s\u00e9rie hist\u00f3rica da seguran\u00e7a p\u00fablica em Alagoas desde 2012. O objetivo do encontro foi compartilhar informa\u00e7\u00f5es e fortalecer a integra\u00e7\u00e3o entre as institui\u00e7\u00f5es que atuam diretamente na preven\u00e7\u00e3o e repress\u00e3o aos crimes contra a vida.<\/span><\/p>\n<p align=\"justify\"><span style=\"color: #0a0a0a; font-family: helvetica, arial, sans-serif; font-size: 12pt;\">Ao destacar a relev\u00e2ncia da coopera\u00e7\u00e3o entre as institui\u00e7\u00f5es, o procurador-geral de Justi\u00e7a ressaltou que a atua\u00e7\u00e3o conjunta \u00e9 fundamental para ampliar a efetividade das a\u00e7\u00f5es de enfrentamento \u00e0 viol\u00eancia. \u201cO Minist\u00e9rio P\u00fablico tem o dever constitucional de atuar na defesa da vida e na responsabiliza\u00e7\u00e3o dos autores de crimes dolosos contra a vida. A parceria com a Pol\u00edcia Militar \u00e9 estrat\u00e9gica nesse processo. O trabalho integrado, com base em dados e di\u00e1logo institucional, fortalece a atua\u00e7\u00e3o das duas institui\u00e7\u00f5es e contribui para a redu\u00e7\u00e3o da viol\u00eancia e para a promo\u00e7\u00e3o de uma sociedade mais segura\u201d, afirmou Lean Ara\u00fajo.<\/span><\/p>\n<p align=\"justify\"><span style=\"font-family: helvetica, arial, sans-serif; font-size: 12pt;\"><span style=\"color: #0a0a0a;\">O major <\/span><span style=\"color: #0a0a0a;\">Carlos<\/span><span style=\"color: #0a0a0a;\"> Fausto <\/span><span style=\"color: #0a0a0a;\">Marinho integra o<\/span> <span style=\"color: #0a0a0a;\">N\u00facleo de Gest\u00e3o da Informa\u00e7\u00e3o do M<\/span><span style=\"color: #0a0a0a;\">PAL, <\/span><span style=\"color: #0a0a0a;\">setor <\/span><span style=\"color: #0a0a0a;\">respons\u00e1vel pela an\u00e1lise e sistematiza\u00e7\u00e3o de dados estrat\u00e9gicos utilizados pela institui\u00e7\u00e3o em suas atividades final\u00edsticas. <\/span><span style=\"color: #0a0a0a;\">No encontro, ele tamb\u00e9m <\/span><span style=\"color: #0a0a0a;\">destacou a import\u00e2ncia da troca de informa\u00e7\u00f5es entre os \u00f3rg\u00e3os para qualificar a atua\u00e7\u00e3o institucional. \u201cO compartilhamento de dados e o alinhamento institucional s\u00e3o fundamentais para que possamos compreender o comportamento dos crimes violentos e orientar melhor a atua\u00e7\u00e3o do Minist\u00e9rio P\u00fablico. Esse di\u00e1logo permanente entr<\/span><span style=\"color: #0a0a0a;\">e os \u00f3rg\u00e3os <\/span><span style=\"color: #0a0a0a;\">contribui para fortalecer as estrat\u00e9gias de enfrentamento aos crimes dolosos contra a vida\u201d, explicou <\/span><span style=\"color: #0a0a0a;\">ele. <\/span><\/span><\/p>\n<p align=\"justify\"><span style=\"font-family: helvetica, arial, sans-serif; font-size: 12pt;\"><span style=\"color: #0a0a0a;\">Representando o Comando-Geral da Pol\u00edcia Militar, o major Ade\u00edlson de Carvalho ressaltou os avan\u00e7os obtidos pela corpora\u00e7\u00e3o no enfrentamento aos homic\u00eddios e refor\u00e7ou o papel da parceria com o Minist\u00e9rio P\u00fablico. \u201cViemos apresentar ao Minist\u00e9rio P\u00fablico a evolu\u00e7\u00e3o dos indicadores de seguran\u00e7a p\u00fablica ao longo dos \u00faltimos anos e demonstrar como a Pol\u00edcia Militar tem atuado no enfrentamento aos crimes letais. Esse resultado \u00e9 fruto de planejamento, investimento em intelig\u00eancia e, principalmente, da atua\u00e7\u00e3o integrada entre as institui\u00e7\u00f5es. O Minist\u00e9rio P\u00fablico sempre foi um parceiro essencial nesse processo\u201d, declarou <\/span><span style=\"color: #0a0a0a;\">o chefe de gabinete da PMAL. <\/span><\/span><\/p>\n<p align=\"justify\"><span style=\"font-family: helvetica, arial, sans-serif; font-size: 12pt;\"><span style=\"color: #0a0a0a;\">Ainda segund<\/span><span style=\"color: #0a0a0a;\">o o oficial, <\/span><span style=\"color: #0a0a0a;\">entre <\/span><span style=\"color: #0a0a0a;\">2024 <\/span><span style=\"color: #0a0a0a;\">e<\/span><span style=\"color: #0a0a0a;\"> 2025, <\/span><span style=\"color: #0a0a0a;\">houve<\/span><span style=\"color: #0a0a0a;\"> redu\u00e7\u00e3o de 10,5% do n\u00famero de homic\u00eddios <\/span><span style=\"color: #0a0a0a;\">em Alagoas<\/span><span style=\"color: #0a0a0a;\">. <\/span><span style=\"color: #0a0a0a;\">H\u00e1 dois anos, os dados <\/span><span style=\"color: #0a0a0a;\">marcaram<\/span><span style=\"color: #0a0a0a;\"> 1.160 <\/span><span style=\"color: #0a0a0a;\">assassinatos, j\u00e1 em <\/span><span style=\"color: #0a0a0a;\">2025, <\/span><span style=\"color: #0a0a0a;\">eles ca\u00edram para <\/span><span style=\"color: #0a0a0a;\">950. <\/span><\/span><\/p>\n<\/div><style type=\"text\/css\">.fusion-gallery-1 .fusion-gallery-image {border:0px solid #f6f6f6;-webkit-border-radius:5px;-moz-border-radius:5px;border-radius:5px;}<\/style><div class=\"fusion-gallery fusion-gallery-container fusion-grid-3 fusion-columns-total-0 fusion-gallery-layout-grid fusion-gallery-1\" style=\"margin:-5px;\"><div style=\"padding:5px;\" class=\"fusion-grid-column fusion-gallery-column fusion-gallery-column-3 hover-type-none\"><div class=\"fusion-gallery-image\"><a rel=\"noreferrer\" data-rel=\"iLightbox[gallery_image_1]\" class=\"fusion-lightbox\" target=\"_self\"><img decoding=\"async\" src=\"\" width=\"\" height=\"\" alt=\"\" title=\"\" aria-label=\"\" class=\"img-responsive wp-image-67010\" \/><\/a><\/div><\/div><div style=\"padding:5px;\" class=\"fusion-grid-column fusion-gallery-column fusion-gallery-column-3 hover-type-none\"><div class=\"fusion-gallery-image\"><a href=\"https:\/\/www.mpal.mp.br\/wp-content\/uploads\/2026\/03\/WhatsApp-Image-2026-03-04-at-12.15.08-1.jpeg\" rel=\"noreferrer\" data-rel=\"iLightbox[gallery_image_1]\" class=\"fusion-lightbox\" target=\"_self\"><img loading=\"lazy\" decoding=\"async\" src=\"https:\/\/www.mpal.mp.br\/wp-content\/uploads\/2026\/03\/WhatsApp-Image-2026-03-04-at-12.15.08-1.jpeg\" width=\"1600\" height=\"1066\" alt=\"\" title=\"WhatsApp Image 2026-03-04 at 12.15.08 (1)\" aria-label=\"WhatsApp Image 2026-03-04 at 12.15.08 (1)\" class=\"img-responsive wp-image-67009\" \/><\/a><\/div><\/div><div style=\"padding:5px;\" class=\"fusion-grid-column fusion-gallery-column fusion-gallery-column-3 hover-type-none\"><div class=\"fusion-gallery-image\"><a href=\"https:\/\/www.mpal.mp.br\/wp-content\/uploads\/2026\/03\/WhatsApp-Image-2026-03-04-at-12.15.07.jpeg\" rel=\"noreferrer\" data-rel=\"iLightbox[gallery_image_1]\" class=\"fusion-lightbox\" target=\"_self\"><img loading=\"lazy\" decoding=\"async\" src=\"https:\/\/www.mpal.mp.br\/wp-content\/uploads\/2026\/03\/WhatsApp-Image-2026-03-04-at-12.15.07.jpeg\" width=\"1600\" height=\"1066\" alt=\"\" title=\"WhatsApp Image 2026-03-04 at 12.15.07\" aria-label=\"WhatsApp Image 2026-03-04 at 12.15.07\" class=\"img-responsive wp-image-67008\" \/><\/a><\/div><\/div><div class=\"clearfix\"><\/div><div style=\"padding:5px;\" class=\"fusion-grid-column fusion-gallery-column fusion-gallery-column-3 hover-type-none\"><div class=\"fusion-gallery-image\"><a rel=\"noreferrer\" data-rel=\"iLightbox[gallery_image_1]\" class=\"fusion-lightbox\" target=\"_self\"><img decoding=\"async\" src=\"\" width=\"\" height=\"\" alt=\"\" title=\"\" aria-label=\"\" class=\"img-responsive wp-image-67007\" \/><\/a><\/div><\/div><div style=\"padding:5px;\" class=\"fusion-grid-column fusion-gallery-column fusion-gallery-column-3 hover-type-none\"><div class=\"fusion-gallery-image\"><a href=\"https:\/\/www.mpal.mp.br\/wp-content\/uploads\/2026\/03\/WhatsApp-Image-2026-03-04-at-12.15.07-2.jpeg\" rel=\"noreferrer\" data-rel=\"iLightbox[gallery_image_1]\" class=\"fusion-lightbox\" target=\"_self\"><img loading=\"lazy\" decoding=\"async\" src=\"https:\/\/www.mpal.mp.br\/wp-content\/uploads\/2026\/03\/WhatsApp-Image-2026-03-04-at-12.15.07-2.jpeg\" width=\"1600\" height=\"1066\" alt=\"\" title=\"WhatsApp Image 2026-03-04 at 12.15.07 (2)\" aria-label=\"WhatsApp Image 2026-03-04 at 12.15.07 (2)\" class=\"img-responsive wp-image-67006\" \/><\/a><\/div><\/div><\/div><div class=\"fusion-clearfix\"><\/div>\n\n\t\t\t\t\t<\/div>\n\t\t\t\t<\/div><\/div><\/div>\n","protected":false},"excerpt":{"rendered":"","protected":false},"author":17,"featured_media":67006,"comment_status":"open","ping_status":"open","sticky":false,"template":"","format":"standard","meta":{"om_disable_all_campaigns":false,"_monsterinsights_skip_tracking":false,"_monsterinsights_sitenote_active":false,"_monsterinsights_sitenote_note":"","_monsterinsights_sitenote_category":0,"_uf_show_specific_survey":0,"_uf_disable_surveys":false,"footnotes":""},"categories":[2],"tags":[],"class_list":["post-67019","post","type-post","status-publish","format-standard","has-post-thumbnail","hentry","category-not_mpal"],"aioseo_notices":[],"_links":{"self":[{"href":"https:\/\/www.mpal.mp.br\/index.php?rest_route=\/wp\/v2\/posts\/67019","targetHints":{"allow":["GET"]}}],"collection":[{"href":"https:\/\/www.mpal.mp.br\/index.php?rest_route=\/wp\/v2\/posts"}],"about":[{"href":"https:\/\/www.mpal.mp.br\/index.php?rest_route=\/wp\/v2\/types\/post"}],"author":[{"embeddable":true,"href":"https:\/\/www.mpal.mp.br\/index.php?rest_route=\/wp\/v2\/users\/17"}],"replies":[{"embeddable":true,"href":"https:\/\/www.mpal.mp.br\/index.php?rest_route=%2Fwp%2Fv2%2Fcomments&post=67019"}],"version-history":[{"count":4,"href":"https:\/\/www.mpal.mp.br\/index.php?rest_route=\/wp\/v2\/posts\/67019\/revisions"}],"predecessor-version":[{"id":67023,"href":"https:\/\/www.mpal.mp.br\/index.php?rest_route=\/wp\/v2\/posts\/67019\/revisions\/67023"}],"wp:featuredmedia":[{"embeddable":true,"href":"https:\/\/www.mpal.mp.br\/index.php?rest_route=\/wp\/v2\/media\/67006"}],"wp:attachment":[{"href":"https:\/\/www.mpal.mp.br\/index.php?rest_route=%2Fwp%2Fv2%2Fmedia&parent=67019"}],"wp:term":[{"taxonomy":"category","embeddable":true,"href":"https:\/\/www.mpal.mp.br\/index.php?rest_route=%2Fwp%2Fv2%2Fcategories&post=67019"},{"taxonomy":"post_tag","embeddable":true,"href":"https:\/\/www.mpal.mp.br\/index.php?rest_route=%2Fwp%2Fv2%2Ftags&post=67019"}],"curies":[{"name":"wp","href":"https:\/\/api.w.org\/{rel}","templated":true}]}}