{"id":66996,"date":"2026-03-04T13:28:43","date_gmt":"2026-03-04T16:28:43","guid":{"rendered":"https:\/\/www.mpal.mp.br\/?p=66996"},"modified":"2026-03-04T13:47:08","modified_gmt":"2026-03-04T16:47:08","slug":"chefia-do-mpal-recebe-corregedor-do-tribunal-de-justica-e-reforca-compromisso-de-otimizar-distribuicao-de-promotores-nas-comarcas","status":"publish","type":"post","link":"https:\/\/www.mpal.mp.br\/?p=66996","title":{"rendered":"Chefia do MPAL recebe corregedor do Tribunal de Justi\u00e7a e refor\u00e7a compromisso de otimizar distribui\u00e7\u00e3o de promotores nas comarcas"},"content":{"rendered":"<p style=\"text-align: justify;\"><span style=\"font-size: 12pt; font-family: helvetica, arial, sans-serif;\">O procurador-geral de Justi\u00e7a (PGJ), Lean Ara\u00fajo, recebeu, nesta quarta-feira (4), a visita institucional do corregedor-geral do Tribunal de Justi\u00e7a de Alagoas, desembargador Cel\u00edrio Adamastor. O encontro ocorreu na sede do Minist\u00e9rio P\u00fablico do Estado de Alagoas (MPAL) e teve como objetivo fortalecer o di\u00e1logo entre as institui\u00e7\u00f5es e alinhar estrat\u00e9gias para melhorar a presta\u00e7\u00e3o jurisdicional em diversas comarcas do estado.<\/span><\/p>\n<p style=\"text-align: justify;\"><span style=\"font-size: 12pt; font-family: helvetica, arial, sans-serif;\">Durante a reuni\u00e3o, o Minist\u00e9rio P\u00fablico reafirmou o compromisso de adotar as medidas administrativas necess\u00e1rias para designar promotores de Justi\u00e7a \u00e0s promotorias que atendem comarcas que recentemente passaram a contar com novos magistrados. A iniciativa busca garantir que a atua\u00e7\u00e3o ministerial acompanhe a presen\u00e7a do Judici\u00e1rio, assegurando que as atividades jurisdicionais ocorram de forma plena, com a participa\u00e7\u00e3o de todos os \u00f3rg\u00e3os essenciais \u00e0 Justi\u00e7a.<\/span><\/p>\n<p style=\"text-align: justify;\"><span style=\"font-size: 12pt; font-family: helvetica, arial, sans-serif;\">O procurador-geral de Justi\u00e7a, Lean Ara\u00fajo, destacou que o Minist\u00e9rio P\u00fablico est\u00e1 atento \u00e0s mudan\u00e7as na estrutura do Judici\u00e1rio e garantiu o compromisso institucional de otimizar a distribui\u00e7\u00e3o de promotores de Justi\u00e7a nas comarcas que passar\u00e3o a contar com novos ju\u00edzes.<\/span><\/p>\n<p style=\"text-align: justify;\"><span style=\"font-size: 12pt; font-family: helvetica, arial, sans-serif;\">Segundo ele, a Procuradoria-Geral de Justi\u00e7a acompanhar\u00e1 esse processo de forma articulada, adotando as provid\u00eancias administrativas necess\u00e1rias para que as promotorias tenham membros designados e possam atuar de maneira efetiva ao lado do Poder Judici\u00e1rio.<\/span><\/p>\n<p style=\"text-align: justify;\"><span style=\"font-size: 12pt; font-family: helvetica, arial, sans-serif;\">\u201cO Minist\u00e9rio P\u00fablico tem o compromisso de assegurar que a atua\u00e7\u00e3o institucional acompanhe a estrutura do Poder Judici\u00e1rio. Sempre que houver a instala\u00e7\u00e3o ou refor\u00e7o de unidades judiciais, trabalharemos para que essas promotorias tamb\u00e9m tenham promotores designados, assegurando que a promo\u00e7\u00e3o da Justi\u00e7a ocorra da melhor forma poss\u00edvel para o cidad\u00e3o\u201d, afirmou o PGJ.<\/span><\/p>\n<p style=\"text-align: justify;\"><span style=\"font-size: 12pt; font-family: helvetica, arial, sans-serif;\">Para o desembargador Cel\u00edrio Adamastor, o di\u00e1logo entre as institui\u00e7\u00f5es \u00e9 fundamental para que a amplia\u00e7\u00e3o da estrutura judicial resulte em melhorias concretas no atendimento \u00e0 popula\u00e7\u00e3o. Ele ressaltou que a atua\u00e7\u00e3o integrada entre Judici\u00e1rio e Minist\u00e9rio P\u00fablico fortalece o sistema de justi\u00e7a e contribui para tornar a presta\u00e7\u00e3o jurisdicional mais eficiente.<\/span><\/p>\n","protected":false},"excerpt":{"rendered":"<p> [&hellip;]<\/p>\n","protected":false},"author":17,"featured_media":66998,"comment_status":"open","ping_status":"open","sticky":false,"template":"","format":"standard","meta":{"om_disable_all_campaigns":false,"_monsterinsights_skip_tracking":false,"_monsterinsights_sitenote_active":false,"_monsterinsights_sitenote_note":"","_monsterinsights_sitenote_category":0,"_uf_show_specific_survey":0,"_uf_disable_surveys":false,"footnotes":""},"categories":[2,49],"tags":[],"class_list":["post-66996","post","type-post","status-publish","format-standard","has-post-thumbnail","hentry","category-not_mpal","category-not_pgj"],"aioseo_notices":[],"_links":{"self":[{"href":"https:\/\/www.mpal.mp.br\/index.php?rest_route=\/wp\/v2\/posts\/66996","targetHints":{"allow":["GET"]}}],"collection":[{"href":"https:\/\/www.mpal.mp.br\/index.php?rest_route=\/wp\/v2\/posts"}],"about":[{"href":"https:\/\/www.mpal.mp.br\/index.php?rest_route=\/wp\/v2\/types\/post"}],"author":[{"embeddable":true,"href":"https:\/\/www.mpal.mp.br\/index.php?rest_route=\/wp\/v2\/users\/17"}],"replies":[{"embeddable":true,"href":"https:\/\/www.mpal.mp.br\/index.php?rest_route=%2Fwp%2Fv2%2Fcomments&post=66996"}],"version-history":[{"count":1,"href":"https:\/\/www.mpal.mp.br\/index.php?rest_route=\/wp\/v2\/posts\/66996\/revisions"}],"predecessor-version":[{"id":66997,"href":"https:\/\/www.mpal.mp.br\/index.php?rest_route=\/wp\/v2\/posts\/66996\/revisions\/66997"}],"wp:featuredmedia":[{"embeddable":true,"href":"https:\/\/www.mpal.mp.br\/index.php?rest_route=\/wp\/v2\/media\/66998"}],"wp:attachment":[{"href":"https:\/\/www.mpal.mp.br\/index.php?rest_route=%2Fwp%2Fv2%2Fmedia&parent=66996"}],"wp:term":[{"taxonomy":"category","embeddable":true,"href":"https:\/\/www.mpal.mp.br\/index.php?rest_route=%2Fwp%2Fv2%2Fcategories&post=66996"},{"taxonomy":"post_tag","embeddable":true,"href":"https:\/\/www.mpal.mp.br\/index.php?rest_route=%2Fwp%2Fv2%2Ftags&post=66996"}],"curies":[{"name":"wp","href":"https:\/\/api.w.org\/{rel}","templated":true}]}}