{"id":66964,"date":"2026-03-04T11:30:05","date_gmt":"2026-03-04T14:30:05","guid":{"rendered":"https:\/\/www.mpal.mp.br\/?p=66964"},"modified":"2026-03-04T11:30:21","modified_gmt":"2026-03-04T14:30:21","slug":"operacao-polhastro-denuncia-do-gaesf-resulta-em-condenacao-por-corrupcao-sonegacao-e-lavagem-de-dinheiro","status":"publish","type":"post","link":"https:\/\/www.mpal.mp.br\/?p=66964","title":{"rendered":"Opera\u00e7\u00e3o Polhastro: den\u00fancia do GAESF resulta em condena\u00e7\u00e3o por corrup\u00e7\u00e3o, sonega\u00e7\u00e3o e lavagem de dinheiro"},"content":{"rendered":"<p style=\"text-align: justify;\" align=\"justify\"><span style=\"font-family: helvetica, arial, sans-serif; font-size: 12pt;\">O somat\u00f3rio das penas aplicadas aos r\u00e9us condenados na a\u00e7\u00e3o penal ajuizada pelo Grupo de Atua\u00e7\u00e3o Especial de Combate \u00e0 Sonega\u00e7\u00e3o Fiscal e Lavagem de Bens (GAESF) alcan\u00e7a 10 anos e sete meses de reclus\u00e3o, em regime inicialmente fechado. A condena\u00e7\u00e3o foi imposta a L. A. A. S., enquanto o r\u00e9u L.M. D. M. foi absolvido por insufici\u00eancia de provas. A decis\u00e3o \u00e9 resultado da den\u00fancia no \u00e2mbito da Opera\u00e7\u00e3o Polhastro, e o MPAL analisa se vai recorrer da senten\u00e7a perante o Tribunal do Justi\u00e7a.<\/span><\/p>\n<p style=\"text-align: justify;\" align=\"justify\"><span style=\"font-family: helvetica, arial, sans-serif; font-size: 12pt;\">A Opera\u00e7\u00e3o Polhastro foi deflagrada com o objetivo de desarticular uma organiza\u00e7\u00e3o criminosa estruturada para fraudar o fisco estadual, mediante a cria\u00e7\u00e3o de empresas de fachada, utiliza\u00e7\u00e3o de \u201claranjas\u201d e manipula\u00e7\u00e3o do enquadramento tribut\u00e1rio no Simples Nacional. O processo analisou especificamente o chamado n\u00facleo fiscal da organiza\u00e7\u00e3o. <\/span><\/p>\n<p style=\"text-align: justify;\" align=\"justify\"><span style=\"font-family: helvetica, arial, sans-serif; font-size: 12pt;\">De acordo com a peti\u00e7\u00e3o do GAESF, o esquema consistia na abertura de dezenas de empresas fict\u00edcias, formalmente registradas em nome de terceiros, mas utilizadas para adquirir mercadorias destinadas \u00e0 empresa principal do grupo. O objetivo era reduzir artificialmente a carga tribut\u00e1ria e dificultar a fiscaliza\u00e7\u00e3o estadual. <\/span><\/p>\n<p style=\"text-align: justify;\" align=\"justify\"><span style=\"font-family: helvetica, arial, sans-serif; font-size: 12pt;\">As investiga\u00e7\u00f5es apontaram que, entre 2011 e 2017, a organiza\u00e7\u00e3o movimentou mais de R$ 121 milh\u00f5es por meio dessas empresas de fachada, recolhendo valores muito inferiores aos efetivamente devidos ao er\u00e1rio. A estrutura envolvia empres\u00e1rios, contadores, intermedi\u00e1rios e agentes p\u00fablicos, com divis\u00e3o clara de fun\u00e7\u00f5es.<\/span><\/p>\n<p style=\"text-align: justify;\" align=\"justify\"><span style=\"font-family: helvetica, arial, sans-serif; font-size: 12pt;\">No n\u00facleo fiscal examinado na a\u00e7\u00e3o penal, o Minist\u00e9rio P\u00fablico imputou ao r\u00e9u L. A. A. S. a pr\u00e1tica de crime funcional contra a ordem tribut\u00e1ria, por solicitar e receber vantagem indevida para liberar cargas destinadas \u00e0 empresa investigada, deixando de cobrar os tributos correspondentes, tendo a 17\u00aa Vara Criminal da capital, sentenciado o referido r\u00e9u a 10 anos de reclus\u00e3o e perda do agente p\u00fablico. <\/span><\/p>\n<p style=\"text-align: justify;\" align=\"justify\"><strong><span style=\"font-family: helvetica, arial, sans-serif; font-size: 12pt;\">A investiga\u00e7\u00e3o <\/span><\/strong><\/p>\n<p style=\"text-align: justify;\" align=\"justify\"><span style=\"font-family: helvetica, arial, sans-serif; font-size: 12pt;\">As provas apresentadas pelo MPAL ao Poder Judici\u00e1rio inclu\u00edram conversas extra\u00eddas de aplicativo de mensagens e registros no sistema de fiscaliza\u00e7\u00e3o e comprovantes de dep\u00f3sitos realizados em contas de terceiros. Segundo a senten\u00e7a, ficou demonstrada a negocia\u00e7\u00e3o de valores para libera\u00e7\u00e3o de mercadorias, quantia dividida em dep\u00f3sitos banc\u00e1rios com o objetivo de ocultar a origem il\u00edcita. <\/span><\/p>\n<p style=\"text-align: justify;\" align=\"justify\"><strong><span style=\"font-family: helvetica, arial, sans-serif; font-size: 12pt;\">Condena\u00e7\u00e3o <\/span><\/strong><\/p>\n<p style=\"text-align: justify;\" align=\"justify\"><span style=\"font-family: helvetica, arial, sans-serif; font-size: 12pt;\">Al\u00e9m do crime funcional contra a ordem tribut\u00e1ria (art. 3\u00ba, II, da Lei n\u00ba 8.137\/90), o r\u00e9u L. A. A. S. foi condenado por lavagem de capitais (art. 1\u00ba da Lei n\u00ba 9.613\/98) e por integrar organiza\u00e7\u00e3o criminosa (art. 2\u00ba da Lei n\u00ba 12.850\/13). As penas individualizadas resultaram na fixa\u00e7\u00e3o definitiva de 10 anos e 7 meses de reclus\u00e3o, al\u00e9m de multa e perda do cargo. <\/span><\/p>\n<p align=\"justify\">\n","protected":false},"excerpt":{"rendered":"<p> [&hellip;]<\/p>\n","protected":false},"author":17,"featured_media":66966,"comment_status":"open","ping_status":"open","sticky":false,"template":"","format":"standard","meta":{"om_disable_all_campaigns":false,"_monsterinsights_skip_tracking":false,"_monsterinsights_sitenote_active":false,"_monsterinsights_sitenote_note":"","_monsterinsights_sitenote_category":0,"_uf_show_specific_survey":0,"_uf_disable_surveys":false,"footnotes":""},"categories":[2],"tags":[],"class_list":["post-66964","post","type-post","status-publish","format-standard","has-post-thumbnail","hentry","category-not_mpal"],"aioseo_notices":[],"_links":{"self":[{"href":"https:\/\/www.mpal.mp.br\/index.php?rest_route=\/wp\/v2\/posts\/66964","targetHints":{"allow":["GET"]}}],"collection":[{"href":"https:\/\/www.mpal.mp.br\/index.php?rest_route=\/wp\/v2\/posts"}],"about":[{"href":"https:\/\/www.mpal.mp.br\/index.php?rest_route=\/wp\/v2\/types\/post"}],"author":[{"embeddable":true,"href":"https:\/\/www.mpal.mp.br\/index.php?rest_route=\/wp\/v2\/users\/17"}],"replies":[{"embeddable":true,"href":"https:\/\/www.mpal.mp.br\/index.php?rest_route=%2Fwp%2Fv2%2Fcomments&post=66964"}],"version-history":[{"count":3,"href":"https:\/\/www.mpal.mp.br\/index.php?rest_route=\/wp\/v2\/posts\/66964\/revisions"}],"predecessor-version":[{"id":66990,"href":"https:\/\/www.mpal.mp.br\/index.php?rest_route=\/wp\/v2\/posts\/66964\/revisions\/66990"}],"wp:featuredmedia":[{"embeddable":true,"href":"https:\/\/www.mpal.mp.br\/index.php?rest_route=\/wp\/v2\/media\/66966"}],"wp:attachment":[{"href":"https:\/\/www.mpal.mp.br\/index.php?rest_route=%2Fwp%2Fv2%2Fmedia&parent=66964"}],"wp:term":[{"taxonomy":"category","embeddable":true,"href":"https:\/\/www.mpal.mp.br\/index.php?rest_route=%2Fwp%2Fv2%2Fcategories&post=66964"},{"taxonomy":"post_tag","embeddable":true,"href":"https:\/\/www.mpal.mp.br\/index.php?rest_route=%2Fwp%2Fv2%2Ftags&post=66964"}],"curies":[{"name":"wp","href":"https:\/\/api.w.org\/{rel}","templated":true}]}}