{"id":66869,"date":"2026-02-26T16:28:44","date_gmt":"2026-02-26T19:28:44","guid":{"rendered":"https:\/\/www.mpal.mp.br\/?p=66869"},"modified":"2026-02-26T16:28:44","modified_gmt":"2026-02-26T19:28:44","slug":"mpal-mobiliza-escolas-de-maceio-para-acoes-de-sensibilizacao-sobre-o-dia-internacional-da-mulher-e-o-combate-a-violencia-domestica","status":"publish","type":"post","link":"https:\/\/www.mpal.mp.br\/?p=66869","title":{"rendered":"MPAL mobiliza escolas de Macei\u00f3 para a\u00e7\u00f5es de sensibiliza\u00e7\u00e3o sobre o Dia Internacional da Mulher e o combate \u00e0 viol\u00eancia dom\u00e9stica"},"content":{"rendered":"<p style=\"text-align: justify;\"><span style=\"font-weight: 400; font-family: helvetica, arial, sans-serif; color: #000000;\">Com a finalidade de orientar, mobilizar e acompanhar a implementa\u00e7\u00e3o de a\u00e7\u00f5es preventivas contra a viol\u00eancia dom\u00e9stica no \u00e2mbito das escolas das redes municipal, estadual e privada do munic\u00edpio de Macei\u00f3 sobre o combate \u00e0 viol\u00eancia dom\u00e9stica contra a mulher no ambiente familiar, o Minist\u00e9rio P\u00fablico do Estado de Alagoas (MPAL) executa o projeto \u201cPreven\u00e7\u00e3o \u00e0 Viol\u00eancia Dom\u00e9stica e Familiar\u201d. Dentro dessa iniciativa, o \u00f3rg\u00e3o ministerial definiu atividades a serem desenvolvidas no m\u00eas de mar\u00e7o, quando se celebra, no dia 8, o Dia Internacional da Mulher, como tamb\u00e9m a\u00e7\u00f5es juntamente com as escolas para todo o ano letivo de 2026.<\/span><\/p>\n<p style=\"text-align: justify;\"><span style=\"font-weight: 400; font-family: helvetica, arial, sans-serif; color: #000000;\">Para isso, o MPAL, por iniciativa das Promotorias da Viol\u00eancia Dom\u00e9stica e Familiar da Capital , instaurou Atividade N\u00e3o Procedimental (ANP), a qual vai permitir o acompanhamento da efetiva\u00e7\u00e3o da Lei 14.164\/2021 (Plano Nacional de Educa\u00e7\u00e3o \u2013 PNE) em todas as escolas p\u00fablicas e privadas da capital.<\/span><\/p>\n<p style=\"text-align: justify;\"><span style=\"font-weight: 400; font-family: helvetica, arial, sans-serif; color: #000000;\">Segundo o promotor titular da 43\u00aa Promotoria de Justi\u00e7a da Capital (PJC), Cl\u00e1udio Malta, a Lei 14.164\/2021 estabelece como diretriz da pol\u00edtica educacional nacional a promo\u00e7\u00e3o da educa\u00e7\u00e3o em direitos humanos, da preven\u00e7\u00e3o de todas as formas de viol\u00eancia, da promo\u00e7\u00e3o da cultura de paz e da supera\u00e7\u00e3o das desigualdades.<\/span><\/p>\n<p style=\"text-align: justify;\"><span style=\"font-weight: 400; font-family: helvetica, arial, sans-serif; color: #000000;\">\u201cIsso imp\u00f5e ao poder p\u00fablico a obriga\u00e7\u00e3o de desenvolver, no \u00e2mbito escolar, a\u00e7\u00f5es pedag\u00f3gicas cont\u00ednuas voltadas \u00e0 preven\u00e7\u00e3o da viol\u00eancia, ao respeito \u00e0 dignidade da pessoa humana e \u00e0 igualdade de g\u00eanero, bem como \u00e0 forma\u00e7\u00e3o continuada dos profissionais da educa\u00e7\u00e3o e \u00e0 articula\u00e7\u00e3o com a rede de prote\u00e7\u00e3o social\u201d, salientou o promotor de Justi\u00e7a.<\/span><\/p>\n<p style=\"text-align: justify;\"><span style=\"font-weight: 400; font-family: helvetica, arial, sans-serif; color: #000000;\">Nesse sentido, ainda segundo ele, o MPAL vai desenvolver a\u00e7\u00f5es em parceria com as Secretarias de Educa\u00e7\u00e3o do Estado e do Munic\u00edpio, Ger\u00eancias Regionais de Educa\u00e7\u00e3o e outras entidades que j\u00e1 possuem um planejamento pr\u00f3prio para essa mesma finalidade. Desse modo, de acordo com ele, haver\u00e1 uma complementa\u00e7\u00e3o de a\u00e7\u00f5es.<\/span><\/p>\n<p style=\"text-align: justify;\"><span style=\"font-weight: 400; font-family: helvetica, arial, sans-serif; color: #000000;\">No documento de instala\u00e7\u00e3o da ANP, Cl\u00e1udio Malta ressalta que \u201ca viol\u00eancia dom\u00e9stica ocorre, majoritariamente, no ambiente familiar, sendo frequentemente presenciada por crian\u00e7as e adolescentes, o que compromete seu desenvolvimento emocional, social e cognitivo, com reflexos diretos no rendimento escolar, na frequ\u00eancia \u00e0s aulas e no comportamento no ambiente educacional\u201d.<\/span><\/p>\n<p style=\"text-align: justify;\"><span style=\"font-weight: 400; font-family: helvetica, arial, sans-serif; color: #000000;\">\u201cA viol\u00eancia dom\u00e9stica e familiar contra a mulher constitui grave viola\u00e7\u00e3o de direitos humanos, com impactos profundos e duradouros na vida de mulheres, crian\u00e7as e adolescentes\u201d, assinalou.<\/span><\/p>\n<p style=\"text-align: justify;\"><span style=\"font-weight: 400; font-family: helvetica, arial, sans-serif; color: #000000;\">Conforme dados oficiais do F\u00f3rum Brasileiro de Seguran\u00e7a P\u00fablica, constantes da 19\u00aa edi\u00e7\u00e3o do Anu\u00e1rio Brasileiro de Seguran\u00e7a P\u00fablica (2025), h\u00e1 um cen\u00e1rio de gravidade em rela\u00e7\u00e3o \u00e0 viol\u00eancia dom\u00e9stica e familiar contra a mulher. O Anu\u00e1rio revela que houve o registro de 1.492 casos de feminic\u00eddio no ano de 2024, o maior n\u00famero desde a tipifica\u00e7\u00e3o do crime no ordenamento jur\u00eddico brasileiro.<\/span><\/p>\n<p style=\"text-align: justify;\"><span style=\"font-weight: 400; font-family: helvetica, arial, sans-serif; color: #000000;\">Tamb\u00e9m ocorreram 87.545 registros de estupro e estupro de vulner\u00e1vel em 2024, representando o maior \u00edndice da s\u00e9rie hist\u00f3rica, com expressiva incid\u00eancia de v\u00edtimas crian\u00e7as e adolescentes. Al\u00e9m disso, houve a concess\u00e3o de 555.001 medidas protetivas de urg\u00eancia, das quais mais de 100 mil foram descumpridas, evidenciando a persist\u00eancia do risco e a necessidade de atua\u00e7\u00e3o preventiva cont\u00ednua, inclusive com o p\u00fablico escolar, ou seja, crian\u00e7as e jovens.<\/span><\/p>\n<p style=\"text-align: justify;\"><span style=\"font-family: helvetica, arial, sans-serif; color: #000000;\"><b>Medidas<\/b><\/span><\/p>\n<p style=\"text-align: justify;\"><span style=\"font-weight: 400; font-family: helvetica, arial, sans-serif; color: #000000;\">Entre as diversas medidas a serem implementadas nas escolas de Macei\u00f3 a partir do m\u00eas de mar\u00e7o, est\u00e1 o lan\u00e7amento de uma cartilha, pelo MPAL, com foco no projeto de Preven\u00e7\u00e3o \u00e0 Viol\u00eancia Dom\u00e9stica nas Escolas de Macei\u00f3. Al\u00e9m disso, a dire\u00e7\u00e3o das escolas recebeu um formul\u00e1rio, no qual consta um modelo de Plano de A\u00e7\u00e3o Escolar, cujas a\u00e7\u00f5es devem ser iniciadas no pr\u00f3ximo m\u00eas de mar\u00e7o em alus\u00e3o ao Dia Internacional da Mulher.<\/span><\/p>\n<p style=\"text-align: justify;\"><span style=\"font-weight: 400; font-family: helvetica, arial, sans-serif; color: #000000;\">Em janeiro deste ano, o MPAL, por meio das Promotorias de Justi\u00e7a de Combate \u00e0 Viol\u00eancia Dom\u00e9stica e Familiar contra a Mulher da Capital, expediu uma Recomenda\u00e7\u00e3o ao Estado e ao Munic\u00edpio de Macei\u00f3 para que direcionassem esfor\u00e7os no sentido de realizarem, em todas as escolas p\u00fablicas e privadas, a Semana Escolar de Combate \u00e0 Viol\u00eancia contra a Mulher, atividades pedag\u00f3gicas voltadas para a Lei Maria da Penha, promo\u00e7\u00e3o de reflex\u00e3o cr\u00edtica sobre a preven\u00e7\u00e3o e o combate \u00e0 viol\u00eancia de g\u00eanero.<\/span><\/p>\n<p style=\"text-align: justify;\"><span style=\"font-weight: 400; font-family: helvetica, arial, sans-serif; color: #000000;\">Adicionalmente, a Recomenda\u00e7\u00e3o tamb\u00e9m solicita dos entes estadual e municipal a inclus\u00e3o de conte\u00fados relativos aos direitos humanos e \u00e0 preven\u00e7\u00e3o de todas as formas de viol\u00eancia contra a crian\u00e7a, o adolescente e a mulher, como temas transversais, nos curr\u00edculos da educa\u00e7\u00e3o b\u00e1sica.<\/span><\/p>\n","protected":false},"excerpt":{"rendered":"<p> [&hellip;]<\/p>\n","protected":false},"author":24,"featured_media":66870,"comment_status":"open","ping_status":"open","sticky":false,"template":"","format":"standard","meta":{"om_disable_all_campaigns":false,"_monsterinsights_skip_tracking":false,"_monsterinsights_sitenote_active":false,"_monsterinsights_sitenote_note":"","_monsterinsights_sitenote_category":0,"_uf_show_specific_survey":0,"_uf_disable_surveys":false,"footnotes":""},"categories":[2],"tags":[],"class_list":["post-66869","post","type-post","status-publish","format-standard","has-post-thumbnail","hentry","category-not_mpal"],"aioseo_notices":[],"_links":{"self":[{"href":"https:\/\/www.mpal.mp.br\/index.php?rest_route=\/wp\/v2\/posts\/66869","targetHints":{"allow":["GET"]}}],"collection":[{"href":"https:\/\/www.mpal.mp.br\/index.php?rest_route=\/wp\/v2\/posts"}],"about":[{"href":"https:\/\/www.mpal.mp.br\/index.php?rest_route=\/wp\/v2\/types\/post"}],"author":[{"embeddable":true,"href":"https:\/\/www.mpal.mp.br\/index.php?rest_route=\/wp\/v2\/users\/24"}],"replies":[{"embeddable":true,"href":"https:\/\/www.mpal.mp.br\/index.php?rest_route=%2Fwp%2Fv2%2Fcomments&post=66869"}],"version-history":[{"count":1,"href":"https:\/\/www.mpal.mp.br\/index.php?rest_route=\/wp\/v2\/posts\/66869\/revisions"}],"predecessor-version":[{"id":66871,"href":"https:\/\/www.mpal.mp.br\/index.php?rest_route=\/wp\/v2\/posts\/66869\/revisions\/66871"}],"wp:featuredmedia":[{"embeddable":true,"href":"https:\/\/www.mpal.mp.br\/index.php?rest_route=\/wp\/v2\/media\/66870"}],"wp:attachment":[{"href":"https:\/\/www.mpal.mp.br\/index.php?rest_route=%2Fwp%2Fv2%2Fmedia&parent=66869"}],"wp:term":[{"taxonomy":"category","embeddable":true,"href":"https:\/\/www.mpal.mp.br\/index.php?rest_route=%2Fwp%2Fv2%2Fcategories&post=66869"},{"taxonomy":"post_tag","embeddable":true,"href":"https:\/\/www.mpal.mp.br\/index.php?rest_route=%2Fwp%2Fv2%2Ftags&post=66869"}],"curies":[{"name":"wp","href":"https:\/\/api.w.org\/{rel}","templated":true}]}}