{"id":66845,"date":"2026-02-26T10:54:51","date_gmt":"2026-02-26T13:54:51","guid":{"rendered":"https:\/\/www.mpal.mp.br\/?p=66845"},"modified":"2026-02-26T11:10:34","modified_gmt":"2026-02-26T14:10:34","slug":"ministerio-publico-notifica-asa-sobre-vandalismo-e-confusao-generalizada-apos-jogo-com-operario-e-adotara-providencias","status":"publish","type":"post","link":"https:\/\/www.mpal.mp.br\/?p=66845","title":{"rendered":"Minist\u00e9rio P\u00fablico notifica ASA sobre vandalismo e confus\u00e3o generalizada ap\u00f3s jogo com Oper\u00e1rio e adotar\u00e1 provid\u00eancias"},"content":{"rendered":"<p style=\"text-align: justify;\" align=\"justify\"><span style=\"font-family: helvetica, arial, sans-serif;\">Os registros das cenas de vandalismo e confus\u00e3o generalizada desencadeadas, nesta quarta-feira (25), ap\u00f3s o encerramento do jogo entre a Associa\u00e7\u00e3o Sportiva Arapiraquense (ASA) e o Oper\u00e1rio do Mato Grosso do Sul levaram o Minist\u00e9rio P\u00fablico de Alagoas (MPAL), por meio da Promotoria de Justi\u00e7a do Direito do Consumidor, em car\u00e1ter de urg\u00eancia, a instaurar procedimento (Proc. SAJ MP 01.2026.00000707-0) e medidas podem ir da notifica\u00e7\u00e3o do clube alagoano a uma poss\u00edvel recomenda\u00e7\u00e3o para o pr\u00f3ximo jogo contra o Clube de Regatas Brasil (CRB) pela final do Campeonato Alagoano. O promotor de Justi\u00e7a Thiago Chacon, titular da mencionada promotoria, al\u00e9m de notificar o ASA, oficiou o comando do 3\u00ba Batalh\u00e3o da Pol\u00edcia Militar e a Federa\u00e7\u00e3o Alagoana de Futebol (FAF).\u00a0<\/span><\/p>\n<p style=\"text-align: justify;\" align=\"justify\"><span style=\"font-family: helvetica, arial, sans-serif;\">Diante da confus\u00e3o generalizada, o Minist\u00e9rio P\u00fablico questiona as falhas na seguran\u00e7a e organiza\u00e7\u00e3o do evento pelo clube mandante e, por preven\u00e7\u00e3o, pode solicitar jogo sem torcida em uma das partidas da final do alagoano, em Arapiraca.<\/span><\/p>\n<p style=\"text-align: justify;\" align=\"justify\"><span style=\"font-family: helvetica, arial, sans-serif;\">\u201cA atua\u00e7\u00e3o da Promotoria do Consumidor de Arapiraca \u00e9 sempre pautada pela defesa intransigente da ordem p\u00fablica e pela promo\u00e7\u00e3o de um ambiente seguro nos est\u00e1dios, com o objetivo de erradicar confrontos protagonizados por torcedores. Lamentavelmente, a persist\u00eancia dessa cultura de viol\u00eancia imp\u00f5e a ado\u00e7\u00e3o de medidas en\u00e9rgicas e imediatas, podendo chegar at\u00e9 mesmo a perdas de mando de campo ou jogos com port\u00f5es fechados.Os registros feitos na noite de ontem, no Est\u00e1dio Coaracy, foram ainda mais graves, pois apontam para epis\u00f3dios de viol\u00eancia que envolveram, inicialmente, os pr\u00f3prios jogadores, com posterior participa\u00e7\u00e3o de\u00a0 dirigentes, comiss\u00e3o t\u00e9cnica e de parcela do p\u00fablico presente que, de forma, tamb\u00e9m, bastante preocupante, conseguiu invadir o campo sem maiores problemas. Diante disso, \u00e9 imprescind\u00edvel identificar a origem das falhas, individualizar as responsabilidades e adotar todas as provid\u00eancias legais cab\u00edveis.Nesse sentido, j\u00e1 determinamos a notifica\u00e7\u00e3o do clube mandante \u2014 o ASA de Arapiraca \u2014, a quem compete, nos termos da legisla\u00e7\u00e3o vigente, a\u00a0 responsabilidade pela seguran\u00e7a do evento, para que preste os esclarecimentos necess\u00e1rios e responda pelos fatos apurados\u201d, afirma o promotor Thiago Chacon.<\/span><\/p>\n<p style=\"text-align: justify;\" align=\"justify\"><span style=\"font-family: helvetica, arial, sans-serif;\">Em rela\u00e7\u00e3o \u00e0 Pol\u00edcia Militar, o Minist\u00e9rio P\u00fablico pediu esclarecimentos sobre o n\u00famero de policiais empregados no evento esportivo, al\u00e9m da ado\u00e7\u00e3o de medidas preventivas cautelares que devem ser garantidas para o pr\u00f3ximo jogo em Arapiraca. J\u00e1 a FAF foram requeridas c\u00f3pias da s\u00famula do jogo, dos boletins e das atas, e feita a recomenda\u00e7\u00e3o para a ado\u00e7\u00e3o de medidas preventivas e cautelares, no \u00e2mbito desportivo-disciplinar, em desfavor da equipe mandante (ASA), por evidentes condutas il\u00edcitas cometidas ap\u00f3s o jogo dessa quarta-feira. O MPAL tamb\u00e9m oficiou a a NN TV para que disponibilize, na \u00edntegra, c\u00f3pia completa do video da confus\u00e3o que foi compartilhado.<\/span><\/p>\n<p style=\"text-align: justify;\"><span style=\"font-family: helvetica, arial, sans-serif;\">Para o MP do Consumidor dois pontos s\u00e3o primordiais para as an\u00e1lises, primeiro a evidente falha de seguran\u00e7a com a facilidade da invas\u00e3o do campo por torcedores, dirigentes e comiss\u00e3o t\u00e9cnica; segundo, a evidente falha de seguran\u00e7a que as imagens mostram, com baix\u00edssimo n\u00famero de policiais ou seguran\u00e7a particular para a garantia do espet\u00e1culo.<\/span><\/p>\n<p style=\"text-align: justify;\" align=\"justify\"><span style=\"font-family: helvetica, arial, sans-serif;\">Ap\u00f3s an\u00e1lises pormenorizadas, ser\u00e3o decididas pela Promotoria de Justi\u00e7a de Defesa do Consumidor, as medidas para a pr\u00f3xima partida do ASA, inclusive, para evitar enfrentamentos mais violentos, pela garantia da ordem p\u00fablica, seguindo o preconizado na Lei Geral do Esporte, antiga Lei do Torcedor. <\/span><\/p>\n<p style=\"text-align: justify;\" align=\"justify\"><span style=\"font-family: helvetica, arial, sans-serif;\">De acordo com a <span style=\"color: #0a0a0a;\"><span style=\"font-size: medium;\">Lei n\u00ba 14.597\/2023 <\/span><\/span><span style=\"color: #0a0a0a;\"><span style=\"font-size: medium;\">( do Esporte<\/span><\/span><span style=\"color: #0a0a0a;\"><span style=\"font-size: medium;\">)<\/span><\/span><span style=\"color: #0a0a0a;\"><span style=\"font-size: medium;\">, o jogo <\/span><\/span><span style=\"color: #0a0a0a;\"><span style=\"font-size: medium;\">com <\/span><\/span><span style=\"color: #0a0a0a;\"><span style=\"font-size: medium;\">port\u00f5es fechados <\/span><\/span><span style=\"color: #0a0a0a;\"><span style=\"font-size: medium;\">serve como <\/span><\/span><span style=\"color: #0a0a0a;\"><span style=\"font-size: medium;\">uma medida disciplinar, administrativa ou de seguran\u00e7a para conter a viol\u00eancia. <\/span><\/span><span style=\"color: #0a0a0a;\"><span style=\"font-size: medium;\">Ela assegura<\/span><\/span> <span style=\"color: #0a0a0a;\"><span style=\"font-size: medium;\">medidas punitivas contra clubes cujas torcidas organizadas ou <\/span><\/span><span style=\"color: #0a0a0a;\"><span style=\"font-size: medium;\">outros <\/span><\/span><span style=\"color: #0a0a0a;\"><span style=\"font-size: medium;\">torcedores se envolvam em atos de viol\u00eancia, discrimina\u00e7\u00e3o ou desordem. <\/span><\/span><span style=\"color: #0a0a0a;\"><span style=\"font-size: medium;\">O que reflete<\/span><\/span><span style=\"color: #0a0a0a;\"><span style=\"font-size: medium;\">, <\/span><\/span><span style=\"color: #0a0a0a;\"><span style=\"font-size: medium;\">indiscutivelmente, o caso em discuss\u00e3o.<\/span><\/span><\/span><\/p>\n<p style=\"text-align: justify;\" align=\"justify\"><span style=\"font-family: helvetica, arial, sans-serif;\">Imagem: Print do video da NN TV<\/span><\/p>\n","protected":false},"excerpt":{"rendered":"<p> [&hellip;]<\/p>\n","protected":false},"author":8,"featured_media":66846,"comment_status":"open","ping_status":"open","sticky":false,"template":"","format":"standard","meta":{"om_disable_all_campaigns":false,"_monsterinsights_skip_tracking":false,"_monsterinsights_sitenote_active":false,"_monsterinsights_sitenote_note":"","_monsterinsights_sitenote_category":0,"_uf_show_specific_survey":0,"_uf_disable_surveys":false,"footnotes":""},"categories":[2],"tags":[],"class_list":["post-66845","post","type-post","status-publish","format-standard","has-post-thumbnail","hentry","category-not_mpal"],"aioseo_notices":[],"_links":{"self":[{"href":"https:\/\/www.mpal.mp.br\/index.php?rest_route=\/wp\/v2\/posts\/66845","targetHints":{"allow":["GET"]}}],"collection":[{"href":"https:\/\/www.mpal.mp.br\/index.php?rest_route=\/wp\/v2\/posts"}],"about":[{"href":"https:\/\/www.mpal.mp.br\/index.php?rest_route=\/wp\/v2\/types\/post"}],"author":[{"embeddable":true,"href":"https:\/\/www.mpal.mp.br\/index.php?rest_route=\/wp\/v2\/users\/8"}],"replies":[{"embeddable":true,"href":"https:\/\/www.mpal.mp.br\/index.php?rest_route=%2Fwp%2Fv2%2Fcomments&post=66845"}],"version-history":[{"count":4,"href":"https:\/\/www.mpal.mp.br\/index.php?rest_route=\/wp\/v2\/posts\/66845\/revisions"}],"predecessor-version":[{"id":66858,"href":"https:\/\/www.mpal.mp.br\/index.php?rest_route=\/wp\/v2\/posts\/66845\/revisions\/66858"}],"wp:featuredmedia":[{"embeddable":true,"href":"https:\/\/www.mpal.mp.br\/index.php?rest_route=\/wp\/v2\/media\/66846"}],"wp:attachment":[{"href":"https:\/\/www.mpal.mp.br\/index.php?rest_route=%2Fwp%2Fv2%2Fmedia&parent=66845"}],"wp:term":[{"taxonomy":"category","embeddable":true,"href":"https:\/\/www.mpal.mp.br\/index.php?rest_route=%2Fwp%2Fv2%2Fcategories&post=66845"},{"taxonomy":"post_tag","embeddable":true,"href":"https:\/\/www.mpal.mp.br\/index.php?rest_route=%2Fwp%2Fv2%2Ftags&post=66845"}],"curies":[{"name":"wp","href":"https:\/\/api.w.org\/{rel}","templated":true}]}}