{"id":66841,"date":"2026-02-26T10:45:44","date_gmt":"2026-02-26T13:45:44","guid":{"rendered":"https:\/\/www.mpal.mp.br\/?p=66841"},"modified":"2026-02-26T11:08:46","modified_gmt":"2026-02-26T14:08:46","slug":"mpal-fortalece-cultura-de-paz-em-arapiraca-com-nova-etapa-do-curso-de-mediacao-escolar","status":"publish","type":"post","link":"https:\/\/www.mpal.mp.br\/?p=66841","title":{"rendered":"MPAL fortalece cultura de paz em Arapiraca com nova etapa do Curso de Media\u00e7\u00e3o Escolar"},"content":{"rendered":"<div class=\"fusion-fullwidth fullwidth-box fusion-builder-row-1 nonhundred-percent-fullwidth non-hundred-percent-height-scrolling\"  style='background-color: #ffffff;background-position: center center;background-repeat: no-repeat;padding-top:0px;padding-right:0px;padding-bottom:0px;padding-left:0px;'><div class=\"fusion-builder-row fusion-row \"><div  class=\"fusion-layout-column fusion_builder_column fusion_builder_column_1_1 fusion-builder-column-1 fusion-one-full fusion-column-first fusion-column-last 1_1\"  style='margin-top:0px;margin-bottom:0px;'>\n\t\t\t\t\t<div class=\"fusion-column-wrapper\" style=\"padding: 0px 0px 0px 0px;background-position:left top;background-repeat:no-repeat;-webkit-background-size:cover;-moz-background-size:cover;-o-background-size:cover;background-size:cover;\"   data-bg-url=\"\">\n\t\t\t\t\t\t<div class=\"fusion-text\"><p align=\"justify\"><span style=\"font-family: helvetica, arial, sans-serif; font-size: 12pt;\">O Minist\u00e9rio P\u00fablico do Estado de Alagoas (MPAL) realiza, esta semana, mais uma etapa do Curso de Media\u00e7\u00e3o Escolar, iniciativa desenvolvida pelo N\u00facleo de Autocomposi\u00e7\u00e3o das Promotorias de Justi\u00e7a de Arapiraca e pela 6\u00aa Promotoria de Justi\u00e7a de Arapiraca, em parceria com a Secretaria Municipal de Educa\u00e7\u00e3o. A forma\u00e7\u00e3o integra as a\u00e7\u00f5es institucionais voltadas ao fortalecimento da cultura de paz no ambiente escolar.<\/span><\/p>\n<p align=\"justify\"><span style=\"font-family: helvetica, arial, sans-serif; font-size: 12pt;\">Nesta fase atual, o curso \u00e9 dedicado \u00e0 aula de t\u00e9cnicas de media\u00e7\u00e3o de conflitos, ministrada por Moacyra Rocha, supervisora do NUPEMEC (n<span style=\"color: #0a0a0a;\">\u00facleo respons\u00e1vel por coordenar a Pol\u00edtica Judici\u00e1ria Nacional de m\u00e9todos consensuais de solu\u00e7\u00e3o de conflitos no estado<\/span><span style=\"color: #0a0a0a;\">)<\/span> do Tribunal de Justi\u00e7a de Alagoas. A capacita\u00e7\u00e3o abordou ferramentas pr\u00e1ticas e estrat\u00e9gias para condu\u00e7\u00e3o de di\u00e1logos, escuta ativa, identifica\u00e7\u00e3o de interesses e constru\u00e7\u00e3o de solu\u00e7\u00f5es consensuais, habilidades fundamentais para quem atua na preven\u00e7\u00e3o e no enfrentamento de conflitos no espa\u00e7o educacional.<\/span><\/p>\n<p align=\"justify\"><span style=\"font-family: helvetica, arial, sans-serif; font-size: 12pt;\">Para o Minist\u00e9rio P\u00fablico, investir na autocomposi\u00e7\u00e3o no contexto escolar \u00e9 tamb\u00e9m uma forma de atua\u00e7\u00e3o preventiva, alinhada \u00e0 miss\u00e3o institucional de defesa dos direitos fundamentais e de promo\u00e7\u00e3o da paz social. Ao levar t\u00e9cnicas de media\u00e7\u00e3o \u00e0s escolas, o MPAL fortalece a cultura do di\u00e1logo desde a base, incentivando solu\u00e7\u00f5es constru\u00eddas coletivamente e evitando que conflitos se agravem ou resultem em judicializa\u00e7\u00e3o desnecess\u00e1ria. \u201cA media\u00e7\u00e3o escolar \u00e9 um instrumento essencial para prevenir a escalada de conflitos, reduzir epis\u00f3dios de viol\u00eancia e fortalecer v\u00ednculos entre alunos, professores e equipes pedag\u00f3gicas. Ao estimular o di\u00e1logo e a responsabiliza\u00e7\u00e3o consciente das partes envolvidas, a pr\u00e1tica contribui para a forma\u00e7\u00e3o cidad\u00e3 dos estudantes e para a constru\u00e7\u00e3o de ambientes mais seguros, acolhedores e colaborativos\u201d, declarou a promotora de Justi\u00e7a Viviane Farias, titular da 6\u00aa Promotoria de Justi\u00e7a de Arapiraca, que atua na prote\u00e7\u00e3o da crian\u00e7a e do adolescente. <\/span><\/p>\n<p align=\"justify\"><span style=\"font-family: helvetica, arial, sans-serif; font-size: 12pt;\">A capacita\u00e7\u00e3o teve in\u00edcio no segundo semestre de 2025 e est\u00e1 formando 60 participantes, entre gestores escolares, estudantes de Direito e t\u00e9cnicos da Secretaria Municipal de Educa\u00e7\u00e3o de Arapiraca. Ela ser\u00e1 encerrada nesta sexta-feira (27), com a realiza\u00e7\u00e3o das oficinas pr\u00e1ticas de media\u00e7\u00e3o, consolidando o aprendizado desenvolvido ao longo da forma\u00e7\u00e3o. <\/span><\/p>\n<p align=\"justify\"><span style=\"font-family: helvetica, arial, sans-serif; font-size: 12pt;\"><span style=\"color: #000000;\">O curso \u00e9 uma iniciativa da 6\u00aa Promotoria de Justi\u00e7a de Arapiraca em parceria com o <\/span><span style=\"color: #000000;\">N\u00facleo de Autocomposi\u00e7\u00e3o das Promotorias de Justi\u00e7a de Arapiraca, <\/span><span style=\"color: #000000;\">coordenado atualmente pelo <\/span><span style=\"color: #000000;\">promotor de Justi\u00e7a Maur\u00edcio Wanderle<\/span><span style=\"color: #000000;\">y. <\/span><\/span><\/p>\n<p align=\"justify\"><span style=\"font-family: helvetica, arial, sans-serif; font-size: 12pt;\"><span style=\"color: #000000;\">Fotos: Anderson Macena<\/span><\/span><\/p>\n<\/div><style type=\"text\/css\">.fusion-gallery-1 .fusion-gallery-image {border:0px solid #f6f6f6;-webkit-border-radius:5px;-moz-border-radius:5px;border-radius:5px;}<\/style><div class=\"fusion-gallery fusion-gallery-container fusion-grid-3 fusion-columns-total-0 fusion-gallery-layout-grid fusion-gallery-1\" style=\"margin:-5px;\"><div style=\"padding:5px;\" class=\"fusion-grid-column fusion-gallery-column fusion-gallery-column-3 hover-type-none\"><div class=\"fusion-gallery-image\"><a href=\"https:\/\/www.mpal.mp.br\/wp-content\/uploads\/2026\/02\/15b96dab-91ed-48a1-99b3-5212db753883.jpg\" rel=\"noreferrer\" data-rel=\"iLightbox[gallery_image_1]\" class=\"fusion-lightbox\" target=\"_self\"><img loading=\"lazy\" decoding=\"async\" src=\"https:\/\/www.mpal.mp.br\/wp-content\/uploads\/2026\/02\/15b96dab-91ed-48a1-99b3-5212db753883.jpg\" width=\"1599\" height=\"1066\" alt=\"\" title=\"15b96dab-91ed-48a1-99b3-5212db753883\" aria-label=\"15b96dab-91ed-48a1-99b3-5212db753883\" class=\"img-responsive wp-image-66849\" \/><\/a><\/div><\/div><div style=\"padding:5px;\" class=\"fusion-grid-column fusion-gallery-column fusion-gallery-column-3 hover-type-none\"><div class=\"fusion-gallery-image\"><a href=\"https:\/\/www.mpal.mp.br\/wp-content\/uploads\/2026\/02\/9527ce69-2ce6-4eac-af9f-9722c03b6bb7.jpg\" rel=\"noreferrer\" data-rel=\"iLightbox[gallery_image_1]\" class=\"fusion-lightbox\" target=\"_self\"><img loading=\"lazy\" decoding=\"async\" src=\"https:\/\/www.mpal.mp.br\/wp-content\/uploads\/2026\/02\/9527ce69-2ce6-4eac-af9f-9722c03b6bb7.jpg\" width=\"1599\" height=\"1066\" alt=\"\" title=\"9527ce69-2ce6-4eac-af9f-9722c03b6bb7\" aria-label=\"9527ce69-2ce6-4eac-af9f-9722c03b6bb7\" class=\"img-responsive wp-image-66850\" \/><\/a><\/div><\/div><div style=\"padding:5px;\" class=\"fusion-grid-column fusion-gallery-column fusion-gallery-column-3 hover-type-none\"><div class=\"fusion-gallery-image\"><a href=\"https:\/\/www.mpal.mp.br\/wp-content\/uploads\/2026\/02\/bf5516b9-e93c-4ebe-8954-beb0e7d3a5c5.jpg\" rel=\"noreferrer\" data-rel=\"iLightbox[gallery_image_1]\" class=\"fusion-lightbox\" target=\"_self\"><img loading=\"lazy\" decoding=\"async\" src=\"https:\/\/www.mpal.mp.br\/wp-content\/uploads\/2026\/02\/bf5516b9-e93c-4ebe-8954-beb0e7d3a5c5.jpg\" width=\"1599\" height=\"1066\" alt=\"\" title=\"bf5516b9-e93c-4ebe-8954-beb0e7d3a5c5\" aria-label=\"bf5516b9-e93c-4ebe-8954-beb0e7d3a5c5\" class=\"img-responsive wp-image-66851\" \/><\/a><\/div><\/div><div class=\"clearfix\"><\/div><div style=\"padding:5px;\" class=\"fusion-grid-column fusion-gallery-column fusion-gallery-column-3 hover-type-none\"><div class=\"fusion-gallery-image\"><a href=\"https:\/\/www.mpal.mp.br\/wp-content\/uploads\/2026\/02\/aaff0105-6899-4ca8-9e87-dcf81e730d46.jpg\" rel=\"noreferrer\" data-rel=\"iLightbox[gallery_image_1]\" class=\"fusion-lightbox\" target=\"_self\"><img loading=\"lazy\" decoding=\"async\" src=\"https:\/\/www.mpal.mp.br\/wp-content\/uploads\/2026\/02\/aaff0105-6899-4ca8-9e87-dcf81e730d46.jpg\" width=\"1280\" height=\"720\" alt=\"\" title=\"aaff0105-6899-4ca8-9e87-dcf81e730d46\" aria-label=\"aaff0105-6899-4ca8-9e87-dcf81e730d46\" class=\"img-responsive wp-image-66856\" \/><\/a><\/div><\/div><\/div><div class=\"fusion-clearfix\"><\/div>\n\n\t\t\t\t\t<\/div>\n\t\t\t\t<\/div><\/div><\/div>\n","protected":false},"excerpt":{"rendered":"","protected":false},"author":17,"featured_media":66844,"comment_status":"open","ping_status":"open","sticky":false,"template":"","format":"standard","meta":{"om_disable_all_campaigns":false,"_monsterinsights_skip_tracking":false,"_monsterinsights_sitenote_active":false,"_monsterinsights_sitenote_note":"","_monsterinsights_sitenote_category":0,"_uf_show_specific_survey":0,"_uf_disable_surveys":false,"footnotes":""},"categories":[2],"tags":[],"class_list":["post-66841","post","type-post","status-publish","format-standard","has-post-thumbnail","hentry","category-not_mpal"],"aioseo_notices":[],"_links":{"self":[{"href":"https:\/\/www.mpal.mp.br\/index.php?rest_route=\/wp\/v2\/posts\/66841","targetHints":{"allow":["GET"]}}],"collection":[{"href":"https:\/\/www.mpal.mp.br\/index.php?rest_route=\/wp\/v2\/posts"}],"about":[{"href":"https:\/\/www.mpal.mp.br\/index.php?rest_route=\/wp\/v2\/types\/post"}],"author":[{"embeddable":true,"href":"https:\/\/www.mpal.mp.br\/index.php?rest_route=\/wp\/v2\/users\/17"}],"replies":[{"embeddable":true,"href":"https:\/\/www.mpal.mp.br\/index.php?rest_route=%2Fwp%2Fv2%2Fcomments&post=66841"}],"version-history":[{"count":5,"href":"https:\/\/www.mpal.mp.br\/index.php?rest_route=\/wp\/v2\/posts\/66841\/revisions"}],"predecessor-version":[{"id":66857,"href":"https:\/\/www.mpal.mp.br\/index.php?rest_route=\/wp\/v2\/posts\/66841\/revisions\/66857"}],"wp:featuredmedia":[{"embeddable":true,"href":"https:\/\/www.mpal.mp.br\/index.php?rest_route=\/wp\/v2\/media\/66844"}],"wp:attachment":[{"href":"https:\/\/www.mpal.mp.br\/index.php?rest_route=%2Fwp%2Fv2%2Fmedia&parent=66841"}],"wp:term":[{"taxonomy":"category","embeddable":true,"href":"https:\/\/www.mpal.mp.br\/index.php?rest_route=%2Fwp%2Fv2%2Fcategories&post=66841"},{"taxonomy":"post_tag","embeddable":true,"href":"https:\/\/www.mpal.mp.br\/index.php?rest_route=%2Fwp%2Fv2%2Ftags&post=66841"}],"curies":[{"name":"wp","href":"https:\/\/api.w.org\/{rel}","templated":true}]}}