{"id":66827,"date":"2026-02-25T23:46:36","date_gmt":"2026-02-26T02:46:36","guid":{"rendered":"https:\/\/www.mpal.mp.br\/?p=66827"},"modified":"2026-02-25T23:48:36","modified_gmt":"2026-02-26T02:48:36","slug":"condenada-sustentacao-do-mpal-reconduz-ao-presidio-madrasta-que-lancou-enteado-de-seis-anos-do-quarto-andar","status":"publish","type":"post","link":"https:\/\/www.mpal.mp.br\/?p=66827","title":{"rendered":"Condenada: Sustenta\u00e7\u00e3o do MPAL reconduz ao pres\u00eddio madrasta que lan\u00e7ou enteado de seis anos do 4\u00ba andar"},"content":{"rendered":"<div class=\"fusion-fullwidth fullwidth-box fusion-builder-row-1 nonhundred-percent-fullwidth non-hundred-percent-height-scrolling\"  style='background-color: #ffffff;background-position: center center;background-repeat: no-repeat;padding-top:0px;padding-right:0px;padding-bottom:0px;padding-left:0px;'><div class=\"fusion-builder-row fusion-row \"><div  class=\"fusion-layout-column fusion_builder_column fusion_builder_column_1_1 fusion-builder-column-1 fusion-one-full fusion-column-first fusion-column-last 1_1\"  style='margin-top:0px;margin-bottom:0px;'>\n\t\t\t\t\t<div class=\"fusion-column-wrapper\" style=\"padding: 0px 0px 0px 0px;background-position:left top;background-repeat:no-repeat;-webkit-background-size:cover;-moz-background-size:cover;-o-background-size:cover;background-size:cover;\"   data-bg-url=\"\">\n\t\t\t\t\t\t<div class=\"fusion-text\"><p align=\"justify\"><span style=\"font-family: helvetica, arial, sans-serif;\">\u201cA defesa tentou de toda forma desclassificar o crime de tentativa de homic\u00eddio para les\u00e3o corporal culposa, sob a alega\u00e7\u00e3o de inexist\u00eancia de dolo. A atua\u00e7\u00e3o do Minist\u00e9rio foi devidamente amparada numa instru\u00e7\u00e3o probat\u00f3ria com oitivas de testemunhas e provas t\u00e9cnicas- laudos emitidos pelo IML e Instituto de Criminal\u00edstica afirmam que a crian\u00e7a estava desacordada quando foi arremessada. O veredicto tinha que ser a condena\u00e7\u00e3o porque outra senten\u00e7a seria contr\u00e1ria \u00e0s provas existentes\u201d. A fala \u00e9 da promotora de Justi\u00e7a Adilza Freitas, representante do Minist\u00e9rio P\u00fablico de Alagoas (MPAL) que esteve, por mais de sete horas, nesta quarta-feira (25), em um j\u00fari que pedia a condena\u00e7\u00e3o de Adriana Ferreira da Silva, de 35 anos, a mulher que foi a julgamento por ter arremessado o enteado, de cinco anos \u00e0 \u00e9poca, do quarto andar do pr\u00e9dio onde moravam, localizado no complexo Benedito Bentes, em Macei\u00f3. Ap\u00f3s um debate acirrado, a r\u00e9 foi condenada a 17 anos, dois meses e sete dias de reclus\u00e3o em regime inicialmente fechado. O crime ocorreu em 2022 e causou forte como\u00e7\u00e3o.<\/span><\/p>\n<p align=\"justify\"><span style=\"font-family: helvetica, arial, sans-serif;\">O julgamento come\u00e7ou por volta das 10h30 e o Minist\u00e9rio P\u00fablico, durante todo o seu tempo de atua\u00e7\u00e3o, indo, inclusive, \u00e0 r\u00e9plica, foi convincente para todos que l\u00e1 se encontravam. Apesar de a defesa insinuar que as provas apresentadas eram duvidosas e inserv\u00edveis, a promotora se manteve firme e rebateu o advogado ressaltando que os laudos n\u00e3o eram da institui\u00e7\u00e3o, mas exclusivamente t\u00e9cnicos.<\/span><\/p>\n<p align=\"justify\"><span style=\"font-family: helvetica, arial, sans-serif;\">De acordo com os laudos e a tomografia computadorizada, houve les\u00e3o na regi\u00e3o pneumot\u00f3rax e crian\u00e7a sofreu traumatismo craniano leve. O menino vivenciava o luto, de apenas oito meses, pela perda da m\u00e3e, acometida de Leucemia.<\/span><\/p>\n<p align=\"justify\"><span style=\"font-family: helvetica, arial, sans-serif;\">O advogado chegou a insinuar que a sua cliente teria colocado o menino nos bra\u00e7os e ido para a perto da janela com o intuito de assustar o seu pai. Numa combina\u00e7\u00e3o com Adriana Ferreira, tentou, numa estrat\u00e9gia que julgava ser mirabolante, direcionar a queda da crian\u00e7a a um poss\u00edvel escorreg\u00e3o porque as m\u00e3os de Adriana Ferreira estariam muito oleosas por ter comido acaraj\u00e9. No entanto, em todos os depoimentos dados pelas testemunhas, por meio de v\u00eddeos, entre eles a do senhor Jos\u00e9 Marcos, pai da v\u00edtima e ex-marido da r\u00e9, ficava cada vez mais comprovada a sua culpabilidade.<\/span><\/p>\n<p align=\"justify\"><span style=\"font-family: helvetica, arial, sans-serif;\">\u201cAs a\u00e7\u00f5es da r\u00e9 indicam premedita\u00e7\u00e3o e frieza. Destaco ainda que, em raz\u00e3o da perda da m\u00e3e biol\u00f3gica, teria na madrasta a figura materna, circunst\u00e2ncia que evidencia n\u00e3o apenas a viola\u00e7\u00e3o do dever de ser cuidado, como tamb\u00e9m a frieza da acusada ao atentar contra a vida de uma crian\u00e7a de apenas seis anos que nela depositava confian\u00e7a\u201d. Diz a senten\u00e7a assinada pelo juiz da 9\u00aa Vara Criminal, e presidente do j\u00fari, Geraldo Amorim.<\/span><\/p>\n<p align=\"justify\"><span style=\"font-family: helvetica, arial, sans-serif;\"><b>Entenda<\/b><\/span><\/p>\n<p align=\"justify\"><span style=\"font-family: helvetica, arial, sans-serif;\">Na 1\u00aa Fase da dosimetria, a pena-base aplicada foi de 18 anos e nove meses de reclus\u00e3o, porque foi somado o resultado de tr\u00eas circunst\u00e2ncias desfavor\u00e1veis (culpabilidade, circunst\u00e2ncias e consequ\u00eancias do delito) mais o m\u00ednimo da pena de 12 anos, pois o caso trata de homic\u00eddio qualificado pelo recurso que impossibilitou a defesa da v\u00edtima.<\/span><\/p>\n<p align=\"justify\"><span style=\"font-family: helvetica, arial, sans-serif;\">No entanto, na 2\u00aa fase, apesar de haver a atenuante da confiss\u00e3o, ela foi compensada com a agravante da coabita\u00e7\u00e3o, culminando, assim, ap\u00f3s subtra\u00e7\u00f5es e somas, nas penas intermedi\u00e1ria e definitiva em 17 anos, dois meses e sete dias de deten\u00e7\u00e3o.<\/span><\/p>\n<p align=\"justify\">Fotos: Anderson Macena, Dulce Melo e Fl\u00e1via Lima<\/p>\n<\/div><style type=\"text\/css\">.fusion-gallery-1 .fusion-gallery-image {border:0px solid #f6f6f6;-webkit-border-radius:5px;-moz-border-radius:5px;border-radius:5px;}<\/style><div class=\"fusion-gallery fusion-gallery-container fusion-grid-3 fusion-columns-total-0 fusion-gallery-layout-grid fusion-gallery-1\" style=\"margin:-5px;\"><div style=\"padding:5px;\" class=\"fusion-grid-column fusion-gallery-column fusion-gallery-column-3 hover-type-none\"><div class=\"fusion-gallery-image\"><a href=\"https:\/\/www.mpal.mp.br\/wp-content\/uploads\/2026\/02\/dra-adilza4-1.jpg\" rel=\"noreferrer\" data-rel=\"iLightbox[gallery_image_1]\" class=\"fusion-lightbox\" target=\"_self\"><img loading=\"lazy\" decoding=\"async\" src=\"https:\/\/www.mpal.mp.br\/wp-content\/uploads\/2026\/02\/dra-adilza4-1.jpg\" width=\"1280\" height=\"720\" alt=\"\" title=\"dra adilza4\" aria-label=\"dra adilza4\" class=\"img-responsive wp-image-66836\" \/><\/a><\/div><\/div><div style=\"padding:5px;\" class=\"fusion-grid-column fusion-gallery-column fusion-gallery-column-3 hover-type-none\"><div class=\"fusion-gallery-image\"><a href=\"https:\/\/www.mpal.mp.br\/wp-content\/uploads\/2026\/02\/dra-adilza3-1.jpg\" rel=\"noreferrer\" data-rel=\"iLightbox[gallery_image_1]\" class=\"fusion-lightbox\" target=\"_self\"><img loading=\"lazy\" decoding=\"async\" src=\"https:\/\/www.mpal.mp.br\/wp-content\/uploads\/2026\/02\/dra-adilza3-1.jpg\" width=\"1600\" height=\"900\" alt=\"\" title=\"dra adilza3\" aria-label=\"dra adilza3\" class=\"img-responsive wp-image-66835\" \/><\/a><\/div><\/div><div style=\"padding:5px;\" class=\"fusion-grid-column fusion-gallery-column fusion-gallery-column-3 hover-type-none\"><div class=\"fusion-gallery-image\"><a href=\"https:\/\/www.mpal.mp.br\/wp-content\/uploads\/2026\/02\/dra-adilza2.jpg\" rel=\"noreferrer\" data-rel=\"iLightbox[gallery_image_1]\" class=\"fusion-lightbox\" target=\"_self\"><img loading=\"lazy\" decoding=\"async\" src=\"https:\/\/www.mpal.mp.br\/wp-content\/uploads\/2026\/02\/dra-adilza2.jpg\" width=\"1600\" height=\"900\" alt=\"\" title=\"dra adilza2\" aria-label=\"dra adilza2\" class=\"img-responsive wp-image-66834\" \/><\/a><\/div><\/div><div class=\"clearfix\"><\/div><div style=\"padding:5px;\" class=\"fusion-grid-column fusion-gallery-column fusion-gallery-column-3 hover-type-none\"><div class=\"fusion-gallery-image\"><a href=\"https:\/\/www.mpal.mp.br\/wp-content\/uploads\/2026\/02\/dra-adilza7.jpg\" rel=\"noreferrer\" data-rel=\"iLightbox[gallery_image_1]\" class=\"fusion-lightbox\" target=\"_self\"><img loading=\"lazy\" decoding=\"async\" src=\"https:\/\/www.mpal.mp.br\/wp-content\/uploads\/2026\/02\/dra-adilza7.jpg\" width=\"1600\" height=\"900\" alt=\"\" title=\"dra adilza7\" aria-label=\"dra adilza7\" class=\"img-responsive wp-image-66832\" \/><\/a><\/div><\/div><div style=\"padding:5px;\" class=\"fusion-grid-column fusion-gallery-column fusion-gallery-column-3 hover-type-none\"><div class=\"fusion-gallery-image\"><a href=\"https:\/\/www.mpal.mp.br\/wp-content\/uploads\/2026\/02\/Dra-Adilza1.jpg\" rel=\"noreferrer\" data-rel=\"iLightbox[gallery_image_1]\" class=\"fusion-lightbox\" target=\"_self\"><img loading=\"lazy\" decoding=\"async\" src=\"https:\/\/www.mpal.mp.br\/wp-content\/uploads\/2026\/02\/Dra-Adilza1.jpg\" width=\"1280\" height=\"720\" alt=\"\" title=\"Dra Adilza1\" aria-label=\"Dra Adilza1\" class=\"img-responsive wp-image-66833\" \/><\/a><\/div><\/div><div style=\"padding:5px;\" class=\"fusion-grid-column fusion-gallery-column fusion-gallery-column-3 hover-type-none\"><div class=\"fusion-gallery-image\"><a href=\"https:\/\/www.mpal.mp.br\/wp-content\/uploads\/2026\/02\/dra-adilza5.jpg\" rel=\"noreferrer\" data-rel=\"iLightbox[gallery_image_1]\" class=\"fusion-lightbox\" target=\"_self\"><img loading=\"lazy\" decoding=\"async\" src=\"https:\/\/www.mpal.mp.br\/wp-content\/uploads\/2026\/02\/dra-adilza5.jpg\" width=\"1600\" height=\"900\" alt=\"\" title=\"dra adilza5\" aria-label=\"dra adilza5\" class=\"img-responsive wp-image-66830\" \/><\/a><\/div><\/div><div class=\"clearfix\"><\/div><div style=\"padding:5px;\" class=\"fusion-grid-column fusion-gallery-column fusion-gallery-column-3 hover-type-none\"><div class=\"fusion-gallery-image\"><a href=\"https:\/\/www.mpal.mp.br\/wp-content\/uploads\/2026\/02\/dra-adilza6.jpg\" rel=\"noreferrer\" data-rel=\"iLightbox[gallery_image_1]\" class=\"fusion-lightbox\" target=\"_self\"><img loading=\"lazy\" decoding=\"async\" src=\"https:\/\/www.mpal.mp.br\/wp-content\/uploads\/2026\/02\/dra-adilza6.jpg\" width=\"1599\" height=\"1066\" alt=\"\" title=\"dra adilza6\" aria-label=\"dra adilza6\" class=\"img-responsive wp-image-66831\" \/><\/a><\/div><\/div><\/div><div class=\"fusion-clearfix\"><\/div>\n\n\t\t\t\t\t<\/div>\n\t\t\t\t<\/div><\/div><\/div>\n","protected":false},"excerpt":{"rendered":"","protected":false},"author":8,"featured_media":66830,"comment_status":"open","ping_status":"open","sticky":false,"template":"","format":"standard","meta":{"om_disable_all_campaigns":false,"_monsterinsights_skip_tracking":false,"_monsterinsights_sitenote_active":false,"_monsterinsights_sitenote_note":"","_monsterinsights_sitenote_category":0,"_uf_show_specific_survey":0,"_uf_disable_surveys":false,"footnotes":""},"categories":[2],"tags":[],"class_list":["post-66827","post","type-post","status-publish","format-standard","has-post-thumbnail","hentry","category-not_mpal"],"aioseo_notices":[],"_links":{"self":[{"href":"https:\/\/www.mpal.mp.br\/index.php?rest_route=\/wp\/v2\/posts\/66827","targetHints":{"allow":["GET"]}}],"collection":[{"href":"https:\/\/www.mpal.mp.br\/index.php?rest_route=\/wp\/v2\/posts"}],"about":[{"href":"https:\/\/www.mpal.mp.br\/index.php?rest_route=\/wp\/v2\/types\/post"}],"author":[{"embeddable":true,"href":"https:\/\/www.mpal.mp.br\/index.php?rest_route=\/wp\/v2\/users\/8"}],"replies":[{"embeddable":true,"href":"https:\/\/www.mpal.mp.br\/index.php?rest_route=%2Fwp%2Fv2%2Fcomments&post=66827"}],"version-history":[{"count":2,"href":"https:\/\/www.mpal.mp.br\/index.php?rest_route=\/wp\/v2\/posts\/66827\/revisions"}],"predecessor-version":[{"id":66838,"href":"https:\/\/www.mpal.mp.br\/index.php?rest_route=\/wp\/v2\/posts\/66827\/revisions\/66838"}],"wp:featuredmedia":[{"embeddable":true,"href":"https:\/\/www.mpal.mp.br\/index.php?rest_route=\/wp\/v2\/media\/66830"}],"wp:attachment":[{"href":"https:\/\/www.mpal.mp.br\/index.php?rest_route=%2Fwp%2Fv2%2Fmedia&parent=66827"}],"wp:term":[{"taxonomy":"category","embeddable":true,"href":"https:\/\/www.mpal.mp.br\/index.php?rest_route=%2Fwp%2Fv2%2Fcategories&post=66827"},{"taxonomy":"post_tag","embeddable":true,"href":"https:\/\/www.mpal.mp.br\/index.php?rest_route=%2Fwp%2Fv2%2Ftags&post=66827"}],"curies":[{"name":"wp","href":"https:\/\/api.w.org\/{rel}","templated":true}]}}