{"id":66825,"date":"2026-02-25T15:07:19","date_gmt":"2026-02-25T18:07:19","guid":{"rendered":"https:\/\/www.mpal.mp.br\/?p=66825"},"modified":"2026-02-25T15:07:19","modified_gmt":"2026-02-25T18:07:19","slug":"subprocurador-geral-recursal-representa-mpal-em-brasilia-e-atua-no-stj-em-acoes-de-interesse-institucional","status":"publish","type":"post","link":"https:\/\/www.mpal.mp.br\/?p=66825","title":{"rendered":"Subprocurador-Geral Recursal representa MPAL em Bras\u00edlia e atua no STJ em a\u00e7\u00f5es de interesse institucional"},"content":{"rendered":"<p style=\"text-align: justify;\"><span style=\"font-family: helvetica, arial, sans-serif; font-size: 12pt;\">O Minist\u00e9rio P\u00fablico do Estado de Alagoas (MPAL) esteve representado em compromissos institucionais em Bras\u00edlia, nos dias 23 e 24 deste m\u00eas, pelo subprocurador-geral Recursal, Humberto Pimentel, que cumpriu agenda voltada ao fortalecimento da atua\u00e7\u00e3o do \u00f3rg\u00e3o em inst\u00e2ncias nacionais, com destaque para a defesa de a\u00e7\u00f5es e recursos em tr\u00e2mite no Superior Tribunal de Justi\u00e7a.<\/span><\/p>\n<p style=\"text-align: justify;\"><span style=\"font-family: helvetica, arial, sans-serif; font-size: 12pt;\">No dia 23, Humberto Pimentel participou da solenidade de posse dos novos conselheiros do Conselho Nacional do Minist\u00e9rio P\u00fablico (CNMP), representando o procurador-geral de Justi\u00e7a de Alagoas, Lean Ara\u00fajo. \u201cMarcamos presen\u00e7a institucional com o objetivo prestigiar os empossados e reafirmar o compromisso do Minist\u00e9rio P\u00fablico do Estado de Alagoas com o di\u00e1logo e a atua\u00e7\u00e3o integrada no sistema nacional do Minist\u00e9rio P\u00fablico\u201d, afirmou Humberto Pimentel.<\/span><\/p>\n<p style=\"text-align: justify;\"><strong><span style=\"font-family: helvetica, arial, sans-serif; font-size: 12pt;\">Atua\u00e7\u00e3o perante o STJ<\/span><\/strong><\/p>\n<p style=\"text-align: justify;\"><span style=\"font-family: helvetica, arial, sans-serif; font-size: 12pt;\">J\u00e1 no dia 24, o foco da agenda foi a atua\u00e7\u00e3o t\u00e9cnica e estrat\u00e9gica no Superior Tribunal de Justi\u00e7a. Na oportunidade, o subprocurador-geral Recursal esteve no STJ para a entrega de documentos t\u00e9cnicos utilizados para apresentar e esclarecer aspectos relevantes de processos j\u00e1 em tramita\u00e7\u00e3o e relacionados a a\u00e7\u00f5es e recursos de interesse do MPAL.<\/span><\/p>\n<p style=\"text-align: justify;\"><span style=\"font-family: helvetica, arial, sans-serif; font-size: 12pt;\">A visita incluiu solicita\u00e7\u00f5es de audi\u00eancia com ministros da Corte Superior, dentro do procedimento institucional previsto e regulamentado, que permite o atendimento das partes e de seus representantes para esclarecimento de mat\u00e9rias constantes em processos em curso. A inten\u00e7\u00e3o foi contribuir para a adequada compreens\u00e3o das demandas, especialmente aquelas de maior repercuss\u00e3o institucional.<\/span><\/p>\n<p style=\"text-align: justify;\"><span style=\"font-family: helvetica, arial, sans-serif; font-size: 12pt;\">\u201cEntre os processos tratados, destacam-se duas a\u00e7\u00f5es propostas pelo Grupo de Atua\u00e7\u00e3o Especial de Combate ao Crime Organizado (Gaeco) que chegaram ao STJ em fases distintas: uma com o Minist\u00e9rio P\u00fablico como recorrente e outra na condi\u00e7\u00e3o de recorrido. Em ambas, foram apresentados esclarecimentos t\u00e9cnicos e contextualiza\u00e7\u00f5es relevantes aos julgadores\u201d, explicou Humberto Pimentel.<\/span><\/p>\n<p style=\"text-align: justify;\"><span style=\"font-family: helvetica, arial, sans-serif; font-size: 12pt;\">Atualmente, tramitam no Superior Tribunal de Justi\u00e7a 1.366 processos de interesse do MPAL, o que evidencia a relev\u00e2ncia da atua\u00e7\u00e3o da Subprocuradoria-Geral Recursal no acompanhamento qualificado das demandas e no di\u00e1logo institucional com os magistrados daquela Corte.<\/span><\/p>\n","protected":false},"excerpt":{"rendered":"<p> [&hellip;]<\/p>\n","protected":false},"author":17,"featured_media":66812,"comment_status":"open","ping_status":"open","sticky":false,"template":"","format":"standard","meta":{"om_disable_all_campaigns":false,"_monsterinsights_skip_tracking":false,"_monsterinsights_sitenote_active":false,"_monsterinsights_sitenote_note":"","_monsterinsights_sitenote_category":0,"_uf_show_specific_survey":0,"_uf_disable_surveys":false,"footnotes":""},"categories":[2],"tags":[],"class_list":["post-66825","post","type-post","status-publish","format-standard","has-post-thumbnail","hentry","category-not_mpal"],"aioseo_notices":[],"_links":{"self":[{"href":"https:\/\/www.mpal.mp.br\/index.php?rest_route=\/wp\/v2\/posts\/66825","targetHints":{"allow":["GET"]}}],"collection":[{"href":"https:\/\/www.mpal.mp.br\/index.php?rest_route=\/wp\/v2\/posts"}],"about":[{"href":"https:\/\/www.mpal.mp.br\/index.php?rest_route=\/wp\/v2\/types\/post"}],"author":[{"embeddable":true,"href":"https:\/\/www.mpal.mp.br\/index.php?rest_route=\/wp\/v2\/users\/17"}],"replies":[{"embeddable":true,"href":"https:\/\/www.mpal.mp.br\/index.php?rest_route=%2Fwp%2Fv2%2Fcomments&post=66825"}],"version-history":[{"count":1,"href":"https:\/\/www.mpal.mp.br\/index.php?rest_route=\/wp\/v2\/posts\/66825\/revisions"}],"predecessor-version":[{"id":66826,"href":"https:\/\/www.mpal.mp.br\/index.php?rest_route=\/wp\/v2\/posts\/66825\/revisions\/66826"}],"wp:featuredmedia":[{"embeddable":true,"href":"https:\/\/www.mpal.mp.br\/index.php?rest_route=\/wp\/v2\/media\/66812"}],"wp:attachment":[{"href":"https:\/\/www.mpal.mp.br\/index.php?rest_route=%2Fwp%2Fv2%2Fmedia&parent=66825"}],"wp:term":[{"taxonomy":"category","embeddable":true,"href":"https:\/\/www.mpal.mp.br\/index.php?rest_route=%2Fwp%2Fv2%2Fcategories&post=66825"},{"taxonomy":"post_tag","embeddable":true,"href":"https:\/\/www.mpal.mp.br\/index.php?rest_route=%2Fwp%2Fv2%2Ftags&post=66825"}],"curies":[{"name":"wp","href":"https:\/\/api.w.org\/{rel}","templated":true}]}}