{"id":66820,"date":"2026-02-25T15:00:18","date_gmt":"2026-02-25T18:00:18","guid":{"rendered":"https:\/\/www.mpal.mp.br\/?p=66820"},"modified":"2026-02-25T15:05:29","modified_gmt":"2026-02-25T18:05:29","slug":"mp-promove-reuniao-com-orgaos-estaduais-para-discutir-direitos-humanos-e-cidadania-nas-escolas","status":"publish","type":"post","link":"https:\/\/www.mpal.mp.br\/?p=66820","title":{"rendered":"MP promove reuni\u00e3o com \u00f3rg\u00e3os estaduais para discutir direitos humanos e cidadania nas escolas"},"content":{"rendered":"<div class=\"fusion-fullwidth fullwidth-box fusion-builder-row-1 nonhundred-percent-fullwidth non-hundred-percent-height-scrolling\"  style='background-color: #ffffff;background-position: center center;background-repeat: no-repeat;padding-top:0px;padding-right:0px;padding-bottom:0px;padding-left:0px;'><div class=\"fusion-builder-row fusion-row \"><div  class=\"fusion-layout-column fusion_builder_column fusion_builder_column_1_1 fusion-builder-column-1 fusion-one-full fusion-column-first fusion-column-last 1_1\"  style='margin-top:0px;margin-bottom:0px;'>\n\t\t\t\t\t<div class=\"fusion-column-wrapper\" style=\"padding: 0px 0px 0px 0px;background-position:left top;background-repeat:no-repeat;-webkit-background-size:cover;-moz-background-size:cover;-o-background-size:cover;background-size:cover;\"   data-bg-url=\"\">\n\t\t\t\t\t\t<div class=\"fusion-text\"><p style=\"text-align: justify;\"><span style=\"font-family: helvetica, arial, sans-serif; font-size: 12pt;\">O Minist\u00e9rio P\u00fablico do Estado de Alagoas (MPAL) participou de uma reuni\u00e3o, nessa ter\u00e7a-feira (24), com a Secretaria de Estado da Educa\u00e7\u00e3o de Alagoas (Seduc) com o objetivo de discutir a inser\u00e7\u00e3o da tem\u00e1tica de direitos humanos e cidadania no ambiente escolar, com \u00eanfase no combate \u00e0 viol\u00eancia dom\u00e9stica e familiar contra a mulher. O encontro foi conduzido pelo promotor de Justi\u00e7a Magno Alexandre Moura e reuniu representantes de \u00f3rg\u00e3os estaduais que atuam na promo\u00e7\u00e3o e prote\u00e7\u00e3o dos direitos humanos.<\/span><\/p>\n<p style=\"text-align: justify;\"><span style=\"font-family: helvetica, arial, sans-serif; font-size: 12pt;\">Durante a reuni\u00e3o, foi debatida a possibilidade de inclus\u00e3o do conte\u00fado como disciplina espec\u00edfica. A Seduc esclareceu que, por se tratar de uma base curricular nacional, eventuais altera\u00e7\u00f5es formais dependem de delibera\u00e7\u00e3o em \u00e2mbito federal. No entanto, destacou-se a viabilidade da abordagem do tema por meio da transversalidade, permitindo que conte\u00fados relacionados aos direitos humanos e ao enfrentamento da viol\u00eancia dom\u00e9stica e familiar sejam trabalhados em diversas disciplinas.<\/span><\/p>\n<p style=\"text-align: justify;\"><span style=\"font-family: helvetica, arial, sans-serif; font-size: 12pt;\">\u201cComo exemplo, apontamos que mat\u00e9rias como Matem\u00e1tica podem abordar a tem\u00e1tica a partir da an\u00e1lise de dados estat\u00edsticos, incluindo \u00edndices de feminic\u00eddio e de viol\u00eancia dom\u00e9stica, contribuindo para a forma\u00e7\u00e3o cr\u00edtica dos estudantes e para a compreens\u00e3o da realidade social\u201d, explicou Magno Moura, que preside o Conselho\u00a0 Estadual de Defesa dos Direitos Humanos.\u00a0<\/span><\/p>\n<p style=\"text-align: justify;\"><span style=\"font-family: helvetica, arial, sans-serif; font-size: 12pt;\">Ao final do encontro, a secret\u00e1ria de Estado da Educa\u00e7\u00e3o, Roseane Vasconcelos, assumiu o compromisso de refor\u00e7ar a orienta\u00e7\u00e3o \u00e0s unidades escolares para que os professores incorporem o tema de forma transversal em suas pr\u00e1ticas pedag\u00f3gicas, estimulando que cada docente aborde o combate \u00e0 viol\u00eancia dom\u00e9stica e familiar de maneira compat\u00edvel com sua \u00e1rea de atua\u00e7\u00e3o.<\/span><\/p>\n<p style=\"text-align: justify;\"><span style=\"font-family: helvetica, arial, sans-serif; font-size: 12pt;\">A reuni\u00e3o contou ainda com a participa\u00e7\u00e3o do secret\u00e1rio de Estado de Direitos Humanos, Marcelo Nascimento, do coordenador estadual do F\u00f3rum de Direitos Humanos, advogado Everaldo Patriota, e se representantes do Tribunal de Justi\u00e7a de Alagoas e do Conselho Estadual dos Direitos da Mulher.<\/span><\/p>\n<p style=\"text-align: justify;\"><strong><span style=\"font-family: helvetica, arial, sans-serif; font-size: 12pt;\">Projeto dentro da sala de aula<\/span><\/strong><\/p>\n<p style=\"text-align: justify;\"><span style=\"font-family: helvetica, arial, sans-serif; font-size: 12pt;\">Durante o encontro, tamb\u00e9m foi destacado que o projeto \u201cBase do Di\u00e1logo: Viol\u00eancia Dom\u00e9stica e Familiar \u2013 Conscientizar para Combater\u201d, desenvolvido pela 40\u00aa Promotoria de Justi\u00e7a da Capital, ser\u00e1 apresentado junto \u00e0s escolas da rede estadual. A iniciativa \u00e9 realizada em parceria com a Secretaria de Estado de Preven\u00e7\u00e3o \u00e0 Viol\u00eancia, a Pol\u00edcia Militar de Alagoas, por meio do Batalh\u00e3o Escolar e da Patrulha Maria da Penha, a Secretaria de Estado da Mulher e a pr\u00f3pria Secretaria de Estado da Educa\u00e7\u00e3o.<\/span><\/p>\n<p style=\"text-align: justify;\"><span style=\"font-family: helvetica, arial, sans-serif; font-size: 12pt;\">O projeto tem como foco a\u00e7\u00f5es educativas e palestras voltadas \u00e0 preven\u00e7\u00e3o da viol\u00eancia dom\u00e9stica e familiar, promovendo conscientiza\u00e7\u00e3o, informa\u00e7\u00e3o e fortalecimento da cultura de respeito e cidadania no ambiente escolar.<\/span><\/p>\n<\/div><style type=\"text\/css\">.fusion-gallery-1 .fusion-gallery-image {border:0px solid #f6f6f6;-webkit-border-radius:5px;-moz-border-radius:5px;border-radius:5px;}<\/style><div class=\"fusion-gallery fusion-gallery-container fusion-grid-3 fusion-columns-total-0 fusion-gallery-layout-grid fusion-gallery-1\" style=\"margin:-5px;\"><div style=\"padding:5px;\" class=\"fusion-grid-column fusion-gallery-column fusion-gallery-column-3 hover-type-none\"><div class=\"fusion-gallery-image\"><a href=\"https:\/\/www.mpal.mp.br\/wp-content\/uploads\/2026\/02\/WhatsApp-Image-2026-02-25-at-12.52.48.jpeg\" rel=\"noreferrer\" data-rel=\"iLightbox[gallery_image_1]\" class=\"fusion-lightbox\" target=\"_self\"><img loading=\"lazy\" decoding=\"async\" src=\"https:\/\/www.mpal.mp.br\/wp-content\/uploads\/2026\/02\/WhatsApp-Image-2026-02-25-at-12.52.48.jpeg\" width=\"1280\" height=\"720\" alt=\"\" title=\"WhatsApp Image 2026-02-25 at 12.52.48\" aria-label=\"WhatsApp Image 2026-02-25 at 12.52.48\" class=\"img-responsive wp-image-66818\" \/><\/a><\/div><\/div><div style=\"padding:5px;\" class=\"fusion-grid-column fusion-gallery-column fusion-gallery-column-3 hover-type-none\"><div class=\"fusion-gallery-image\"><a href=\"https:\/\/www.mpal.mp.br\/wp-content\/uploads\/2026\/02\/WhatsApp-Image-2026-02-25-at-12.52.48-1.jpeg\" rel=\"noreferrer\" data-rel=\"iLightbox[gallery_image_1]\" class=\"fusion-lightbox\" target=\"_self\"><img loading=\"lazy\" decoding=\"async\" src=\"https:\/\/www.mpal.mp.br\/wp-content\/uploads\/2026\/02\/WhatsApp-Image-2026-02-25-at-12.52.48-1.jpeg\" width=\"1280\" height=\"720\" alt=\"\" title=\"WhatsApp Image 2026-02-25 at 12.52.48 (1)\" aria-label=\"WhatsApp Image 2026-02-25 at 12.52.48 (1)\" class=\"img-responsive wp-image-66817\" \/><\/a><\/div><\/div><div style=\"padding:5px;\" class=\"fusion-grid-column fusion-gallery-column fusion-gallery-column-3 hover-type-none\"><div class=\"fusion-gallery-image\"><a href=\"https:\/\/www.mpal.mp.br\/wp-content\/uploads\/2026\/02\/WhatsApp-Image-2026-02-25-at-12.52.48-2.jpeg\" rel=\"noreferrer\" data-rel=\"iLightbox[gallery_image_1]\" class=\"fusion-lightbox\" target=\"_self\"><img loading=\"lazy\" decoding=\"async\" src=\"https:\/\/www.mpal.mp.br\/wp-content\/uploads\/2026\/02\/WhatsApp-Image-2026-02-25-at-12.52.48-2.jpeg\" width=\"1280\" height=\"720\" alt=\"\" title=\"WhatsApp Image 2026-02-25 at 12.52.48 (2)\" aria-label=\"WhatsApp Image 2026-02-25 at 12.52.48 (2)\" class=\"img-responsive wp-image-66816\" \/><\/a><\/div><\/div><div class=\"clearfix\"><\/div><div style=\"padding:5px;\" class=\"fusion-grid-column fusion-gallery-column fusion-gallery-column-3 hover-type-none\"><div class=\"fusion-gallery-image\"><a href=\"https:\/\/www.mpal.mp.br\/wp-content\/uploads\/2026\/02\/WhatsApp-Image-2026-02-25-at-12.52.48-3.jpeg\" rel=\"noreferrer\" data-rel=\"iLightbox[gallery_image_1]\" class=\"fusion-lightbox\" target=\"_self\"><img loading=\"lazy\" decoding=\"async\" src=\"https:\/\/www.mpal.mp.br\/wp-content\/uploads\/2026\/02\/WhatsApp-Image-2026-02-25-at-12.52.48-3.jpeg\" width=\"1280\" height=\"720\" alt=\"\" title=\"WhatsApp Image 2026-02-25 at 12.52.48 (3)\" aria-label=\"WhatsApp Image 2026-02-25 at 12.52.48 (3)\" class=\"img-responsive wp-image-66815\" \/><\/a><\/div><\/div><div style=\"padding:5px;\" class=\"fusion-grid-column fusion-gallery-column fusion-gallery-column-3 hover-type-none\"><div class=\"fusion-gallery-image\"><a href=\"https:\/\/www.mpal.mp.br\/wp-content\/uploads\/2026\/02\/WhatsApp-Image-2026-02-25-at-12.52.19.jpeg\" rel=\"noreferrer\" data-rel=\"iLightbox[gallery_image_1]\" class=\"fusion-lightbox\" target=\"_self\"><img loading=\"lazy\" decoding=\"async\" src=\"https:\/\/www.mpal.mp.br\/wp-content\/uploads\/2026\/02\/WhatsApp-Image-2026-02-25-at-12.52.19.jpeg\" width=\"1280\" height=\"720\" alt=\"\" title=\"WhatsApp Image 2026-02-25 at 12.52.19\" aria-label=\"WhatsApp Image 2026-02-25 at 12.52.19\" class=\"img-responsive wp-image-66814\" \/><\/a><\/div><\/div><div style=\"padding:5px;\" class=\"fusion-grid-column fusion-gallery-column fusion-gallery-column-3 hover-type-none\"><div class=\"fusion-gallery-image\"><a href=\"https:\/\/www.mpal.mp.br\/wp-content\/uploads\/2026\/02\/WhatsApp-Image-2026-02-25-at-12.52.20.jpeg\" rel=\"noreferrer\" data-rel=\"iLightbox[gallery_image_1]\" class=\"fusion-lightbox\" target=\"_self\"><img loading=\"lazy\" decoding=\"async\" src=\"https:\/\/www.mpal.mp.br\/wp-content\/uploads\/2026\/02\/WhatsApp-Image-2026-02-25-at-12.52.20.jpeg\" width=\"1280\" height=\"720\" alt=\"\" title=\"WhatsApp Image 2026-02-25 at 12.52.20\" aria-label=\"WhatsApp Image 2026-02-25 at 12.52.20\" class=\"img-responsive wp-image-66813\" \/><\/a><\/div><\/div><div class=\"clearfix\"><\/div><\/div><div class=\"fusion-clearfix\"><\/div>\n\n\t\t\t\t\t<\/div>\n\t\t\t\t<\/div><\/div><\/div>\n","protected":false},"excerpt":{"rendered":"","protected":false},"author":17,"featured_media":66816,"comment_status":"open","ping_status":"open","sticky":false,"template":"","format":"standard","meta":{"om_disable_all_campaigns":false,"_monsterinsights_skip_tracking":false,"_monsterinsights_sitenote_active":false,"_monsterinsights_sitenote_note":"","_monsterinsights_sitenote_category":0,"_uf_show_specific_survey":0,"_uf_disable_surveys":false,"footnotes":""},"categories":[2],"tags":[],"class_list":["post-66820","post","type-post","status-publish","format-standard","has-post-thumbnail","hentry","category-not_mpal"],"aioseo_notices":[],"_links":{"self":[{"href":"https:\/\/www.mpal.mp.br\/index.php?rest_route=\/wp\/v2\/posts\/66820","targetHints":{"allow":["GET"]}}],"collection":[{"href":"https:\/\/www.mpal.mp.br\/index.php?rest_route=\/wp\/v2\/posts"}],"about":[{"href":"https:\/\/www.mpal.mp.br\/index.php?rest_route=\/wp\/v2\/types\/post"}],"author":[{"embeddable":true,"href":"https:\/\/www.mpal.mp.br\/index.php?rest_route=\/wp\/v2\/users\/17"}],"replies":[{"embeddable":true,"href":"https:\/\/www.mpal.mp.br\/index.php?rest_route=%2Fwp%2Fv2%2Fcomments&post=66820"}],"version-history":[{"count":2,"href":"https:\/\/www.mpal.mp.br\/index.php?rest_route=\/wp\/v2\/posts\/66820\/revisions"}],"predecessor-version":[{"id":66824,"href":"https:\/\/www.mpal.mp.br\/index.php?rest_route=\/wp\/v2\/posts\/66820\/revisions\/66824"}],"wp:featuredmedia":[{"embeddable":true,"href":"https:\/\/www.mpal.mp.br\/index.php?rest_route=\/wp\/v2\/media\/66816"}],"wp:attachment":[{"href":"https:\/\/www.mpal.mp.br\/index.php?rest_route=%2Fwp%2Fv2%2Fmedia&parent=66820"}],"wp:term":[{"taxonomy":"category","embeddable":true,"href":"https:\/\/www.mpal.mp.br\/index.php?rest_route=%2Fwp%2Fv2%2Fcategories&post=66820"},{"taxonomy":"post_tag","embeddable":true,"href":"https:\/\/www.mpal.mp.br\/index.php?rest_route=%2Fwp%2Fv2%2Ftags&post=66820"}],"curies":[{"name":"wp","href":"https:\/\/api.w.org\/{rel}","templated":true}]}}