{"id":6674,"date":"2022-05-26T20:15:54","date_gmt":"2022-05-26T23:15:54","guid":{"rendered":"https:\/\/www.mpal.mp.br\/?p=6674"},"modified":"2022-05-27T08:17:18","modified_gmt":"2022-05-27T11:17:18","slug":"apos-acao-do-mpal-prefeitura-de-quebrangulo-e-proibida-de-fazer-propagandas-pessoais-de-prefeito-e-deputado-estadual-durante-festa-de-emancipacao-politica","status":"publish","type":"post","link":"https:\/\/www.mpal.mp.br\/?p=6674","title":{"rendered":"Ap\u00f3s a\u00e7\u00e3o do MPAL, Prefeitura de Quebrangulo \u00e9 proibida de fazer propagandas pessoais de prefeito e deputado estadual durante festa de emancipa\u00e7\u00e3o pol\u00edtica"},"content":{"rendered":"<p style=\"text-align: justify;\" align=\"justify\" data-raofz=\"14\"><span style=\"font-size: 14pt;\" data-raofz=\"13\">O Minist\u00e9rio P\u00fablico do Estado de Alagoas ajuizou uma a\u00e7\u00e3o civil p\u00fablica contra o prefeito de Quebrangulo, Marcelo Ricardo Vasconcelos Lima, o deputado estadual David Maia, e mais cinco empresas respons\u00e1veis pelas atra\u00e7\u00f5es que comandar\u00e3o a festa de anivers\u00e1rio de 150 anos da emancipa\u00e7\u00e3o pol\u00edtica daquele munic\u00edpio. Ap\u00f3s analisar os argumentos apresentados pelo promotor de Justi\u00e7a M\u00e1rcio D\u00f3ria, o Poder Judici\u00e1rio, atendendo ao pedido formulado pelo MPAL, determinou que o poder executivo se abstenha de fazer qualquer tipo de propaganda das referidas autoridades, cumprindo, dessa forma, o princ\u00edpio da impessoalidade na administra\u00e7\u00e3o p\u00fablica, previsto na Constitui\u00e7\u00e3o Federal.<\/span><\/p>\n<p style=\"text-align: justify;\" align=\"justify\" data-raofz=\"14\"><span style=\"font-size: 14pt;\" data-raofz=\"13\">A a\u00e7\u00e3o foi ajuizada em desfavor do prefeito e do deputado j\u00e1 mencionados e das empresas Josivaldo Daniel Vieira, respons\u00e1vel pela atra\u00e7\u00e3o Danielzinho \u00e9 Show; da Nova Produ\u00e7\u00f5es e Eventos Ltda-ME, da atra\u00e7\u00e3o Mano Walter; da GS Costa-ME, que cuida dos contratos de Marcynho Sensa\u00e7\u00e3o, Wallas Arrais, Peruano e Luan Forr\u00f3 Estilizado; da Zade Shows Grava\u00e7\u00f5es e Edi\u00e7\u00f5es Musicais Ltda., que agencia Eric Land; da empresa Ultra Produ\u00e7\u00f5es e Eventos Eireli-EPP, que det\u00e9m a responsabilidade de negociar os shows do artista Zezo; e da empresa MVL Produ\u00e7\u00f5es Art\u00edsticas Ltda., ligada ao cantor Maciel Valente.<\/span><\/p>\n<p style=\"text-align: justify;\" data-raofz=\"14\"><span style=\"font-size: 14pt;\" data-raofz=\"13\">Em suas argumenta\u00e7\u00f5es, o promotor de Justi\u00e7a M\u00e1rcio D\u00f3ria destacou que o evento de emancipa\u00e7\u00e3o corre o risco de ser promovido com a utiliza\u00e7\u00e3o de recursos p\u00fablicos em \u201cposs\u00edvel viola\u00e7\u00e3o ao princ\u00edpio da impessoalidade, tendo em vista fortes ind\u00edcios de promo\u00e7\u00e3o pessoal\u201d. Segundo ele, o objetivo da a\u00e7\u00e3o foi justamente a defesa da realiza\u00e7\u00e3o da festa \u201cem conson\u00e2ncia com a lei, de modo a se evitar preju\u00edzos incalcul\u00e1veis ao er\u00e1rio e afronta ao princ\u00edpio do interesse p\u00fablico\u201d. A legisla\u00e7\u00e3o a qual ele se refere, neste caso, \u00e9 o artigo 37 da Constitui\u00e7\u00e3o da Rep\u00fablica, que trata dos princ\u00edpios da legalidade, impessoalidade, moralidade, publicidade e efici\u00eancia que devem nortear toda administra\u00e7\u00e3o p\u00fablica.<\/span><\/p>\n<p style=\"text-align: justify;\" data-raofz=\"14\"><span style=\"font-size: 14pt;\" data-raofz=\"13\">\u201cExplicamos que j\u00e1 estava ocorrendo a publicidade em favor de agentes p\u00fablicos, notadamente do prefeito Marcelo Ricardo Vasconcelos Lima e do deputado Estadual David Maia de Vasconcelos Lima e, para comprovar isso, juntamos, inclusive, v\u00eddeos que comprovam essa nossa alega\u00e7\u00e3o. H\u00e1 tamb\u00e9m grava\u00e7\u00f5es de alguns dos artistas j\u00e1 realizando manifesta\u00e7\u00e3o de apre\u00e7o ao prefeito e ao parlamentar que, \u00e9 importante frisar, s\u00e3o pai e filho\u201d, explicou o promotor de Justi\u00e7a.<\/span><\/p>\n<p style=\"text-align: justify;\" data-raofz=\"14\"><span style=\"font-size: 14pt;\" data-raofz=\"13\"><strong>Decis\u00e3o judicial<\/strong><\/span><\/p>\n<p style=\"text-align: justify;\" data-raofz=\"14\"><span style=\"font-size: 14pt;\" data-raofz=\"13\">Na decis\u00e3o, o juiz de Quebrangulo, Guilherme Bubolz Bohm, determinou qualquer tipo de publicidade que culmine na promo\u00e7\u00e3o pessoal das autoridades alvo da a\u00e7\u00e3o: \u201cvedar a publicidade\/promo\u00e7\u00e3o pessoal de qualquer agente p\u00fablico, especialmente do prefeito e do deputado demandados, seja na abertura, locu\u00e7\u00e3o, intervalo, apresenta\u00e7\u00e3o de artista ou encerramento dos shows ou qualquer outro momento durante os eventos alusivos ao anivers\u00e1rio da cidade de Quebrangulo, sob pena de incid\u00eancia de multa por cada ato de promo\u00e7\u00e3o pessoal no valor de R$ 50.000,00 (cinquenta mil reais) em caso de descumprimento dessa veda\u00e7\u00e3o, a qual ser\u00e1 de responsabilidade pessoal dos envolvidos, prefeito e deputado requeridos\u201d, diz um trecho do documento.<\/span><\/p>\n<p style=\"text-align: justify;\" data-raofz=\"14\"><span style=\"font-size: 14pt;\" data-raofz=\"13\">Ele tamb\u00e9m obrigou a munic\u00edpio de Quebrangulo a \u201cregistrar, atrav\u00e9s de m\u00eddia audiovisual, todo o evento, com a juntada da m\u00eddia final nestes autos, sob pena de incid\u00eancia de multa no valor de R$ 100.000,00 (cem mil reais) a ser suportada pelas pessoas do prefeito e do deputado\u201d.<\/span><\/p>\n<p style=\"text-align: justify;\" data-raofz=\"14\"><span style=\"font-size: 14pt;\" data-raofz=\"13\">O evento est\u00e1 programado para come\u00e7ar nesta quinta-feira (26) e seguir\u00e1 at\u00e9 o pr\u00f3ximo s\u00e1bado (28).<\/span><\/p>\n","protected":false},"excerpt":{"rendered":"<p> [&hellip;]<\/p>\n","protected":false},"author":2,"featured_media":4016,"comment_status":"open","ping_status":"open","sticky":false,"template":"","format":"standard","meta":{"om_disable_all_campaigns":false,"_monsterinsights_skip_tracking":false,"_monsterinsights_sitenote_active":false,"_monsterinsights_sitenote_note":"","_monsterinsights_sitenote_category":0,"_uf_show_specific_survey":0,"_uf_disable_surveys":false,"footnotes":""},"categories":[2],"tags":[],"class_list":["post-6674","post","type-post","status-publish","format-standard","has-post-thumbnail","hentry","category-not_mpal"],"aioseo_notices":[],"_links":{"self":[{"href":"https:\/\/www.mpal.mp.br\/index.php?rest_route=\/wp\/v2\/posts\/6674","targetHints":{"allow":["GET"]}}],"collection":[{"href":"https:\/\/www.mpal.mp.br\/index.php?rest_route=\/wp\/v2\/posts"}],"about":[{"href":"https:\/\/www.mpal.mp.br\/index.php?rest_route=\/wp\/v2\/types\/post"}],"author":[{"embeddable":true,"href":"https:\/\/www.mpal.mp.br\/index.php?rest_route=\/wp\/v2\/users\/2"}],"replies":[{"embeddable":true,"href":"https:\/\/www.mpal.mp.br\/index.php?rest_route=%2Fwp%2Fv2%2Fcomments&post=6674"}],"version-history":[{"count":1,"href":"https:\/\/www.mpal.mp.br\/index.php?rest_route=\/wp\/v2\/posts\/6674\/revisions"}],"predecessor-version":[{"id":6675,"href":"https:\/\/www.mpal.mp.br\/index.php?rest_route=\/wp\/v2\/posts\/6674\/revisions\/6675"}],"wp:featuredmedia":[{"embeddable":true,"href":"https:\/\/www.mpal.mp.br\/index.php?rest_route=\/wp\/v2\/media\/4016"}],"wp:attachment":[{"href":"https:\/\/www.mpal.mp.br\/index.php?rest_route=%2Fwp%2Fv2%2Fmedia&parent=6674"}],"wp:term":[{"taxonomy":"category","embeddable":true,"href":"https:\/\/www.mpal.mp.br\/index.php?rest_route=%2Fwp%2Fv2%2Fcategories&post=6674"},{"taxonomy":"post_tag","embeddable":true,"href":"https:\/\/www.mpal.mp.br\/index.php?rest_route=%2Fwp%2Fv2%2Ftags&post=6674"}],"curies":[{"name":"wp","href":"https:\/\/api.w.org\/{rel}","templated":true}]}}