{"id":66712,"date":"2026-02-24T10:01:25","date_gmt":"2026-02-24T13:01:25","guid":{"rendered":"https:\/\/www.mpal.mp.br\/?p=66712"},"modified":"2026-02-24T13:21:13","modified_gmt":"2026-02-24T16:21:13","slug":"mpal-obtem-na-justica-bloqueio-do-aplicativo-zangi-no-brasil-para-conter-crimes-graves-contra-criancas-e-adolescentes","status":"publish","type":"post","link":"https:\/\/www.mpal.mp.br\/?p=66712","title":{"rendered":"MPAL obt\u00e9m na Justi\u00e7a bloqueio do aplicativo Zangi no Brasil para conter crimes graves contra crian\u00e7as e adolescentes"},"content":{"rendered":"<p style=\"text-align: justify;\"><span style=\"font-family: helvetica, arial, sans-serif; font-size: 12pt;\">Diante da gravidade de crimes praticados contra crian\u00e7as e adolescentes, muitas vezes viabilizados por ferramentas digitais que dificultam a identifica\u00e7\u00e3o dos autores, o Minist\u00e9rio P\u00fablico do Estado de Alagoas (MPAL) adotou uma medida firme para impedir a continuidade das pr\u00e1ticas il\u00edcitas. A pedido dos promotores de Justi\u00e7a Lucas Sachsida e Ricardo Lib\u00f3rio, da 60\u00aa Promotoria de Justi\u00e7a da capital, o Poder Judici\u00e1rio determinou o bloqueio do funcionamento do aplicativo Zangi em todo o territ\u00f3rio nacional.<\/span><\/p>\n<p style=\"text-align: justify;\"><span style=\"font-family: helvetica, arial, sans-serif; font-size: 12pt;\">De acordo com duas manifesta\u00e7\u00f5es ministeriais, o aplicativo Zangi vinha sendo utilizado como meio para a pr\u00e1tica e dissemina\u00e7\u00e3o de conte\u00fados relacionados a crimes de extrema gravidade, incluindo delitos que vitimizam crian\u00e7as e adolescentes. As investiga\u00e7\u00f5es apontaram que a plataforma se notabiliza por oferecer mecanismos que dificultam a rastreabilidade das comunica\u00e7\u00f5es, criando um ambiente prop\u00edcio \u00e0 atua\u00e7\u00e3o de criminosos.<\/span><\/p>\n<p style=\"text-align: justify;\"><span style=\"font-family: helvetica, arial, sans-serif; font-size: 12pt;\">O Minist\u00e9rio P\u00fablico requisitou informa\u00e7\u00f5es e dados t\u00e9cnicos essenciais \u00e0 identifica\u00e7\u00e3o dos respons\u00e1veis, mas n\u00e3o obteve a coopera\u00e7\u00e3o necess\u00e1ria por parte da empresa administradora do aplicativo. Diante da resist\u00eancia e da continuidade do uso da ferramenta para fins il\u00edcitos, os promotores Lucas Sachsida e Ricardo Lib\u00f3rio requereram judicialmente a ado\u00e7\u00e3o de medida mais rigorosa, consistente no bloqueio do funcionamento da plataforma no Brasil, como forma de resguardar v\u00edtimas e assegurar a efic\u00e1cia das investiga\u00e7\u00f5es.<\/span><\/p>\n<p style=\"text-align: justify;\"><strong><span style=\"font-family: helvetica, arial, sans-serif; font-size: 12pt;\">Os pedidos atendidos<\/span><\/strong><\/p>\n<p style=\"text-align: justify;\"><span style=\"font-family: helvetica, arial, sans-serif; font-size: 12pt;\">O pleito apresentado pelo MPAL foi atendido pelo Poder Judici\u00e1rio, que acolheu as argumenta\u00e7\u00f5es feitas pela 60\u00aa Promotoria de Justi\u00e7a da capital, ap\u00f3s constatar a utiliza\u00e7\u00e3o da plataforma para a pr\u00e1tica de crimes graves, bem como a aus\u00eancia de colabora\u00e7\u00e3o eficaz da empresa respons\u00e1vel com as autoridades brasileiras. Na decis\u00e3o, foi determinado o bloqueio da ferramenta como medida necess\u00e1ria diante da impossibilidade de obten\u00e7\u00e3o de dados imprescind\u00edveis \u00e0s investiga\u00e7\u00f5es.<\/span><\/p>\n<p style=\"text-align: justify;\"><span style=\"font-family: helvetica, arial, sans-serif; font-size: 12pt;\">Ao analisar o pedido, o Judici\u00e1rio tamb\u00e9m reconheceu a presen\u00e7a dos requisitos legais e destacou que a liberdade de oferta de servi\u00e7os digitais n\u00e3o pode se sobrepor \u00e0 prote\u00e7\u00e3o de direitos fundamentais, especialmente quando se trata da integridade de crian\u00e7as e adolescentes. A decis\u00e3o determina ainda que provedores de internet adotem as provid\u00eancias necess\u00e1rias para tornar indispon\u00edvel o aplicativo Zangi no pa\u00eds.<\/span><\/p>\n<p style=\"text-align: justify;\"><span style=\"font-family: helvetica, arial, sans-serif; font-size: 12pt;\">\u201cA medida refor\u00e7a um debate cada vez mais urgente no cen\u00e1rio contempor\u00e2neo: a responsabilidade das plataformas digitais diante de conte\u00fados il\u00edcitos e da pr\u00e1tica de crimes em ambiente virtual. Embora a tecnologia represente avan\u00e7o e amplia\u00e7\u00e3o de direitos, ela n\u00e3o pode servir de escudo para a impunidade. A aus\u00eancia de coopera\u00e7\u00e3o com autoridades brasileiras, sobretudo em investiga\u00e7\u00f5es que envolvem v\u00edtimas em situa\u00e7\u00e3o de extrema vulnerabilidade, compromete a efetividade da Justi\u00e7a e exige respostas proporcionais do Estado\u201d, afirmou o promotor Lucas Sachsida.<\/span><\/p>\n<p style=\"text-align: justify;\"><span style=\"font-family: helvetica, arial, sans-serif; font-size: 12pt;\">Ricardo Lib\u00f3rio tamb\u00e9m a respeito da decis\u00e3o: \u201cAl\u00e9m disso, o caso evidencia a necessidade de equil\u00edbrio entre inova\u00e7\u00e3o tecnol\u00f3gica e prote\u00e7\u00e3o de direitos fundamentais. A atua\u00e7\u00e3o do MPAL demonstra que o enfrentamento aos crimes cibern\u00e9ticos demanda n\u00e3o apenas investiga\u00e7\u00e3o qualificada, mas tamb\u00e9m decis\u00f5es firmes capazes de interromper ciclos de viol\u00eancia e explora\u00e7\u00e3o. Ao priorizar a prote\u00e7\u00e3o da inf\u00e2ncia e da adolesc\u00eancia, o Minist\u00e9rio P\u00fablico caminha em dire\u00e7\u00e3o ao seu papel constitucional de defensor da sociedade e de guardi\u00e3o dos direitos humanos, especialmente daqueles que mais precisam de prote\u00e7\u00e3o\u201d, disse ele.\u00a0<\/span><\/p>\n","protected":false},"excerpt":{"rendered":"<p> [&hellip;]<\/p>\n","protected":false},"author":17,"featured_media":21991,"comment_status":"open","ping_status":"open","sticky":false,"template":"","format":"standard","meta":{"om_disable_all_campaigns":false,"_monsterinsights_skip_tracking":false,"_monsterinsights_sitenote_active":false,"_monsterinsights_sitenote_note":"","_monsterinsights_sitenote_category":0,"_uf_show_specific_survey":0,"_uf_disable_surveys":false,"footnotes":""},"categories":[2],"tags":[],"class_list":["post-66712","post","type-post","status-publish","format-standard","has-post-thumbnail","hentry","category-not_mpal"],"aioseo_notices":[],"_links":{"self":[{"href":"https:\/\/www.mpal.mp.br\/index.php?rest_route=\/wp\/v2\/posts\/66712","targetHints":{"allow":["GET"]}}],"collection":[{"href":"https:\/\/www.mpal.mp.br\/index.php?rest_route=\/wp\/v2\/posts"}],"about":[{"href":"https:\/\/www.mpal.mp.br\/index.php?rest_route=\/wp\/v2\/types\/post"}],"author":[{"embeddable":true,"href":"https:\/\/www.mpal.mp.br\/index.php?rest_route=\/wp\/v2\/users\/17"}],"replies":[{"embeddable":true,"href":"https:\/\/www.mpal.mp.br\/index.php?rest_route=%2Fwp%2Fv2%2Fcomments&post=66712"}],"version-history":[{"count":1,"href":"https:\/\/www.mpal.mp.br\/index.php?rest_route=\/wp\/v2\/posts\/66712\/revisions"}],"predecessor-version":[{"id":66716,"href":"https:\/\/www.mpal.mp.br\/index.php?rest_route=\/wp\/v2\/posts\/66712\/revisions\/66716"}],"wp:featuredmedia":[{"embeddable":true,"href":"https:\/\/www.mpal.mp.br\/index.php?rest_route=\/wp\/v2\/media\/21991"}],"wp:attachment":[{"href":"https:\/\/www.mpal.mp.br\/index.php?rest_route=%2Fwp%2Fv2%2Fmedia&parent=66712"}],"wp:term":[{"taxonomy":"category","embeddable":true,"href":"https:\/\/www.mpal.mp.br\/index.php?rest_route=%2Fwp%2Fv2%2Fcategories&post=66712"},{"taxonomy":"post_tag","embeddable":true,"href":"https:\/\/www.mpal.mp.br\/index.php?rest_route=%2Fwp%2Fv2%2Ftags&post=66712"}],"curies":[{"name":"wp","href":"https:\/\/api.w.org\/{rel}","templated":true}]}}