{"id":6671,"date":"2022-05-26T19:15:02","date_gmt":"2022-05-26T22:15:02","guid":{"rendered":"https:\/\/www.mpal.mp.br\/?p=6671"},"modified":"2022-05-27T08:17:43","modified_gmt":"2022-05-27T11:17:43","slug":"ministerio-publico-de-alagoas-promove-campanha-de-arrecadacao-de-donativos-para-vitimas-das-chuvas","status":"publish","type":"post","link":"https:\/\/www.mpal.mp.br\/?p=6671","title":{"rendered":"Minist\u00e9rio P\u00fablico de Alagoas promove campanha de arrecada\u00e7\u00e3o de donativos para v\u00edtimas das chuvas"},"content":{"rendered":"<p style=\"text-align: justify;\"><span style=\"font-size: 14pt;\">O Minist\u00e9rio P\u00fablico do Estado de Alagoas come\u00e7ou, nesta quinta-feira (26), uma campanha para arrecadar agasalhos, material de higiene e alimentos n\u00e3o perec\u00edveis para as v\u00edtimas das chuvas que est\u00e3o desalojadas e desabrigadas em dezenas de munic\u00edpios do estado. Todas as unidades do \u00f3rg\u00e3o ministerial servir\u00e3o de base para que a popula\u00e7\u00e3o possa deixar a sua doa\u00e7\u00e3o.<\/span><\/p>\n<p style=\"text-align: justify;\"><span style=\"font-size: 14pt;\">Em Macei\u00f3, ser\u00e3o tr\u00eas pontos de arrecada\u00e7\u00e3o: o pr\u00e9dio-sede do Minist\u00e9rio. localizado \u00e0 Rua Pedro Jorge Melo Silva, n\u00ba 79, no Po\u00e7o (\u00e0s margens do Riacho Salgadinho); a sede das Promotorias de Justi\u00e7a da capital, situada na Av. Juca Sampaio, n\u00ba 3362, Barro Duro; e o edif\u00edcio do Centro de Apoio Operacional \u00e0s Promotorias de Justi\u00e7a (Caop), que fica na Avenida Fernandes Lima, 1018, Farol.<\/span><\/p>\n<p style=\"text-align: justify;\"><span style=\"font-size: 14pt;\">J\u00e1 no interior, as doa\u00e7\u00f5es poder\u00e3o ser levadas para os locais onde o Minist\u00e9rio P\u00fablico tem sede pr\u00f3pria ou para as salas onde funcionam as promotorias de Justi\u00e7a, nos respectivos f\u00f3runs. \u201cVivemos um momento delicado, com centenas de cidad\u00e3os e cidad\u00e3s alagoanos precisando da nossa ajuda. O Minist\u00e9rio P\u00fablico, como defensor da dignidade dessas pessoas, conclama toda a sociedade a se irmanar nessa corrente de solidariedade para que possamos levar socorro \u00e0s v\u00edtimas. Procure uma das nossas unidades e deixe a sua contribui\u00e7\u00e3o, ela far\u00e1 uma grande diferen\u00e7a na vida de quem a receber\u201d, afirmou o procurador-geral de Justi\u00e7a, M\u00e1rcio Roberto Ten\u00f3rio de Albuquerque.<\/span><\/p>\n<p style=\"text-align: justify;\"><span style=\"font-size: 14pt;\">Alerta de mais chuvas<\/span><\/p>\n<p style=\"text-align: justify;\"><span style=\"font-size: 14pt;\">Segundo a Secretaria de Estado de Meio Ambiente e dos Recursos H\u00eddricos (Semarh), a previs\u00e3o de chuvas continua para v\u00e1rias regi\u00f5es do estado at\u00e9 esta sexta-feira (27). Em Macei\u00f3, os meteorologistas informaram que, em apenas dois dias, a capital j\u00e1 recebeu 21% a mais do volume de \u00e1gua esperado para todo este m\u00eas de maio, o que fez a prefeitura decretar situa\u00e7\u00e3o de emerg\u00eancia.<\/span><\/p>\n<p style=\"text-align: justify;\"><span style=\"font-size: 14pt;\">A Sala de Alerta instalada no Corpo de Bombeiros tem monitorado as ocorr\u00eancias provocadas pelas chuvas intensas e a corpora\u00e7\u00e3o informou que segue atenta \u00e0 situa\u00e7\u00e3o, com 134 militares e 34 viaturas em regime de prontid\u00e3o, tendo, todo o contingente de folga, sido chamado para o plant\u00e3o.<\/span><\/p>\n","protected":false},"excerpt":{"rendered":"<p> [&hellip;]<\/p>\n","protected":false},"author":2,"featured_media":6672,"comment_status":"closed","ping_status":"closed","sticky":false,"template":"","format":"standard","meta":{"om_disable_all_campaigns":false,"_monsterinsights_skip_tracking":false,"_monsterinsights_sitenote_active":false,"_monsterinsights_sitenote_note":"","_monsterinsights_sitenote_category":0,"_uf_show_specific_survey":0,"_uf_disable_surveys":false,"footnotes":""},"categories":[2],"tags":[],"class_list":["post-6671","post","type-post","status-publish","format-standard","has-post-thumbnail","hentry","category-not_mpal"],"aioseo_notices":[],"_links":{"self":[{"href":"https:\/\/www.mpal.mp.br\/index.php?rest_route=\/wp\/v2\/posts\/6671","targetHints":{"allow":["GET"]}}],"collection":[{"href":"https:\/\/www.mpal.mp.br\/index.php?rest_route=\/wp\/v2\/posts"}],"about":[{"href":"https:\/\/www.mpal.mp.br\/index.php?rest_route=\/wp\/v2\/types\/post"}],"author":[{"embeddable":true,"href":"https:\/\/www.mpal.mp.br\/index.php?rest_route=\/wp\/v2\/users\/2"}],"replies":[{"embeddable":true,"href":"https:\/\/www.mpal.mp.br\/index.php?rest_route=%2Fwp%2Fv2%2Fcomments&post=6671"}],"version-history":[{"count":1,"href":"https:\/\/www.mpal.mp.br\/index.php?rest_route=\/wp\/v2\/posts\/6671\/revisions"}],"predecessor-version":[{"id":6673,"href":"https:\/\/www.mpal.mp.br\/index.php?rest_route=\/wp\/v2\/posts\/6671\/revisions\/6673"}],"wp:featuredmedia":[{"embeddable":true,"href":"https:\/\/www.mpal.mp.br\/index.php?rest_route=\/wp\/v2\/media\/6672"}],"wp:attachment":[{"href":"https:\/\/www.mpal.mp.br\/index.php?rest_route=%2Fwp%2Fv2%2Fmedia&parent=6671"}],"wp:term":[{"taxonomy":"category","embeddable":true,"href":"https:\/\/www.mpal.mp.br\/index.php?rest_route=%2Fwp%2Fv2%2Fcategories&post=6671"},{"taxonomy":"post_tag","embeddable":true,"href":"https:\/\/www.mpal.mp.br\/index.php?rest_route=%2Fwp%2Fv2%2Ftags&post=6671"}],"curies":[{"name":"wp","href":"https:\/\/api.w.org\/{rel}","templated":true}]}}