{"id":66677,"date":"2026-02-23T10:08:29","date_gmt":"2026-02-23T13:08:29","guid":{"rendered":"https:\/\/www.mpal.mp.br\/?p=66677"},"modified":"2026-02-23T10:08:29","modified_gmt":"2026-02-23T13:08:29","slug":"ministerio-publico-atuara-em-juri-de-madrasta-acusada-de-tentar-matar-enteado-por-vinganca","status":"publish","type":"post","link":"https:\/\/www.mpal.mp.br\/?p=66677","title":{"rendered":"Minist\u00e9rio P\u00fablico atuar\u00e1 em j\u00fari de madrasta acusada de tentar matar enteado por vingan\u00e7a"},"content":{"rendered":"<p align=\"justify\"><span style=\"font-family: helvetica, arial, sans-serif; font-size: 12pt;\">Uma crian\u00e7a de apenas seis anos foi transformada em instrumento de vingan\u00e7a. Na madrugada de 23 de maio de 2022, no bairro Benedito Bentes, em Macei\u00f3, um conflito entre um casal terminou de forma tr\u00e1gica: um menino foi arremessado da janela de um apartamento, do quarto andar, em um epis\u00f3dio que chocou moradores da regi\u00e3o. A r\u00e9, Adriana Ferreira da Silva, ser\u00e1 julgada, no pr\u00f3ximo dia 25, pelo crime de tentativa de homic\u00eddio qualificado contra o pr\u00f3prio enteado. A acusa\u00e7\u00e3o ser\u00e1 sustentada pela promotora de Justi\u00e7a Adilza In\u00e1cio de Freitas, da 42\u00aa Promotoria de Justi\u00e7a da capital.<\/span><\/p>\n<h3 class=\"western\" align=\"justify\"><span style=\"font-family: helvetica, arial, sans-serif; font-size: 12pt;\">\u201cEle vai morrer agora\u201d<\/span><\/h3>\n<p align=\"justify\"><span style=\"font-family: helvetica, arial, sans-serif; font-size: 12pt;\">De acordo com a den\u00fancia oferecida pelo Minist\u00e9rio P\u00fablico, a acusada teria cometido o crime movida por raiva e sentimento de vingan\u00e7a ap\u00f3s uma discuss\u00e3o com o companheiro. Conforme narrado nos autos do processo, naquela noite houve consumo de bebida alco\u00f3lica e um desentendimento em via p\u00fablica, envolvendo a acusada, o pai da crian\u00e7a e outras pessoas.<\/span><\/p>\n<p align=\"justify\"><span style=\"font-family: helvetica, arial, sans-serif; font-size: 12pt;\">Ao retornar para casa, enquanto o menino dormia, Adriana Ferreira da Silva teria passado a agir de forma agressiva, proferindo amea\u00e7as contra a crian\u00e7a. O pai, Jos\u00e9 Marcos Nascimento dos Santos, relatou ter ouvido, momentos antes da queda, a frase: \u201cEle vai morrer agora\u201d. Em seguida, o filho da acusada, um adolescente, teria gritado em desespero para que a m\u00e3e n\u00e3o fizesse aquilo. Pouco depois, segundo a a\u00e7\u00e3o penal, vizinhos viram o menino ca\u00eddo no ch\u00e3o, ensanguentado e em estado de choque.<\/span><\/p>\n<h3 class=\"western\" align=\"justify\"><span style=\"font-family: helvetica, arial, sans-serif; font-size: 12pt;\">Crian\u00e7a sobreviveu<\/span><\/h3>\n<p align=\"justify\"><span style=\"font-family: helvetica, arial, sans-serif; font-size: 12pt;\">O menino foi socorrido \u00e0s pressas e encaminhado para um hospital. Os documentos m\u00e9dicos que constam no processo indicaram que a v\u00edtima sofreu les\u00f5es graves, incluindo hematomas e ferimentos decorrentes da queda em altura elevada. Para o Minist\u00e9rio P\u00fablico, a morte s\u00f3 n\u00e3o ocorreu por circunst\u00e2ncias alheias \u00e0 vontade da acusada, o que caracteriza a tentativa de homic\u00eddio.<\/span><\/p>\n<p align=\"justify\"><span style=\"font-family: helvetica, arial, sans-serif; font-size: 12pt;\">E, ainda pelo que consta na den\u00fancia, a pr\u00f3pria r\u00e9 confessou ter jogado o enteado pela janela, atribuindo sua conduta ao estado emocional alterado ap\u00f3s a discuss\u00e3o com o companheiro.<\/span><\/p>\n<h3 class=\"western\" align=\"justify\"><span style=\"font-family: helvetica, arial, sans-serif; font-size: 12pt;\">Crime qualificado e julgamento pelo Tribunal do J\u00fari<\/span><\/h3>\n<p align=\"justify\"><span style=\"font-family: helvetica, arial, sans-serif; font-size: 12pt;\">O MPAL denunciou a acusada por tentativa de homic\u00eddio qualificado, com incid\u00eancia da qualificadora que tornou imposs\u00edvel a defesa do menino, agravada pelo fato de ele ainda ser uma crian\u00e7a, absolutamente vulner\u00e1vel e incapaz de oferecer qualquer resist\u00eancia.<\/span><\/p>\n<p align=\"justify\"><span style=\"font-family: helvetica, arial, sans-serif;\"><span style=\"font-size: 12pt;\">O julgamento previsto para a pr\u00f3xima quarta-feira (25) ter\u00e1 a promotora de Justi\u00e7a Adilza In\u00e1cio de Freitas no papel de acusa\u00e7\u00e3o. \u201cVamos falar sobre a defesa da vida e a prote\u00e7\u00e3o integral da crian\u00e7a, que \u00e9 papel de toda a sociedade, para al\u00e9m de pedir a condena\u00e7\u00e3o da r\u00e9 que, em vez de oferecer ao enteado um ambiente que deveria ser de cuidado e prote\u00e7\u00e3o, tentou tirar a sua pr\u00f3pria vida. \u00c9 importante ressaltarmos que esse julgamento vai expor a face mais cruel da viol\u00eancia dom\u00e9stica, que \u00e9 quando conflitos entre adultos atingem dir<\/span>etamente quem n\u00e3o tem qualquer possibilidade de defesa\u201d, afirmou a representante do Minist\u00e9rio P\u00fablico.<\/span><\/p>\n","protected":false},"excerpt":{"rendered":"<p> [&hellip;]<\/p>\n","protected":false},"author":17,"featured_media":63510,"comment_status":"open","ping_status":"open","sticky":false,"template":"","format":"standard","meta":{"om_disable_all_campaigns":false,"_monsterinsights_skip_tracking":false,"_monsterinsights_sitenote_active":false,"_monsterinsights_sitenote_note":"","_monsterinsights_sitenote_category":0,"_uf_show_specific_survey":0,"_uf_disable_surveys":false,"footnotes":""},"categories":[2],"tags":[],"class_list":["post-66677","post","type-post","status-publish","format-standard","has-post-thumbnail","hentry","category-not_mpal"],"aioseo_notices":[],"_links":{"self":[{"href":"https:\/\/www.mpal.mp.br\/index.php?rest_route=\/wp\/v2\/posts\/66677","targetHints":{"allow":["GET"]}}],"collection":[{"href":"https:\/\/www.mpal.mp.br\/index.php?rest_route=\/wp\/v2\/posts"}],"about":[{"href":"https:\/\/www.mpal.mp.br\/index.php?rest_route=\/wp\/v2\/types\/post"}],"author":[{"embeddable":true,"href":"https:\/\/www.mpal.mp.br\/index.php?rest_route=\/wp\/v2\/users\/17"}],"replies":[{"embeddable":true,"href":"https:\/\/www.mpal.mp.br\/index.php?rest_route=%2Fwp%2Fv2%2Fcomments&post=66677"}],"version-history":[{"count":1,"href":"https:\/\/www.mpal.mp.br\/index.php?rest_route=\/wp\/v2\/posts\/66677\/revisions"}],"predecessor-version":[{"id":66678,"href":"https:\/\/www.mpal.mp.br\/index.php?rest_route=\/wp\/v2\/posts\/66677\/revisions\/66678"}],"wp:featuredmedia":[{"embeddable":true,"href":"https:\/\/www.mpal.mp.br\/index.php?rest_route=\/wp\/v2\/media\/63510"}],"wp:attachment":[{"href":"https:\/\/www.mpal.mp.br\/index.php?rest_route=%2Fwp%2Fv2%2Fmedia&parent=66677"}],"wp:term":[{"taxonomy":"category","embeddable":true,"href":"https:\/\/www.mpal.mp.br\/index.php?rest_route=%2Fwp%2Fv2%2Fcategories&post=66677"},{"taxonomy":"post_tag","embeddable":true,"href":"https:\/\/www.mpal.mp.br\/index.php?rest_route=%2Fwp%2Fv2%2Ftags&post=66677"}],"curies":[{"name":"wp","href":"https:\/\/api.w.org\/{rel}","templated":true}]}}