{"id":66656,"date":"2026-02-19T14:04:59","date_gmt":"2026-02-19T17:04:59","guid":{"rendered":"https:\/\/www.mpal.mp.br\/?p=66656"},"modified":"2026-02-19T14:07:26","modified_gmt":"2026-02-19T17:07:26","slug":"mpal-denuncia-acusado-de-homicidio-qualificado-e-ocultacao-de-cadaver-em-vicosa","status":"publish","type":"post","link":"https:\/\/www.mpal.mp.br\/?p=66656","title":{"rendered":"Acusado de matar core\u00f3grafo \u00e9 denunciado pelo Minist\u00e9rio P\u00fablico por homic\u00eddio duplamente qualificado"},"content":{"rendered":"<p style=\"text-align: justify;\"><span style=\"font-size: 12pt; font-family: helvetica, arial, sans-serif;\">O Minist\u00e9rio P\u00fablico do Estado de Alagoas (MPAL), por meio da Promotoria de Justi\u00e7a de Vi\u00e7osa, ofereceu den\u00fancia, nesta quinta-feira (19), contra Thiago Ant\u00f4nio Santos do Nascimento, acusado de homic\u00eddio duplamente qualificado e oculta\u00e7\u00e3o de cad\u00e1ver, tendo como v\u00edtima o core\u00f3grafo Edinaldo da Rocha Fran\u00e7a, em crime ocorrido no munic\u00edpio de Vi\u00e7osa, no interior do estado.<\/span><\/p>\n<p style=\"text-align: justify;\"><span style=\"font-size: 12pt; font-family: helvetica, arial, sans-serif;\">Na a\u00e7\u00e3o penal, o promotor de Justi\u00e7a Gustavo Arns mostrou que o fato aconteceu no dia 5 de fevereiro deste ano, no interior de uma resid\u00eancia localizada naquela cidade, onde a v\u00edtima foi morta com diversos golpes de arma branca, desferidos de forma repentina, resultando em sua morte ainda no local.<\/span><\/p>\n<p style=\"text-align: justify;\"><span style=\"font-size: 12pt; font-family: helvetica, arial, sans-serif;\">Segundo as investiga\u00e7\u00f5es, o acusado Thiago Ant\u00f4nio Santos do Nascimento estava hospedado na resid\u00eancia da v\u00edtima e teria se aproveitado da rela\u00e7\u00e3o de confian\u00e7a para cometer o assassinato. Uma discuss\u00e3o, considerada f\u00fatil para o MPAL, foi o que provocou o ataque, dificultando qualquer possibilidade de defesa por parte da v\u00edtima.<\/span><\/p>\n<p style=\"text-align: justify;\"><span style=\"font-size: 12pt; font-family: helvetica, arial, sans-serif;\">\u201cExplicamos na den\u00fancia que, ap\u00f3s o homic\u00eddio, o denunciado manteve o corpo no interior da resid\u00eancia por v\u00e1rias horas, realizou a limpeza do local para remover vest\u00edgios de sangue e subtraiu a motocicleta da v\u00edtima, descartando-a posteriormente com o objetivo de dificultar as investiga\u00e7\u00f5es\u201d, detalhou o promotor Gustavo Arns.<\/span><\/p>\n<p style=\"text-align: justify;\"><span style=\"font-size: 12pt; font-family: helvetica, arial, sans-serif;\">Ainda de acordo com ele, ao longo do dia do crime, o acusado apresentou vers\u00f5es falsas a pessoas pr\u00f3ximas de Edinaldo da Rocha Fran\u00e7a sobre seu paradeiro. O assassinato s\u00f3 foi esclarecido ap\u00f3s confiss\u00e3o espont\u00e2nea feita a um agente da Guarda Municipal, o que levou \u00e0 localiza\u00e7\u00e3o do corpo e \u00e0 confirma\u00e7\u00e3o dos fatos pelas for\u00e7as de seguran\u00e7a.<\/span><\/p>\n<p style=\"text-align: justify;\"><span style=\"font-size: 12pt; font-family: helvetica, arial, sans-serif;\">Com base nos elementos colhidos durante o inqu\u00e9rito policial, incluindo a pris\u00e3o em flagrante e a confiss\u00e3o do r\u00e9u, o Minist\u00e9rio P\u00fablico denunciou Thiago Ant\u00f4nio Santos do Nascimento pelos crimes previstos no artigo n\u00ba 121, \u00a7 2\u00ba, incisos II e IV, ou seja, motivos f\u00fatil e sem chance de defesa \u00e0 v\u00edtima, e no artigo n\u00ba 211 do C\u00f3digo Penal, que \u00e9 a oculta\u00e7\u00e3o de cad\u00e1ver. O processo, a partir de agora, tramitar\u00e1 na Vara Criminal da Comarca de Vi\u00e7osa.<\/span><\/p>\n","protected":false},"excerpt":{"rendered":"<p> [&hellip;]<\/p>\n","protected":false},"author":17,"featured_media":54548,"comment_status":"open","ping_status":"open","sticky":false,"template":"","format":"standard","meta":{"om_disable_all_campaigns":false,"_monsterinsights_skip_tracking":false,"_monsterinsights_sitenote_active":false,"_monsterinsights_sitenote_note":"","_monsterinsights_sitenote_category":0,"_uf_show_specific_survey":0,"_uf_disable_surveys":false,"footnotes":""},"categories":[2],"tags":[],"class_list":["post-66656","post","type-post","status-publish","format-standard","has-post-thumbnail","hentry","category-not_mpal"],"aioseo_notices":[],"_links":{"self":[{"href":"https:\/\/www.mpal.mp.br\/index.php?rest_route=\/wp\/v2\/posts\/66656","targetHints":{"allow":["GET"]}}],"collection":[{"href":"https:\/\/www.mpal.mp.br\/index.php?rest_route=\/wp\/v2\/posts"}],"about":[{"href":"https:\/\/www.mpal.mp.br\/index.php?rest_route=\/wp\/v2\/types\/post"}],"author":[{"embeddable":true,"href":"https:\/\/www.mpal.mp.br\/index.php?rest_route=\/wp\/v2\/users\/17"}],"replies":[{"embeddable":true,"href":"https:\/\/www.mpal.mp.br\/index.php?rest_route=%2Fwp%2Fv2%2Fcomments&post=66656"}],"version-history":[{"count":3,"href":"https:\/\/www.mpal.mp.br\/index.php?rest_route=\/wp\/v2\/posts\/66656\/revisions"}],"predecessor-version":[{"id":66659,"href":"https:\/\/www.mpal.mp.br\/index.php?rest_route=\/wp\/v2\/posts\/66656\/revisions\/66659"}],"wp:featuredmedia":[{"embeddable":true,"href":"https:\/\/www.mpal.mp.br\/index.php?rest_route=\/wp\/v2\/media\/54548"}],"wp:attachment":[{"href":"https:\/\/www.mpal.mp.br\/index.php?rest_route=%2Fwp%2Fv2%2Fmedia&parent=66656"}],"wp:term":[{"taxonomy":"category","embeddable":true,"href":"https:\/\/www.mpal.mp.br\/index.php?rest_route=%2Fwp%2Fv2%2Fcategories&post=66656"},{"taxonomy":"post_tag","embeddable":true,"href":"https:\/\/www.mpal.mp.br\/index.php?rest_route=%2Fwp%2Fv2%2Ftags&post=66656"}],"curies":[{"name":"wp","href":"https:\/\/api.w.org\/{rel}","templated":true}]}}