{"id":6665,"date":"2021-10-22T07:58:47","date_gmt":"2021-10-22T10:58:47","guid":{"rendered":"https:\/\/www.mpal.mp.br\/?p=6665"},"modified":"2022-05-27T07:59:01","modified_gmt":"2022-05-27T10:59:01","slug":"procurador-geral-de-justica-recepciona-consul-americano-e-reforca-relacoes-entre-a-instituicao-e-o-consulado","status":"publish","type":"post","link":"https:\/\/www.mpal.mp.br\/?p=6665","title":{"rendered":"Procurador-geral de Justi\u00e7a recepciona c\u00f4nsul americano e refor\u00e7a rela\u00e7\u00f5es entre a institui\u00e7\u00e3o e o Consulado"},"content":{"rendered":"<p style=\"text-align: justify;\" align=\"justify\" data-raofz=\"14\"><span style=\"font-size: 14pt;\">O procurador-geral de Justi\u00e7a, M\u00e1rcio Roberto Ten\u00f3rio de Albuquerque, recebeu em seu gabinete, na manh\u00e3 desta quinta-feira (21), o novo c\u00f4nsul da embaixada americana, sediada no Recife, Christopher Hirk , onde foi refor\u00e7ada a parceria e aprimoramento do n\u00edvel de interlocu\u00e7\u00e3o entre Minist\u00e9rio P\u00fablico do Estado de Alagoas (MPAL) e o Consulado. Ambos t\u00eam conv\u00eanio cooperativo assinado e dividem a\u00e7\u00f5es de combate a crimes. O PGJ esteve acompanhado pelo chefe de gabinete, promotor de Justi\u00e7a Humberto Bulh\u00f5es, bem como pelo assessor especial de gabinete, promotor de Justi\u00e7a, Edelzito Andrade, e pelo promotor de Justi\u00e7a e chefe do N\u00facleo de Gest\u00e3o da Informa\u00e7\u00e3o (NGI), Hamilton Carneiro.<\/span><\/p>\n<p style=\"text-align: justify;\" align=\"justify\" data-raofz=\"14\"><span style=\"font-size: 14pt;\">O gestor ministerial destacou a import\u00e2ncia dessa rela\u00e7\u00e3o de respeito m\u00fatua e somat\u00f3ria para a institui\u00e7\u00e3o. M\u00e1rcio Roberto aproveitou a oportunidade para apresentar ao c\u00f4nsul os \u00f3rg\u00e3os internos que atuam diretamente contra as Organiza\u00e7\u00f5es Criminosas (Orcrim), no caso, o Grupo de\u00b9 Atua\u00e7\u00e3o Especial de combate ao Crime Organizado (Gaeco) com o NGI, e Grupo de Atua\u00e7\u00e3o Especial de Combate \u00e0 Sonega\u00e7\u00e3o Fiscal e aos Crimes Contra a Ordem Tribut\u00e1ria, Econ\u00f4mica e Conexos (Gaesf).<\/span><\/p>\n<p style=\"text-align: justify;\" align=\"justify\" data-raofz=\"14\"><span style=\"font-size: 14pt;\">\u201c\u00c9 um prazer receb\u00ea-los e reafirmar que o Minist\u00e9rio P\u00fablico de Alagoas est\u00e1 \u00e0 disposi\u00e7\u00e3o dos senhores. Entendo, enquanto gestor, que essa aproxima\u00e7\u00e3o \u00e9 de relev\u00e2ncia para todos n\u00f3s e j\u00e1 temos benef\u00edcios registrados em consequ\u00eancia da nossa parceria. Temos membros muito empenhados no combate \u00e0 criminalidade e, tenho convic\u00e7\u00e3o de que trabalharemos sempre em conflu\u00eancia\u201d, afirma o procurador-geral de Justi\u00e7a.<\/span><\/p>\n<p style=\"text-align: justify;\" align=\"justify\" data-raofz=\"14\"><span style=\"font-size: 14pt;\">Em sua apresenta\u00e7\u00e3o, o representante do Consulado Americano evidenciou que est\u00e1 em miss\u00e3o no Brasil h\u00e1 tr\u00eas meses com determina\u00e7\u00e3o para cumpri-la durante tr\u00eas anos.<\/span><\/p>\n<p style=\"text-align: justify;\" align=\"justify\" data-raofz=\"14\"><span style=\"font-size: 14pt;\">\u201cRec\u00e9m-chegado ao Recife cumpro agenda de visita\u00e7\u00e3o a \u00f3rg\u00e3os pelo Nordeste, fazendo contatos com os Minist\u00e9rios P\u00fablicos e pol\u00edcias. No desenvolvimento das nossas atividades, o vi\u00e9s \u00e9 trabalharmos fraudes nos vistos de passaporte, combatemos o tr\u00e1fico de pessoas e crimes ambientais e estamos aqui para conhecer projetos de voc\u00eas que possam ser executados em sincronia\u201d, explica Christopher Hirk.<\/span><\/p>\n<p style=\"text-align: justify;\" align=\"justify\" data-raofz=\"14\"><span style=\"font-size: 14pt;\">O chefe do NGI, promotor de Justi\u00e7a, Hamilton Carneiro, tamb\u00e9m participou da reuni\u00e3o e lembrou que a parceria j\u00e1 rendeu benef\u00edcios para o MPAL no tocante \u00e0 capacita\u00e7\u00e3o de integrantes do Gaeco.<\/span><\/p>\n<p style=\"text-align: justify;\" align=\"justify\" data-raofz=\"14\"><span style=\"font-size: 14pt;\">\u201cTemos, desde o in\u00edcio da assinatura dessa parceria, mantido uma rela\u00e7\u00e3o amig\u00e1vel e aberta com o consulado, inclusive pudemos contar com a promo\u00e7\u00e3o de cursos de capacita\u00e7\u00e3o para integrantes do Gaeco, o que sem d\u00favida \u00e9 relevante e contribui muito com o desempenho das nossas atividades. Tamb\u00e9m trocamos informa\u00e7\u00f5es e sempre nos disponibilizamos a atuar em sintonia no combates aos crimes quando houver o entendimento de que \u00e9 vi\u00e1vel. Colocamo-nos \u00e0 disposi\u00e7\u00e3o e agradecemos a aten\u00e7\u00e3o sempre dada\u201d, enfatiza o promotor Hamilton.<\/span><\/p>\n<p style=\"text-align: justify;\" align=\"justify\" data-raofz=\"14\"><span style=\"font-size: 14pt;\">A assessoria do Consulado disse que o prop\u00f3sito \u00e9 viabilizar essa colabora\u00e7\u00e3o com as entidades brasileiras e trabalhar o combate \u00e0s Organiza\u00e7\u00f5es Criminosas, principalmente as fac\u00e7\u00f5es no Nordeste.<\/span><\/p>\n<p style=\"text-align: justify;\" align=\"justify\" data-raofz=\"14\"><span style=\"font-size: 14pt;\">J\u00e1 o promotor de Justi\u00e7a e assessor especial de gabinete, Edelzito Andrade, indagou sobre a possibilidade de se trabalhar com olhares para o crime eleitoral.<\/span><\/p>\n<p style=\"text-align: justify;\" align=\"justify\" data-raofz=\"14\"><span style=\"font-size: 14pt;\">\u201cO uso das redes sociais para pr\u00e1ticas criminosas tem avolumado e causado danos em todo o pa\u00eds, ano que vem temos elei\u00e7\u00f5es e n\u00e3o tenhamos d\u00favidas quanto ao trabalho que todos teremos\u201d, disse. Hamilton Carneiro aproveitou e alertou tamb\u00e9m sobre o acr\u00e9scimo dos crimes cibern\u00e9ticos e lavagem de dinheiro.<\/span><\/p>\n<p style=\"text-align: justify;\" align=\"justify\" data-raofz=\"14\"><span style=\"font-size: 14pt;\">Concluindo, o PGJ M\u00e1rcio Roberto fez breve relato sobre os 18 meses de gest\u00e3o e do investimento expressivo na intelig\u00eancia institucional e no enfrentamento \u00e0 criminalidade e garantiu ao c\u00f4nsul Christopher Hirk que o Minist\u00e9rio P\u00f9blico de Alagoas continuar\u00e1 aberto a di\u00e1logos e disposto a atuar de forma harmoniosa.<\/span><\/p>\n","protected":false},"excerpt":{"rendered":"<p> [&hellip;]<\/p>\n","protected":false},"author":1,"featured_media":6666,"comment_status":"open","ping_status":"open","sticky":false,"template":"","format":"standard","meta":{"om_disable_all_campaigns":false,"_monsterinsights_skip_tracking":false,"_monsterinsights_sitenote_active":false,"_monsterinsights_sitenote_note":"","_monsterinsights_sitenote_category":0,"_uf_show_specific_survey":0,"_uf_disable_surveys":false,"footnotes":""},"categories":[2],"tags":[],"class_list":["post-6665","post","type-post","status-publish","format-standard","has-post-thumbnail","hentry","category-not_mpal"],"aioseo_notices":[],"_links":{"self":[{"href":"https:\/\/www.mpal.mp.br\/index.php?rest_route=\/wp\/v2\/posts\/6665","targetHints":{"allow":["GET"]}}],"collection":[{"href":"https:\/\/www.mpal.mp.br\/index.php?rest_route=\/wp\/v2\/posts"}],"about":[{"href":"https:\/\/www.mpal.mp.br\/index.php?rest_route=\/wp\/v2\/types\/post"}],"author":[{"embeddable":true,"href":"https:\/\/www.mpal.mp.br\/index.php?rest_route=\/wp\/v2\/users\/1"}],"replies":[{"embeddable":true,"href":"https:\/\/www.mpal.mp.br\/index.php?rest_route=%2Fwp%2Fv2%2Fcomments&post=6665"}],"version-history":[{"count":1,"href":"https:\/\/www.mpal.mp.br\/index.php?rest_route=\/wp\/v2\/posts\/6665\/revisions"}],"predecessor-version":[{"id":6667,"href":"https:\/\/www.mpal.mp.br\/index.php?rest_route=\/wp\/v2\/posts\/6665\/revisions\/6667"}],"wp:featuredmedia":[{"embeddable":true,"href":"https:\/\/www.mpal.mp.br\/index.php?rest_route=\/wp\/v2\/media\/6666"}],"wp:attachment":[{"href":"https:\/\/www.mpal.mp.br\/index.php?rest_route=%2Fwp%2Fv2%2Fmedia&parent=6665"}],"wp:term":[{"taxonomy":"category","embeddable":true,"href":"https:\/\/www.mpal.mp.br\/index.php?rest_route=%2Fwp%2Fv2%2Fcategories&post=6665"},{"taxonomy":"post_tag","embeddable":true,"href":"https:\/\/www.mpal.mp.br\/index.php?rest_route=%2Fwp%2Fv2%2Ftags&post=6665"}],"curies":[{"name":"wp","href":"https:\/\/api.w.org\/{rel}","templated":true}]}}