{"id":6662,"date":"2021-10-22T07:57:08","date_gmt":"2021-10-22T10:57:08","guid":{"rendered":"https:\/\/www.mpal.mp.br\/?p=6662"},"modified":"2022-05-27T07:57:22","modified_gmt":"2022-05-27T10:57:22","slug":"macons-entregam-ao-procurador-geral-de-justica-nota-publica-pela-autonomia-da-instituicao-e-contra-a-pec5","status":"publish","type":"post","link":"https:\/\/www.mpal.mp.br\/?p=6662","title":{"rendered":"Ma\u00e7ons entregam ao procurador-geral de Justi\u00e7a nota p\u00fablica pela autonomia da institui\u00e7\u00e3o e contra a PEC5"},"content":{"rendered":"<p style=\"text-align: justify;\" align=\"justify\" data-raofz=\"14\"><span style=\"font-size: 14pt;\">Em defesa do Minist\u00e9rio P\u00fablico, uma comitiva formada por ma\u00e7ons fez visita, na tarde desta quinta-feira (21), ao procurador-geral de Justi\u00e7a (PGJ), M\u00e1rcio Roberto Ten\u00f3rio de Albuquerque. Sob comando do gr\u00e3o-mestre de Alagoas, Jo\u00e3o Ferreira da Guia Filho, entregaram nota p\u00fablica confeccionada pela Confedera\u00e7\u00e3o da Ma\u00e7onaria Simb\u00f3lica do Brasil (CMSB) em rep\u00fadio a PEC5 e em defesa da autonomia da institui\u00e7\u00e3o. A CMSB congrega 27 Lojas Ma\u00e7\u00f4nicas de todos os estados da federa\u00e7\u00e3o e do Distrito Federal totalizando mais de 108 mil associados.<\/span><\/p>\n<p style=\"text-align: justify;\" align=\"justify\" data-raofz=\"14\"><span style=\"font-size: 14pt;\">O gr\u00e3o-mestre afirmou que o motivo da visita foi de levar apoio e solidariedade a todos que integram o MP de Alagoas.<\/span><\/p>\n<p style=\"text-align: justify;\" align=\"justify\" data-raofz=\"14\"><span style=\"font-size: 14pt;\">\u201cA ma\u00e7onaria n\u00e3o se furtaria e permitiria que essa PEC fosse adiante colocando no tronco o Minist\u00e9rio P\u00fablico. Ele tem que ser livre para atuar de forma plena, Nossa bancada no Congresso Nacional \u00e9 substancial e sinto-me feliz em participar indiretamente desse pleito\u201d, declara o gr\u00e3o-mestre.<\/span><\/p>\n<p style=\"text-align: justify;\" align=\"justify\" data-raofz=\"14\"><span style=\"font-size: 14pt;\">O procurador-geral de Justi\u00e7a, M\u00e1rcio Roberto Ten\u00f3rio, esbo\u00e7ou satisfa\u00e7\u00e3o diante da postura dos ma\u00e7ons.<\/span><\/p>\n<p style=\"text-align: justify;\" align=\"justify\" data-raofz=\"14\"><span style=\"font-size: 14pt;\">\u201cN\u00e3o \u00e9 uma obriga\u00e7\u00e3o, mas uma honra receb\u00ea-los. Aproveito para agradecer a sensibilidade em rela\u00e7\u00e3o ao Minist\u00e9rio P\u00fablico Brasileiro, tenham certeza de que a for\u00e7a dos senhores fez diferen\u00e7a nesse momento delicado ao qual submeteram nossa institui\u00e7\u00e3o\u201d, salientou o PGJ.<\/span><\/p>\n<p style=\"text-align: justify;\" align=\"justify\" data-raofz=\"14\"><span style=\"font-size: 14pt;\">O professor universit\u00e1rio, identificado como Ivanildo, teceu elogios ao condutor do Minist\u00e9rio P\u00fablico de Alagoas (MPAL) lembrando o per\u00edodo em que o mesmo lecionava no Curso de Direito do Cesmac.<\/span><\/p>\n<p style=\"text-align: justify;\" align=\"justify\" data-raofz=\"14\"><span style=\"font-size: 14pt;\">\u201cSua simplicidade no atendimento aos alunos, sem distin\u00e7\u00e3o, \u00e9 plaus\u00edvel. Posso dizer que o MP n\u00e3o poderia estar em melhores m\u00e3os. Quero parabenizar o Minist\u00e9rio P\u00fablico por defender a sociedade , livrar-nos sempre de quem tenta aniquilar os direitos que lhes s\u00e3o garantidos, diz o professor.<\/span><\/p>\n<p style=\"text-align: justify;\" align=\"justify\" data-raofz=\"14\"><span style=\"font-size: 14pt;\">Um ex-aluno de M\u00e1rcio Roberto, agora, tamb\u00e9m associado da Ma\u00e7onaria, tamb\u00e9m externou suas considera\u00e7\u00f5es.<\/span><\/p>\n<p style=\"text-align: justify;\" align=\"justify\" data-raofz=\"14\"><span style=\"font-size: 14pt;\">\u201cProfessor, amigo e procurador-geral de Justi\u00e7a. Parabenizo o senhor, doutor M\u00e1rcio, pelo trabalho \u00e0 frente do MP de Alagoas, bem como a todos os promotores no combate \u00e0s ilegalidades e \u00e0 corrup\u00e7\u00e3o. Fiquei muito feliz quando ao manter contato, via telefone, o senhor se identificou como ma\u00e7om, aproveito para afirmar que pode sempre contar conosco\u201d.<\/span><\/p>\n<p style=\"text-align: justify;\" align=\"justify\" data-raofz=\"14\"><span style=\"font-size: 14pt;\">O chefe de gabinete, promotor de Justi\u00e7a, Humberto Bulh\u00f5es, acompanhou o procurador-geral de Justi\u00e7a no encontro.<\/span><\/p>\n<p style=\"text-align: justify;\" align=\"justify\" data-raofz=\"14\"><span style=\"font-size: 14pt;\">Foto: Anderson Macena<\/span><\/p>\n","protected":false},"excerpt":{"rendered":"<p> [&hellip;]<\/p>\n","protected":false},"author":1,"featured_media":6663,"comment_status":"open","ping_status":"open","sticky":false,"template":"","format":"standard","meta":{"om_disable_all_campaigns":false,"_monsterinsights_skip_tracking":false,"_monsterinsights_sitenote_active":false,"_monsterinsights_sitenote_note":"","_monsterinsights_sitenote_category":0,"_uf_show_specific_survey":0,"_uf_disable_surveys":false,"footnotes":""},"categories":[2],"tags":[],"class_list":["post-6662","post","type-post","status-publish","format-standard","has-post-thumbnail","hentry","category-not_mpal"],"aioseo_notices":[],"_links":{"self":[{"href":"https:\/\/www.mpal.mp.br\/index.php?rest_route=\/wp\/v2\/posts\/6662","targetHints":{"allow":["GET"]}}],"collection":[{"href":"https:\/\/www.mpal.mp.br\/index.php?rest_route=\/wp\/v2\/posts"}],"about":[{"href":"https:\/\/www.mpal.mp.br\/index.php?rest_route=\/wp\/v2\/types\/post"}],"author":[{"embeddable":true,"href":"https:\/\/www.mpal.mp.br\/index.php?rest_route=\/wp\/v2\/users\/1"}],"replies":[{"embeddable":true,"href":"https:\/\/www.mpal.mp.br\/index.php?rest_route=%2Fwp%2Fv2%2Fcomments&post=6662"}],"version-history":[{"count":1,"href":"https:\/\/www.mpal.mp.br\/index.php?rest_route=\/wp\/v2\/posts\/6662\/revisions"}],"predecessor-version":[{"id":6664,"href":"https:\/\/www.mpal.mp.br\/index.php?rest_route=\/wp\/v2\/posts\/6662\/revisions\/6664"}],"wp:featuredmedia":[{"embeddable":true,"href":"https:\/\/www.mpal.mp.br\/index.php?rest_route=\/wp\/v2\/media\/6663"}],"wp:attachment":[{"href":"https:\/\/www.mpal.mp.br\/index.php?rest_route=%2Fwp%2Fv2%2Fmedia&parent=6662"}],"wp:term":[{"taxonomy":"category","embeddable":true,"href":"https:\/\/www.mpal.mp.br\/index.php?rest_route=%2Fwp%2Fv2%2Fcategories&post=6662"},{"taxonomy":"post_tag","embeddable":true,"href":"https:\/\/www.mpal.mp.br\/index.php?rest_route=%2Fwp%2Fv2%2Ftags&post=6662"}],"curies":[{"name":"wp","href":"https:\/\/api.w.org\/{rel}","templated":true}]}}