{"id":6659,"date":"2021-10-22T07:45:39","date_gmt":"2021-10-22T10:45:39","guid":{"rendered":"https:\/\/www.mpal.mp.br\/?p=6659"},"modified":"2022-05-27T07:45:54","modified_gmt":"2022-05-27T10:45:54","slug":"acao-do-plid-do-ministerio-publico-livra-mulher-de-sequestro-e-carcere-privado-com-apoio-da-pm","status":"publish","type":"post","link":"https:\/\/www.mpal.mp.br\/?p=6659","title":{"rendered":"A\u00e7\u00e3o do PLID do Minist\u00e9rio P\u00fablico livra mulher de sequestro e c\u00e1rcere privado com apoio da PM"},"content":{"rendered":"<p style=\"text-align: justify;\" data-raofz=\"14\"><span style=\"font-size: 14pt;\" data-raofz=\"13\">Poderia ser mais um feminic\u00eddio, mas a interven\u00e7\u00e3o do Programa de Localiza\u00e7\u00e3o e Identifica\u00e7\u00e3o de Desaparecidos (PLID), do Minist\u00e9rio P\u00fablico do Estado de Alagoas (MPAL), com atua\u00e7\u00e3o precisa da Pol\u00edcia Militar de Alagoas (PMAL), por meio da Patrulha Maria da Penha e Intelig\u00eancia do Comando de Policiamento da Capital (CPC), sob determina\u00e7\u00e3o do comandante, coronel Luna, na manh\u00e3 desta sexta-feira (22), uma mulher foi liberada do c\u00e1rcere privado, onde era mantida pelo marido. Ap\u00f3s localiza\u00e7\u00e3o, o autor dos crimes foi preso e a v\u00edtima levada para atendimento hospitalar. A opera\u00e7\u00e3o de resgate foi coordenada pela major M\u00e1rcia Danielli, comandante da Patrulha da Penha.<\/span><\/p>\n<p style=\"text-align: justify;\" data-raofz=\"14\"><span style=\"font-size: 14pt;\" data-raofz=\"13\">A v\u00edtima retornava do trabalho, no s\u00e1bado (16), quando foi abordada pelo companheiro que portava uma faca e a jogou dentro de um ve\u00edculo. Em seguida, o agressor dopou a mulher e a manteve trancafiada sob amea\u00e7as. No momento de vacilo, a v\u00edtima chegou a mandar \u00e1udio para a fam\u00edlia, com a voz tr\u00f4pega, avisando do ocorrido, que estava dopada e n\u00e3o tinha no\u00e7\u00e3o do local para onde havia sido levada. Assim foi iniciado o pedido de socorro ao Plid, do Minist\u00e9rio P\u00fablico Estadual.<\/span><\/p>\n<p style=\"text-align: justify;\" data-raofz=\"14\"><span style=\"font-size: 14pt;\" data-raofz=\"13\">\u201cEntramos em a\u00e7\u00e3o assim que fizeram contato pedindo que entr\u00e1ssemos no caso e, imediatamente, acionei o comando da Capital, a Patrulha da Penha, mobilizei todos que costumam agir e interagir com o Plid porque havia uma situa\u00e7\u00e3o bastante delicada diante de n\u00f3s, uma mulher indefesa, dopada, agredida e amea\u00e7ada de morte. Ent\u00e3o cada segundo era sin\u00f4nimo de esperan\u00e7a. Gra\u00e7as a Deus, nesta manh\u00e3, com a operacionalidade imprescind\u00edvel da pol\u00edcia militar que nos auxiliou nesta miss\u00e3o, salvamos mais uma vida e ficamos agora na expectativa de recupera\u00e7\u00e3o da v\u00edtima e puni\u00e7\u00e3o adequada para o autor\u2019, declara a promotora de Justi\u00e7a e coordenadora do Plid\/MPAL, Marluce Falc\u00e3o.<\/span><\/p>\n<p style=\"text-align: justify;\" data-raofz=\"14\"><span style=\"font-size: 14pt;\" data-raofz=\"13\">Marluce Falc\u00e3o evidencia o empenho indispens\u00e1vel da pol\u00edcia no atendimento ao chamado do Minist\u00e9rio P\u00fablico.<\/span><\/p>\n<p style=\"text-align: justify;\" data-raofz=\"14\"><span style=\"font-size: 14pt;\" data-raofz=\"13\">\u201cA atua\u00e7\u00e3o foi eficaz, a uni\u00e3o de for\u00e7as da pol\u00edcia militar com o Minist\u00e9rio P\u00fablico trouxe a vit\u00f3ria para a v\u00edtima que n\u00e3o perdeu a vida, para os familiares, a sociedade e para todos n\u00f3s. Ela est\u00e1 sob cuidados m\u00e9dicos, pois sofreu agress\u00e3o f\u00edsica e viol\u00eancia psicol\u00f3gica, enquanto a pol\u00edcia levou o sequestrador para a Central de Flagrantes. Aproveito para dizer \u00e0 sociedade alagoana que, em qualquer situa\u00e7\u00e3o de desaparecimento, acione o Plid, pois estaremos sempre de prontid\u00e3o e incans\u00e1veis na tentativa de localizar pessoas e salvar vidas\u201d, conclui a promotora Marluce .<\/span><\/p>\n<p style=\"text-align: justify;\" data-raofz=\"14\"><span style=\"font-size: 14pt;\" data-raofz=\"13\">Os n\u00fameros de contato do Plid s\u00e3o: (82) 99182-0121 e 2122-5220<\/span><\/p>\n","protected":false},"excerpt":{"rendered":"<p> [&hellip;]<\/p>\n","protected":false},"author":1,"featured_media":6660,"comment_status":"open","ping_status":"open","sticky":false,"template":"","format":"standard","meta":{"om_disable_all_campaigns":false,"_monsterinsights_skip_tracking":false,"_monsterinsights_sitenote_active":false,"_monsterinsights_sitenote_note":"","_monsterinsights_sitenote_category":0,"_uf_show_specific_survey":0,"_uf_disable_surveys":false,"footnotes":""},"categories":[2],"tags":[],"class_list":["post-6659","post","type-post","status-publish","format-standard","has-post-thumbnail","hentry","category-not_mpal"],"aioseo_notices":[],"_links":{"self":[{"href":"https:\/\/www.mpal.mp.br\/index.php?rest_route=\/wp\/v2\/posts\/6659","targetHints":{"allow":["GET"]}}],"collection":[{"href":"https:\/\/www.mpal.mp.br\/index.php?rest_route=\/wp\/v2\/posts"}],"about":[{"href":"https:\/\/www.mpal.mp.br\/index.php?rest_route=\/wp\/v2\/types\/post"}],"author":[{"embeddable":true,"href":"https:\/\/www.mpal.mp.br\/index.php?rest_route=\/wp\/v2\/users\/1"}],"replies":[{"embeddable":true,"href":"https:\/\/www.mpal.mp.br\/index.php?rest_route=%2Fwp%2Fv2%2Fcomments&post=6659"}],"version-history":[{"count":1,"href":"https:\/\/www.mpal.mp.br\/index.php?rest_route=\/wp\/v2\/posts\/6659\/revisions"}],"predecessor-version":[{"id":6661,"href":"https:\/\/www.mpal.mp.br\/index.php?rest_route=\/wp\/v2\/posts\/6659\/revisions\/6661"}],"wp:featuredmedia":[{"embeddable":true,"href":"https:\/\/www.mpal.mp.br\/index.php?rest_route=\/wp\/v2\/media\/6660"}],"wp:attachment":[{"href":"https:\/\/www.mpal.mp.br\/index.php?rest_route=%2Fwp%2Fv2%2Fmedia&parent=6659"}],"wp:term":[{"taxonomy":"category","embeddable":true,"href":"https:\/\/www.mpal.mp.br\/index.php?rest_route=%2Fwp%2Fv2%2Fcategories&post=6659"},{"taxonomy":"post_tag","embeddable":true,"href":"https:\/\/www.mpal.mp.br\/index.php?rest_route=%2Fwp%2Fv2%2Ftags&post=6659"}],"curies":[{"name":"wp","href":"https:\/\/api.w.org\/{rel}","templated":true}]}}