{"id":6655,"date":"2021-10-23T07:41:41","date_gmt":"2021-10-23T10:41:41","guid":{"rendered":"https:\/\/www.mpal.mp.br\/?p=6655"},"modified":"2022-05-27T07:41:53","modified_gmt":"2022-05-27T10:41:53","slug":"mpal-marluce-caldas-toma-posse-como-a-mais-nova-procuradora-de-justica","status":"publish","type":"post","link":"https:\/\/www.mpal.mp.br\/?p=6655","title":{"rendered":"MPAL: Marluce Caldas toma posse como a mais nova procuradora de Justi\u00e7a"},"content":{"rendered":"<p style=\"text-align: justify;\" data-raofz=\"14\"><span style=\"font-size: 14pt;\" data-raofz=\"13\">O Minist\u00e9rio P\u00fablico do Estado de Alagoas (MPAL) tem nova procuradora de Justi\u00e7a. A posse ocorreu nessa sexta-feira (22), no audit\u00f3rio do Tribunal de Contas do Estado de Alagoas (TCE-AL). A posse foi dada pelo Col\u00e9gio de Procuradores e a nova procuradora assume a vaga deixada pelo procurador de Justi\u00e7a, Ant\u00f4nio Arecippo. O termo de posse foi lido pelo secret\u00e1rio do Egr\u00e9gio, promotor de Justi\u00e7a, Humberto Pimentel, assinado pela empossanda e pelo presidente e procurador-geral de Justi\u00e7a, M\u00e1rcio Roberto Ten\u00f3rio de Albuquerque. Em seguida, Marluce Caldas fez o juramento.<\/span><\/p>\n<p style=\"text-align: justify;\" data-raofz=\"14\"><span style=\"font-size: 14pt;\" data-raofz=\"13\">A solenidade teve participa\u00e7\u00e3o presencial , quase em sua totalidade, dos membros do Col\u00e9gio de Procuradores, com participa\u00e7\u00e3o virtual do procurador de Justi\u00e7a, Marcos Melro. Em seu discurso, o presidente do Egr\u00e9gio Col\u00e9gio, procurador-geral de Justi\u00e7a, M\u00e1rcio Roberto Ten\u00f3rio de Albuquerque, ressaltou a import\u00e2ncia de mais uma cadeira ocupada por uma mulher.<\/span><\/p>\n<p style=\"text-align: justify;\" data-raofz=\"14\"><span style=\"font-size: 14pt;\" data-raofz=\"13\">\u201cHoje, o Col\u00e9gio de Procuradores do Minist\u00e9rio P\u00fablico de Alagoas sente a felicidade de ter em sua composi\u00e7\u00e3o mais uma integrante do sexo feminino, representando a for\u00e7a da mulher em nossa institui\u00e7\u00e3o. Todos temos convic\u00e7\u00e3o do potencial que elas carregam e dos espa\u00e7os que ocupam mundo a fora, ent\u00e3o quero, enquanto chefe da institui\u00e7\u00e3o, presidente do Egr\u00e9gio, parabenizar a colega Marluce e d\u00e1-lhe as boas-vindas. Meu desejo \u00e9 que mais mulheres alcancem a inst\u00e2ncia maior e nela possam sequenciar o desempenho importante e registrado durante todos anos de atua\u00e7\u00e3o em defesa da sociedade alagoana\u201d, declara M\u00e1rcio Roberto.<\/span><\/p>\n<p style=\"text-align: justify;\" data-raofz=\"14\"><span style=\"font-size: 14pt;\" data-raofz=\"13\">O tamb\u00e9m rec\u00e9m- chegado ao Col\u00e9gio de Procuradores, procurador de Justi\u00e7a H\u00e9lder Juc\u00e1, levou uma mensagem \u00e0 colega empossanda.<\/span><\/p>\n<p style=\"text-align: justify;\" data-raofz=\"14\"><span style=\"font-size: 14pt;\" data-raofz=\"13\">\u201cA amiga Marluce tem passagens em v\u00e1rias promotorias na capital e no interior e n\u00e3o h\u00e1 d\u00favidas de que, na nova miss\u00e3o, somar\u00e1 ao Col\u00e9gio. Desejo boa sorte, para n\u00f3s \u00e9 uma satisfa\u00e7\u00e3o recepcion\u00e1-la\u201d, afirmou Juc\u00e1.<\/span><\/p>\n<p style=\"text-align: justify;\" data-raofz=\"14\"><span style=\"font-size: 14pt;\" data-raofz=\"13\">A procuradora de Justi\u00e7a, Marluce Caldas, falou do envaidecimento pela conquista e agradeceu aos pais, demais familiares, tamb\u00e9m a profissionais os quais considera importantes na luta em defesa da cidadania.<\/span><\/p>\n<p style=\"text-align: justify;\" data-raofz=\"14\"><span style=\"font-size: 14pt;\" data-raofz=\"13\">\u201cO momento \u00e9 de extrema felicidade, quero em primeiro lugar agradecer a Deus, depois \u00e0 minha m\u00e3e, minha fam\u00edlia, esposo e filhos por todo apoio em minha vida. Fui promovida pelo crit\u00e9rio de antiguidade um direito adquirido e inalien\u00e1vel pela minha trajet\u00f3ria e conduta pelos 35 anos de experi\u00eancia profissional e dedica\u00e7\u00e3o \u00e0 minha institui\u00e7\u00e3o. Devo a minha ascens\u00e3o ao poder da minha f\u00e9. Por fim, pela jornada na carreira ministerial, al\u00e9m da minha fam\u00edlia, amigos, agrade\u00e7o aos grandes profissionais do sistema da Justi\u00e7a que s\u00e3o os ju\u00edzes, advogados, procuradores, defensores p\u00fablicos, psic\u00f3logos, assistentes sociais, conselheiros tutelares, servidores do Judici\u00e1rio e do Poder Executivo em todos os \u00e2mbitos e do Minist\u00e9rio P\u00fablico, que formam uma rede invis\u00edvel e inquebrant\u00e1vel em defesa da sociedade\u201d, enfatiza a procuradora.<\/span><\/p>\n<p style=\"text-align: justify;\" data-raofz=\"14\"><span style=\"font-size: 14pt;\" data-raofz=\"13\">O evento foi abrilhantado com a participa\u00e7\u00e3o do m\u00fasico e sargento da Pol\u00edcia Militar e de uma cantora que entoou o Hino Nacional Brasileiro. Procuradores e promotores de Justi\u00e7a, ativos e inativos acompanharam in loco foram prestigiar a colega empossada. Autoridades pol\u00edticas como os senadores Rodrigo Cunha, Fernando Collor, o prefeito da Capital, Jo\u00e3o Henrique Caldas (JHC), a deputada estadual, J\u00f3 Pereira, o presidente da C\u00e2mara de Vereadores de Macei\u00f3, Galba Neto, a \u00a0ex-conselheira do Conselho Nacional do Minist\u00e9rio P\u00fablico (CNMP), Fernanda Marinela, marcaram presen\u00e7a.<\/span><\/p>\n<p style=\"text-align: justify;\" data-raofz=\"14\"><span style=\"font-size: 14pt;\" data-raofz=\"13\">Marluce Caldas \u00e9 a terceira mulher a integrar o Col\u00e9gio de Procuradores do Minist\u00e9rio P\u00fablico de Alagoas, agora dividindo o m\u00e9rito com a procuradora de Justi\u00e7a, Denise Guimar\u00e3es.<\/span><\/p>\n<p style=\"text-align: justify;\" align=\"justify\" data-raofz=\"14\"><span style=\"font-size: 14pt;\" data-raofz=\"13\">Fotos: Anderson Macena e Claudemir Mota<\/span><\/p>\n","protected":false},"excerpt":{"rendered":"<p> [&hellip;]<\/p>\n","protected":false},"author":1,"featured_media":6657,"comment_status":"open","ping_status":"open","sticky":false,"template":"","format":"standard","meta":{"om_disable_all_campaigns":false,"_monsterinsights_skip_tracking":false,"_monsterinsights_sitenote_active":false,"_monsterinsights_sitenote_note":"","_monsterinsights_sitenote_category":0,"_uf_show_specific_survey":0,"_uf_disable_surveys":false,"footnotes":""},"categories":[2],"tags":[],"class_list":["post-6655","post","type-post","status-publish","format-standard","has-post-thumbnail","hentry","category-not_mpal"],"aioseo_notices":[],"_links":{"self":[{"href":"https:\/\/www.mpal.mp.br\/index.php?rest_route=\/wp\/v2\/posts\/6655","targetHints":{"allow":["GET"]}}],"collection":[{"href":"https:\/\/www.mpal.mp.br\/index.php?rest_route=\/wp\/v2\/posts"}],"about":[{"href":"https:\/\/www.mpal.mp.br\/index.php?rest_route=\/wp\/v2\/types\/post"}],"author":[{"embeddable":true,"href":"https:\/\/www.mpal.mp.br\/index.php?rest_route=\/wp\/v2\/users\/1"}],"replies":[{"embeddable":true,"href":"https:\/\/www.mpal.mp.br\/index.php?rest_route=%2Fwp%2Fv2%2Fcomments&post=6655"}],"version-history":[{"count":1,"href":"https:\/\/www.mpal.mp.br\/index.php?rest_route=\/wp\/v2\/posts\/6655\/revisions"}],"predecessor-version":[{"id":6658,"href":"https:\/\/www.mpal.mp.br\/index.php?rest_route=\/wp\/v2\/posts\/6655\/revisions\/6658"}],"wp:featuredmedia":[{"embeddable":true,"href":"https:\/\/www.mpal.mp.br\/index.php?rest_route=\/wp\/v2\/media\/6657"}],"wp:attachment":[{"href":"https:\/\/www.mpal.mp.br\/index.php?rest_route=%2Fwp%2Fv2%2Fmedia&parent=6655"}],"wp:term":[{"taxonomy":"category","embeddable":true,"href":"https:\/\/www.mpal.mp.br\/index.php?rest_route=%2Fwp%2Fv2%2Fcategories&post=6655"},{"taxonomy":"post_tag","embeddable":true,"href":"https:\/\/www.mpal.mp.br\/index.php?rest_route=%2Fwp%2Fv2%2Ftags&post=6655"}],"curies":[{"name":"wp","href":"https:\/\/api.w.org\/{rel}","templated":true}]}}