{"id":6649,"date":"2021-10-28T07:37:36","date_gmt":"2021-10-28T10:37:36","guid":{"rendered":"https:\/\/www.mpal.mp.br\/?p=6649"},"modified":"2022-05-27T07:37:54","modified_gmt":"2022-05-27T10:37:54","slug":"recomecar-projeto-do-mpal-que-insere-jovens-em-vulnerabilidade-social-no-mercado-de-trabalho-e-lancado-no-sertao","status":"publish","type":"post","link":"https:\/\/www.mpal.mp.br\/?p=6649","title":{"rendered":"\u201cRecome\u00e7ar\u201d: Projeto do MPAL que insere jovens em vulnerabilidade social no mercado de trabalho \u00e9 lan\u00e7ado no Sert\u00e3o"},"content":{"rendered":"<p style=\"text-align: justify;\" align=\"justify\" data-raofz=\"14\"><span style=\"font-size: 14pt;\" data-raofz=\"13\">J\u00e1 deu certo. Agora o Minist\u00e9rio P\u00fablico do Estado de Alagoas (MPAL), em parceria com o Senac, estende ao Sert\u00e3o o \u201cProjeto Recome\u00e7ar \u2013 Oficina de Jovens Aprendizes\u201d que tem como foco oportunizar uma transforma\u00e7\u00e3o na vida de jovens em situa\u00e7\u00e3o de vulnerabilidade social e socioeducandos com capacita\u00e7\u00e3o profissional e inser\u00e7\u00e3o no mercado de trabalho. O lan\u00e7amento ocorreu nesta quarta-feira (27), \u00e0s 14h, na C\u00e2mara de Vereadores de Santana do Ipanema, com a presen\u00e7a do procurador-geral em exerc\u00edcio, Valter Omena Acioly, promotores de Justi\u00e7a, autoridades dos poderes Judici\u00e1rio, Executivo e Legislativo, assistentes sociais, conselheiros tutelares, empres\u00e1rios e jovens da primeira turma de capacita\u00e7\u00e3o.<\/span><\/p>\n<p style=\"text-align: justify;\" data-raofz=\"14\"><span style=\"font-size: 14pt;\" data-raofz=\"13\">O projeto \u00e9 de autoria dos promotores de Justi\u00e7a, Maur\u00edcio Wanderley e Viviane Farias, e teve sua primeira experi\u00eancia na cidade de Arapiraca, no Agreste. Da sua implanta\u00e7\u00e3o at\u00e9 agora, j\u00e1 foram ofertadas 790 vagas de cursos profissionalizantes a jovens em cumprimento de medidas socioeducativas, mais de 320 conclu\u00edram. A parceria do Sistema S \u00e9 imprescind\u00edvel para esse amparo aos jovens inscritos no \u201cRecome\u00e7ar\u201d. Diante dos resultados positivos, o promotor de Justi\u00e7a, Kleber Valadares, achou de grande valia lev\u00e1-lo ao munic\u00edpio onde atua, sob o entendimento de que h\u00e1 uma car\u00eancia imensa em rela\u00e7\u00e3o ao amparo a crian\u00e7as e adolescentes mais carentes.<\/span><\/p>\n<p style=\"text-align: justify;\" data-raofz=\"14\"><span style=\"font-size: 14pt;\" data-raofz=\"13\">O procurador-geral em exerc\u00edcio, Valter Omena, aplaudiu a iniciativa dos promotores de Justi\u00e7a enfatizando as mudan\u00e7as que esse projeto faz na vida de cada jovem.<\/span><\/p>\n<p style=\"text-align: justify;\" data-raofz=\"14\"><span style=\"font-size: 14pt;\" data-raofz=\"13\">\u201c O minist\u00e9rio p\u00fablico tem v\u00e1rias esferas de atua\u00e7\u00e3o e tamb\u00e9m \u00e9, evidentemente, uma institui\u00e7\u00e3o voltada para a fam\u00edlia. Eu e o doutor M\u00e1rcio trabalhamos muito nessa defesa, inclusive passei 15 anos, em Arapiraca, me doando nessa \u00e1rea. Por esse minist\u00e9rio p\u00fablico temos intensa admira\u00e7\u00e3o porque ele cuida das pessoas que desconhecem seus direitos, pessoas sem perspectiva de buscar uma melhora pessoal. Ele tem a miss\u00e3o, uma possibilidade muito grande de fazer um mundo diferente, de ajudar a administra\u00e7\u00e3o p\u00fablica chegar at\u00e9 ele e tamb\u00e9m de fazer com que a sociedade reconhe\u00e7a a sua luta para que crian\u00e7as e adolescentes tenham dignidade. O projeto \u00e9 uma iniciativa plaus\u00edvel, a porta de entrada para um futuro de sucesso desses jovens e acredito que ir\u00e1 se expandir por todo estado\u201d, declara Valter Acioly.<\/span><\/p>\n<p style=\"text-align: justify;\" align=\"justify\" data-raofz=\"14\"><span style=\"font-size: 14pt;\" data-raofz=\"13\">A promotora de Justi\u00e7a, Viviane Farias, uma das idealizadoras, explica o projeto e enaltece a parceria do Senac.<\/span><\/p>\n<p style=\"text-align: justify;\" align=\"justify\" data-raofz=\"14\"><span style=\"font-size: 14pt;\" data-raofz=\"13\">\u201cO projeto foi idealizado por mim e doutor Maur\u00edcio, a principio sentimos a necessidade de conversas com jovens que cometiam atos infracionais e reclamavam de uma oportunidade para mudar de vida. Ent\u00e3o sentei com o colega e surgiu a ideia que vem justamente oportunizar a esses jovens a capacita\u00e7\u00e3o profissional e permitir uma transforma\u00e7\u00e3o social. Fizemos uma grande parceria com o Senac na oferta de cursos profissionalizantes, a princ\u00edpio para jovens em cumprimento de medidas socioeducativas e depois acolhendo tamb\u00e9m os jovens em situa\u00e7\u00e3o de vulnerabilidade social. O projeto deu t\u00e3o certo em Arapiraca que decidimos expandir para Santana, Major Isidoro e Delmiro Gouveia\u201d, relata a promotora.<\/span><\/p>\n<p style=\"text-align: justify;\" align=\"justify\" data-raofz=\"14\"><span style=\"font-size: 14pt;\" data-raofz=\"13\">Outro idealizador do projeto, promotor de Justi\u00e7a, Maur\u00edcio Wanderley, falou de um Minist\u00e9rio P\u00fablico moderno e da import\u00e2ncia da inclus\u00e3o social.<\/span><\/p>\n<p style=\"text-align: justify;\" align=\"justify\" data-raofz=\"14\"><span style=\"font-size: 14pt;\" data-raofz=\"13\">\u201cO Minist\u00e9rio P\u00fablico do novo mil\u00eanio, proativo, resolutivo, quer cumprir seu mister constitucional e ser coadjuvante na efetiva\u00e7\u00e3o dos direitos sociais daqueles que almejam vidas dignas, buscando a efetiva\u00e7\u00e3o de pol\u00edticas p\u00fablicas pelo munic\u00edpio, com concretiza\u00e7\u00e3o dos direitos sociais esculpidos na Constitui\u00e7\u00e3o Federal. O acesso ao conhecimento \u00e9 um ponto de partida que precisa ser democratizado. Assim, convocamos os empres\u00e1rios, a classe pol\u00edtica e a sociedade em geral para que contribuam com ideias, habilidades e disponibiliza\u00e7\u00e3o de tempo, mais que tudo com oportunidade de trabalho e emprego, afinal, a inclus\u00e3o social \u00e9 \u201co sal da vida\u201d para esses adolescentes. Os nossos adolescentes\u201d, enfatiza.<\/span><\/p>\n<p style=\"text-align: justify;\" align=\"justify\" data-raofz=\"14\"><span style=\"font-size: 14pt;\" data-raofz=\"13\">O anfitri\u00e3o, promotor de Justi\u00e7a, Kleber Valadares, aposta no projeto como uma oportunidade \u00fanica de transformar vidas.<\/span><\/p>\n<p style=\"text-align: justify;\" align=\"justify\" data-raofz=\"14\"><span style=\"font-size: 14pt;\" data-raofz=\"13\">\u201cEstou muito feliz em poder trazer para Santana um projeto t\u00e3o importante, eficaz. A Viviane \u00e9 da minha turma e sempre pensamos em executar algo juntos. Quando soube dessa iniciativa dela e doutor Maur\u00edcio, e me aprofundei sobre o projeto fiquei encantado e achei que seria ele a maior oportunidade de proporcionarmos aos jovens desta cidade a oportunidade que nunca tiveram de capacita\u00e7\u00e3o profissional, de prepar\u00e1-los para um futuro digno\u201d, diz Valadares.<\/span><\/p>\n<p style=\"text-align: justify;\" align=\"justify\" data-raofz=\"14\"><span style=\"font-size: 14pt;\" data-raofz=\"13\">Tamb\u00e9m prestigiando o evento, o diretor do Centro de Apoio Operacional \u00e0s Promotorias de Justi\u00e7a, Jos\u00e9 Ant\u00f4nio Malta Marques, avaliou a implanta\u00e7\u00e3o do projeto no Sert\u00e3o.<\/span><\/p>\n<p style=\"text-align: justify;\" align=\"justify\" data-raofz=\"14\"><span style=\"font-size: 14pt;\" data-raofz=\"13\">\u201cO Minist\u00e9rio P\u00fablico estadual est\u00e1 em festa, pois aqui em Santana do Ipanema est\u00e1 sendo implantado o projeto recome\u00e7ar que se dedica a profissionalizar os adolescentes para que sejam inseridos no mercado do trabalho. \u00c9 um projeto de cunho social, criado pelos promotores Maur\u00edcio Wandelrey e Viviane, agora com a soma do promotor Kleber Valadares e vem para clarear, com o Senac, e o apoio da prefeitura, o caminho para o futuro desses jovens que ter\u00e3o espa\u00e7o garantido do primeiro emprego. O Minist\u00e9rio p\u00fablico est\u00e1 de parab\u00e9ns e conclama ao empresariado local para se juntar nessa miss\u00e3o\u201d, conclui o diretor do Caop.<\/span><\/p>\n<p style=\"text-align: justify;\" align=\"justify\" data-raofz=\"14\"><span style=\"font-size: 14pt;\" data-raofz=\"13\">O juiz da Vara da Inf\u00e2ncia de Santana do Ipanema, Kleber Rocha, fala do projeto como a chance de ressocializar e promover dignidade.<\/span><\/p>\n<p style=\"text-align: justify;\" align=\"justify\" data-raofz=\"14\"><span style=\"font-size: 14pt;\" data-raofz=\"13\">\u201cO que posso afirmar \u00e9 que a iniciativa \u00e9 brilhante, alinhada com o Estatuto da Crian\u00e7a e do Adolescente, com a lei do Sinase, e sobre esse prisma percebemos que ele visa a verdadeira ressocializa\u00e7\u00e3o, a reinser\u00e7\u00e3o do adolescente em conflito com a lei o que traz um ganho enorme para a sociedade, porque isso contribui para que n\u00e3o haja reincid\u00eancia. Dentre outros benef\u00edcios, o projeto proporciona uma ressignifica\u00e7\u00e3o de valores o que torna imposs\u00edvel at\u00e9 descrev\u00ea-lo\u201d, ressalta o magistrado.<\/span><\/p>\n<p style=\"text-align: justify;\" align=\"justify\" data-raofz=\"14\"><span style=\"font-size: 14pt;\" data-raofz=\"13\">A prefeita Cristiane Bulh\u00f5es afirmou que se sente lisonjeada com Santana do Ipanema abrigando projeto t\u00e3o importante e se comprometeu em apoiar.<\/span><\/p>\n<p style=\"text-align: justify;\" align=\"justify\" data-raofz=\"14\"><span style=\"font-size: 14pt;\" data-raofz=\"13\">\u201cSinto um orgulho muito grande, enquanto prefeita, e n\u00e3o poderia deixar de enfatizar o compromisso assumido por meu pai com as pessoas da nossa cidade, o orgulho e exemplo que tenho da minha m\u00e3e e assim me comprometo a apoiar esse projeto t\u00e3o importante e que vai cuidar dos nossos adolescentes. Inclusive, aproveito a oportunidade para anunciar que a prefeitura de Santana do Ipanema j\u00e1 escolheu o terreno para a constru\u00e7\u00e3o de uma unidade do Senac para que possa proporcionar dignidade n\u00e3o somente a estes jovens do projeto, mas a muitos outros. Podem contar comigo\u201d, declara a prefeita.<\/span><\/p>\n<p style=\"text-align: justify;\" align=\"justify\" data-raofz=\"14\"><span style=\"font-size: 14pt;\" data-raofz=\"13\"><b>Senac<\/b><\/span><\/p>\n<p style=\"text-align: justify;\" align=\"justify\" data-raofz=\"14\"><span style=\"font-size: 14pt;\" data-raofz=\"13\"><span lang=\"pt-BR\" data-raofz=\"13\">O Senac\u00a0<\/span><span lang=\"pt-BR\" data-raofz=\"13\">\u00e9<\/span><span lang=\"pt-BR\" data-raofz=\"13\">\u00a0parce<\/span><span lang=\"pt-BR\" data-raofz=\"13\">iro<\/span>\u00a0<span lang=\"pt-BR\" data-raofz=\"13\">important\u00edssimo<\/span>\u00a0<span lang=\"pt-BR\" data-raofz=\"13\">d<\/span><span lang=\"pt-BR\" data-raofz=\"13\">o Minist\u00e9rio P\u00fablico no \u2018Projeto recome\u00e7ar\u2019 desde o in\u00edcio, em 2019,\u00a0<\/span><span lang=\"pt-BR\" data-raofz=\"13\">com a implanta\u00e7\u00e3o no munic\u00edpio de Arapiraca. \u00c8 de sua responsabilidade a oferta de todos os cursos para os jovens em estado de vulnerabilidade social.<\/span><\/span><\/p>\n<p style=\"text-align: justify;\" align=\"justify\" data-raofz=\"14\"><span style=\"font-size: 14pt;\" data-raofz=\"13\"><span lang=\"pt-BR\" data-raofz=\"13\">Para a diretora regional do Senac-AL, Telma Ribeiro, n\u00e3o h\u00e1 outro sentimento sen\u00e3o orgulho em serem parceiros de um projeto que quer resgatar e promover um futuro brilhantes aos adolescentes.<\/span><\/span><\/p>\n<p style=\"text-align: justify;\" align=\"justify\" data-raofz=\"14\"><span style=\"font-size: 14pt;\" data-raofz=\"13\">\u201c<span lang=\"pt-BR\" data-raofz=\"13\">Fizemos a parceria, plantamos a semente em Arapiraca e hoje estamos trazendo o projeto recome\u00e7ar para\u00a0<\/span><span lang=\"pt-BR\" data-raofz=\"13\">promov<\/span><span lang=\"pt-BR\" data-raofz=\"13\">er dignidade, tamb\u00e9m, aos jovens de Santana do Ipanema. \u00c9 uma uni\u00e3o que deu certo\u00a0<\/span><span lang=\"pt-BR\" data-raofz=\"13\">com o Minist\u00e9rio P\u00fablico e o Senac<\/span><span lang=\"pt-BR\" data-raofz=\"13\">, primando por sua responsabilidade social, abre\u00a0<\/span><span lang=\"pt-BR\" data-raofz=\"13\">a\u00a0<\/span><span lang=\"pt-BR\" data-raofz=\"13\">porta\u00a0<\/span><span lang=\"pt-BR\" data-raofz=\"13\">da esperan\u00e7a e da dignidade, distante da viol\u00eancia, para esses meninos e meninas. Orgulho \u00e9 o sentimento em colaborarmos com esse momento de transforma\u00e7\u00e3o\u201d, ressalta\u00a0Telma Ribeiro.<\/span><\/span><\/p>\n<p style=\"text-align: justify;\" align=\"justify\" data-raofz=\"14\"><span style=\"font-size: 14pt;\" data-raofz=\"13\">J\u00e1 para a gerente regional do Senac Arapiraca, Rosely Alves, a parceria permite que os jovens sejam vistos de forma diferente pela sociedade.<\/span><\/p>\n<p style=\"text-align: justify;\" align=\"justify\" data-raofz=\"14\"><span style=\"font-size: 14pt;\" data-raofz=\"13\">\u201cO momento \u00e9 bastante gratificante dentro todo planejamento para executarmos esse projeto aqui em Santana do Ipanema. Ele nasceu em outro munic\u00edpio, mas j\u00e1 ganhou for\u00e7a em todo estado, esta \u00e9 a segunda cidade para onde trazemos, e o nome do projeto j\u00e1 diz tudo, recome\u00e7ar. \u00c9 permitir um novo olhar para as pessoas que n\u00e3o est\u00e3o sendo vistas pela sociedade e com o Minist\u00e9rio P\u00fablico daremos essa nova perspectiva aos jovens \u201c, afirma.<\/span><\/p>\n","protected":false},"excerpt":{"rendered":"<p> [&hellip;]<\/p>\n","protected":false},"author":1,"featured_media":6650,"comment_status":"open","ping_status":"open","sticky":false,"template":"","format":"standard","meta":{"om_disable_all_campaigns":false,"_monsterinsights_skip_tracking":false,"_monsterinsights_sitenote_active":false,"_monsterinsights_sitenote_note":"","_monsterinsights_sitenote_category":0,"_uf_show_specific_survey":0,"_uf_disable_surveys":false,"footnotes":""},"categories":[2],"tags":[],"class_list":["post-6649","post","type-post","status-publish","format-standard","has-post-thumbnail","hentry","category-not_mpal"],"aioseo_notices":[],"_links":{"self":[{"href":"https:\/\/www.mpal.mp.br\/index.php?rest_route=\/wp\/v2\/posts\/6649","targetHints":{"allow":["GET"]}}],"collection":[{"href":"https:\/\/www.mpal.mp.br\/index.php?rest_route=\/wp\/v2\/posts"}],"about":[{"href":"https:\/\/www.mpal.mp.br\/index.php?rest_route=\/wp\/v2\/types\/post"}],"author":[{"embeddable":true,"href":"https:\/\/www.mpal.mp.br\/index.php?rest_route=\/wp\/v2\/users\/1"}],"replies":[{"embeddable":true,"href":"https:\/\/www.mpal.mp.br\/index.php?rest_route=%2Fwp%2Fv2%2Fcomments&post=6649"}],"version-history":[{"count":1,"href":"https:\/\/www.mpal.mp.br\/index.php?rest_route=\/wp\/v2\/posts\/6649\/revisions"}],"predecessor-version":[{"id":6651,"href":"https:\/\/www.mpal.mp.br\/index.php?rest_route=\/wp\/v2\/posts\/6649\/revisions\/6651"}],"wp:featuredmedia":[{"embeddable":true,"href":"https:\/\/www.mpal.mp.br\/index.php?rest_route=\/wp\/v2\/media\/6650"}],"wp:attachment":[{"href":"https:\/\/www.mpal.mp.br\/index.php?rest_route=%2Fwp%2Fv2%2Fmedia&parent=6649"}],"wp:term":[{"taxonomy":"category","embeddable":true,"href":"https:\/\/www.mpal.mp.br\/index.php?rest_route=%2Fwp%2Fv2%2Fcategories&post=6649"},{"taxonomy":"post_tag","embeddable":true,"href":"https:\/\/www.mpal.mp.br\/index.php?rest_route=%2Fwp%2Fv2%2Ftags&post=6649"}],"curies":[{"name":"wp","href":"https:\/\/api.w.org\/{rel}","templated":true}]}}