{"id":66350,"date":"2026-02-05T14:49:09","date_gmt":"2026-02-05T17:49:09","guid":{"rendered":"https:\/\/www.mpal.mp.br\/?p=66350"},"modified":"2026-02-05T14:49:09","modified_gmt":"2026-02-05T17:49:09","slug":"apos-reuniao-com-o-mpal-prefeitura-de-coite-do-noia-garante-assistencia-a-familiares-e-vitimas-de-acidente","status":"publish","type":"post","link":"https:\/\/www.mpal.mp.br\/?p=66350","title":{"rendered":"Ap\u00f3s reuni\u00e3o com o MPAL, prefeitura de Coit\u00e9 do N\u00f3ia garante assist\u00eancia a familiares e v\u00edtimas de acidente"},"content":{"rendered":"<p align=\"justify\"><span style=\"font-family: helvetica, arial, sans-serif;\">A reuni\u00e3o ocorreu nessa quarta-feira (4) entre o Minist\u00e9rio P\u00fablico de Alagoas (MPAL), por meio da Promotoria de Justi\u00e7a de Taquarana, e representantes da gest\u00e3o municipal de Coit\u00e9 do N\u00f3ia, ocasi\u00e3o em que foram definidos alguns procedimentos ministeriais e dadas orienta\u00e7\u00f5es ao prefeito para assegurar assist\u00eancia psicol\u00f3gica e assist\u00eancia \u00e0 sa\u00fade a todas as v\u00edtimas do acidente com o \u00f4nibus que transportava romeiros, bem como aos seus familiares. Cerca de 24 horas depois, no in\u00edcio da tarde desta quinta-feira (5), o promotor de Justi\u00e7a Lucas Mascarenhas foi informado de que tais provid\u00eancias j\u00e1 est\u00e3o sendo implementadas.<\/span><\/p>\n<p align=\"justify\"><span style=\"font-family: helvetica, arial, sans-serif;\">De acordo com informa\u00e7\u00e3o repassada pela gest\u00e3o de Coit\u00e9 do N\u00f3ia ao MPAL, os munic\u00edpios circunvizinhos se dispuseram a ajudar encaminhando profissionais.<\/span><\/p>\n<p align=\"justify\"><span style=\"font-family: helvetica, arial, sans-serif;\">\u201cO Minist\u00e9rio P\u00fablico foi procurado pelo Poder Executivo de Coit\u00e9 do N\u00f3ia nos deixando a par da iniciativa dos gestores das cidades circunvizinhas que se sensibilizaram e, seguindo a nossa orienta\u00e7\u00e3o, colocaram equipes \u00e0 disposi\u00e7\u00e3o, prestando toda assist\u00eancia, cedendo seus psic\u00f3logos e assistentes sociais para que seja dado apoio a todas as fam\u00edlias e v\u00edtimas do acidente, sejam as v\u00edtimas fatais bem como das n\u00e3o fatais\u201d, ressalta o promotor Lucas Mascarenhas.<\/span><\/p>\n<p align=\"justify\"><span style=\"font-family: helvetica, arial, sans-serif;\">A Prefeitura de Coit\u00e9 do N\u00f3ia tamb\u00e9m garantiu enviar um relat\u00f3rio listando todos os servi\u00e7os que j\u00e1 foram prestados at\u00e9 o momento.<\/span><\/p>\n<p align=\"justify\"><span style=\"font-family: helvetica, arial, sans-serif;\">O Minist\u00e9rio P\u00fablico continua acompanhando o caso, elaborando outros procedimentos que podem culminar em responsabiliza\u00e7\u00f5es nas \u00e1reas c\u00edvel e criminal. No entanto, depende, tamb\u00e9m, dos laudos da Pol\u00edcia Cient\u00edfica e da conclus\u00e3o do Inqu\u00e9rito Policial.<\/span><\/p>\n<p align=\"justify\">Foto: 7 Segundos<\/p>\n","protected":false},"excerpt":{"rendered":"<p> [&hellip;]<\/p>\n","protected":false},"author":8,"featured_media":66351,"comment_status":"open","ping_status":"open","sticky":false,"template":"","format":"standard","meta":{"om_disable_all_campaigns":false,"_monsterinsights_skip_tracking":false,"_monsterinsights_sitenote_active":false,"_monsterinsights_sitenote_note":"","_monsterinsights_sitenote_category":0,"_uf_show_specific_survey":0,"_uf_disable_surveys":false,"footnotes":""},"categories":[2],"tags":[],"class_list":["post-66350","post","type-post","status-publish","format-standard","has-post-thumbnail","hentry","category-not_mpal"],"aioseo_notices":[],"_links":{"self":[{"href":"https:\/\/www.mpal.mp.br\/index.php?rest_route=\/wp\/v2\/posts\/66350","targetHints":{"allow":["GET"]}}],"collection":[{"href":"https:\/\/www.mpal.mp.br\/index.php?rest_route=\/wp\/v2\/posts"}],"about":[{"href":"https:\/\/www.mpal.mp.br\/index.php?rest_route=\/wp\/v2\/types\/post"}],"author":[{"embeddable":true,"href":"https:\/\/www.mpal.mp.br\/index.php?rest_route=\/wp\/v2\/users\/8"}],"replies":[{"embeddable":true,"href":"https:\/\/www.mpal.mp.br\/index.php?rest_route=%2Fwp%2Fv2%2Fcomments&post=66350"}],"version-history":[{"count":1,"href":"https:\/\/www.mpal.mp.br\/index.php?rest_route=\/wp\/v2\/posts\/66350\/revisions"}],"predecessor-version":[{"id":66352,"href":"https:\/\/www.mpal.mp.br\/index.php?rest_route=\/wp\/v2\/posts\/66350\/revisions\/66352"}],"wp:featuredmedia":[{"embeddable":true,"href":"https:\/\/www.mpal.mp.br\/index.php?rest_route=\/wp\/v2\/media\/66351"}],"wp:attachment":[{"href":"https:\/\/www.mpal.mp.br\/index.php?rest_route=%2Fwp%2Fv2%2Fmedia&parent=66350"}],"wp:term":[{"taxonomy":"category","embeddable":true,"href":"https:\/\/www.mpal.mp.br\/index.php?rest_route=%2Fwp%2Fv2%2Fcategories&post=66350"},{"taxonomy":"post_tag","embeddable":true,"href":"https:\/\/www.mpal.mp.br\/index.php?rest_route=%2Fwp%2Fv2%2Ftags&post=66350"}],"curies":[{"name":"wp","href":"https:\/\/api.w.org\/{rel}","templated":true}]}}