{"id":66347,"date":"2026-02-05T13:41:45","date_gmt":"2026-02-05T16:41:45","guid":{"rendered":"https:\/\/www.mpal.mp.br\/?p=66347"},"modified":"2026-02-05T13:41:45","modified_gmt":"2026-02-05T16:41:45","slug":"ministerio-publico-e-parceiro-na-promocao-de-curso-de-aprendizagem-profissional-para-socioeducandos","status":"publish","type":"post","link":"https:\/\/www.mpal.mp.br\/?p=66347","title":{"rendered":"Minist\u00e9rio P\u00fablico \u00e9 parceiro na promo\u00e7\u00e3o de curso de aprendizagem profissional para socioeducandos"},"content":{"rendered":"<p class=\"western\" align=\"justify\"><span style=\"font-family: helvetica, arial, sans-serif; font-size: 12pt;\"><span style=\"color: #222222;\">Permitir que jovens socieducandos se preparem para enfrentar e viver uma nova realidade ap\u00f3s o cumprimento das medidas socioeducativas, mostrando que, como qualquer cidad\u00e3o, s\u00e3o capazes de produzir, contribuir e conviver em sociedade, <\/span><span style=\"color: #000000;\">em condi\u00e7\u00f5es dignas de exist\u00eancia<\/span><span style=\"color: #c9211e;\">.<\/span><span style=\"color: #222222;\"> Essa \u00e9 a <\/span><span style=\"color: #000000;\">proposta<\/span><span style=\"color: #222222;\"> do Minist\u00e9rio P\u00fablico de Alagoas (MPAL) que, em parceria com a Secretaria de Estado de Preven\u00e7\u00e3o \u00e0 Viol\u00eancia (Seprev), o Minist\u00e9rio P\u00fablico do Trabalho em Alagoas (MPT-AL), <\/span><span style=\"color: #000000;\">escolas formadoras<\/span><span style=\"color: #222222;\"> e empresas privadas <\/span><span style=\"color: #000000;\">participou do processo de<\/span> <span style=\"color: #222222;\">promo\u00e7\u00e3o de mais um Curso de Aprendizagem Profissional em Servi\u00e7os Administrativos para 21 jovens assistidos pela Superintend\u00eancia de Medidas Socioeducativas (Sumese). <\/span><span style=\"color: #000000;\">A aula inaugural<\/span><span style=\"color: #222222;\"> ocorreu nessa ter\u00e7a-feira (3), <\/span><span style=\"color: #000000;\">no Sistema Socioeducativo.<\/span><\/span><\/p>\n<p class=\"western\" align=\"justify\"><span style=\"color: #222222; font-family: helvetica, arial, sans-serif; font-size: 12pt;\">A iniciativa garantir\u00e1 a 17 meninos e a quatro meninas o ingresso no mercado de trabalho, valorizando-os, quebrando tabus e preconceitos.<\/span><\/p>\n<p class=\"western\" align=\"justify\"><span style=\"font-family: helvetica, arial, sans-serif; font-size: 12pt;\"><span style=\"color: #222222;\">\u201cEssa iniciativa vai al\u00e9m do que o nome possa representar num primeiro momento, o que <\/span><span style=\"color: #000000;\">a<\/span><span style=\"color: #222222;\"> aprendizagem pode significar na vida desses jovens \u00e9 imposs\u00edvel mensurar <\/span><span style=\"color: #000000;\">diante dos<\/span><span style=\"color: #222222;\"> efeitos<\/span> <span style=\"color: #000000;\">transformadores<\/span> <span style=\"color: #222222;\">que ela pode <\/span><span style=\"color: #000000;\">trazer<\/span><span style=\"color: #222222;\">. Essa oportunidade \u00e9 uma grande riqueza, traz uma nova perspectiva, far\u00e1 com que olhem para tr\u00e1s e percebam as mudan\u00e7as, reconhe\u00e7am a supera\u00e7\u00e3o dos desafios e que, de fato, aquele lugar, <\/span><span style=\"color: #000000;\">aquela experi\u00eancia fo<\/span><span style=\"color: #000000;\">ram <\/span><span style=\"color: #222222;\">somente uma passagem. E que eles s\u00e3o capazes de continuar a vida dentro dessa mudan\u00e7a que est\u00e1 sendo trabalhada\u201d, declara a promotora de Justi\u00e7a Mar\u00edlia Cerqueira.<\/span><\/span><\/p>\n<p align=\"justify\"><span style=\"font-family: helvetica, arial, sans-serif; font-size: 12pt;\">&#8220;No dia de hoje trabalhamos a \u00e1rea natural do curso do Senac que vai propiciar conhecimentos em gest\u00e3o adminstrativa para os socioeducandos. Essa iniciativa faz parte de uma parceria com o Minist\u00e9rio do Trabalho e tamb\u00e9m com o sistema S, mormente e o SENAC, que ser\u00e1 um grande guia e lideran\u00e7a no incentivo profissional a esses dicentes em conhecimentos t\u00e9cnicos para que, ao t\u00e9rmino do curso e a obten\u00e7\u00e3o do certificado, possam galgar emprego quando passarem e cumprirem a sua medida socioeducativa. Nosso agradecimento ao Minist\u00e9rio P\u00fablico, em\u00a0 especial \u00e0 Dra Mar\u00edlia, pela oportunidade de nos apoiar e, desse modo,\u00a0 conseguirmos n\u00e3o s\u00f3 esse, mas v\u00e1rios encaminhamenos de melhorias para todos&#8221;, ressalta o superintendente de Medidas Socioeducativa, coronel Marcos S\u00e9rgio.\u00a0<\/span><\/p>\n<p class=\"western\" align=\"justify\"><span style=\"color: #222222; font-family: helvetica, arial, sans-serif; font-size: 12pt;\">O curso ser\u00e1 ministrado pelo Senac Alagoas, que j\u00e1 tem hist\u00f3rico de grandes parcerias com o Minist\u00e9rio P\u00fablico de Alagoas e tem formado grandes profissionais na capital e no interior do estado.<\/span><\/p>\n<p class=\"western\" align=\"justify\"><span style=\"color: #222222; font-family: helvetica, arial, sans-serif; font-size: 12pt;\">Na grade desse curso de aprendizagem ofertado aos socioeducandos estar\u00e3o: compet\u00eancias t\u00e9cnicas e comportamentais, gest\u00e3o de documentos, inform\u00e1tica, atendimento ao p\u00fablico, rotinas de escrit\u00f3rio e no\u00e7\u00f5es de \u00e9tica, cidadania e trabalho em equipe. No cronograma os alunos s\u00e3o submetidos a aulas te\u00f3ricas e pr\u00e1ticas.<\/span><\/p>\n","protected":false},"excerpt":{"rendered":"<p> [&hellip;]<\/p>\n","protected":false},"author":8,"featured_media":66348,"comment_status":"open","ping_status":"open","sticky":false,"template":"","format":"standard","meta":{"om_disable_all_campaigns":false,"_monsterinsights_skip_tracking":false,"_monsterinsights_sitenote_active":false,"_monsterinsights_sitenote_note":"","_monsterinsights_sitenote_category":0,"_uf_show_specific_survey":0,"_uf_disable_surveys":false,"footnotes":""},"categories":[2],"tags":[],"class_list":["post-66347","post","type-post","status-publish","format-standard","has-post-thumbnail","hentry","category-not_mpal"],"aioseo_notices":[],"_links":{"self":[{"href":"https:\/\/www.mpal.mp.br\/index.php?rest_route=\/wp\/v2\/posts\/66347","targetHints":{"allow":["GET"]}}],"collection":[{"href":"https:\/\/www.mpal.mp.br\/index.php?rest_route=\/wp\/v2\/posts"}],"about":[{"href":"https:\/\/www.mpal.mp.br\/index.php?rest_route=\/wp\/v2\/types\/post"}],"author":[{"embeddable":true,"href":"https:\/\/www.mpal.mp.br\/index.php?rest_route=\/wp\/v2\/users\/8"}],"replies":[{"embeddable":true,"href":"https:\/\/www.mpal.mp.br\/index.php?rest_route=%2Fwp%2Fv2%2Fcomments&post=66347"}],"version-history":[{"count":1,"href":"https:\/\/www.mpal.mp.br\/index.php?rest_route=\/wp\/v2\/posts\/66347\/revisions"}],"predecessor-version":[{"id":66349,"href":"https:\/\/www.mpal.mp.br\/index.php?rest_route=\/wp\/v2\/posts\/66347\/revisions\/66349"}],"wp:featuredmedia":[{"embeddable":true,"href":"https:\/\/www.mpal.mp.br\/index.php?rest_route=\/wp\/v2\/media\/66348"}],"wp:attachment":[{"href":"https:\/\/www.mpal.mp.br\/index.php?rest_route=%2Fwp%2Fv2%2Fmedia&parent=66347"}],"wp:term":[{"taxonomy":"category","embeddable":true,"href":"https:\/\/www.mpal.mp.br\/index.php?rest_route=%2Fwp%2Fv2%2Fcategories&post=66347"},{"taxonomy":"post_tag","embeddable":true,"href":"https:\/\/www.mpal.mp.br\/index.php?rest_route=%2Fwp%2Fv2%2Ftags&post=66347"}],"curies":[{"name":"wp","href":"https:\/\/api.w.org\/{rel}","templated":true}]}}