{"id":66339,"date":"2026-02-05T09:34:05","date_gmt":"2026-02-05T12:34:05","guid":{"rendered":"https:\/\/www.mpal.mp.br\/?p=66339"},"modified":"2026-02-05T09:34:17","modified_gmt":"2026-02-05T12:34:17","slug":"mp-recomenda-exoneracoes-e-medidas-para-coibir-nepotismo-e-irregularidades-na-prefeitura-de-quebrangulo","status":"publish","type":"post","link":"https:\/\/www.mpal.mp.br\/?p=66339","title":{"rendered":"Minist\u00e9rio P\u00fablico recomenda exonera\u00e7\u00f5es e medidas para coibir nepotismo e irregularidades na Prefeitura de Quebrangulo"},"content":{"rendered":"<p style=\"text-align: justify;\" align=\"justify\"><span style=\"font-family: helvetica, arial, sans-serif;\">O Minist\u00e9rio P\u00fablico do Estado de Alagoas (MPAL), por meio da Promotoria de Justi\u00e7a de Quebrangulo, expediu a Recomenda\u00e7\u00e3o n\u00ba 01\/2026 \u00e0 Prefeitura daquele munic\u00edpio com o objetivo de cessar pr\u00e1ticas que violam os princ\u00edpios constitucionais da administra\u00e7\u00e3o p\u00fablica, como nepotismo direto e cruzado, acumula\u00e7\u00e3o indevida de cargos e ind\u00edcios de servidores sem a devida presta\u00e7\u00e3o de trabalho.<\/span><\/p>\n<p style=\"text-align: justify;\" align=\"justify\"><span style=\"font-family: helvetica, arial, sans-serif;\">A recomenda\u00e7\u00e3o \u00e9 resultado de apura\u00e7\u00e3o realizada no \u00e2mbito de procedimento administrativo instaurado a partir de uma not\u00edcia de fato, instru\u00edda com documentos extra\u00eddos do Portal da Transpar\u00eancia e outros registros oficiais. A an\u00e1lise t\u00e9cnica identificou a exist\u00eancia de v\u00ednculos de parentesco entre integrantes do alto escal\u00e3o do Poder Executivo municipal e pessoas nomeadas ou contratadas para cargos em comiss\u00e3o e fun\u00e7\u00f5es tempor\u00e1rias, em afronta aos princ\u00edpios da legalidade, impessoalidade e moralidade administrativa.<\/span><\/p>\n<p style=\"text-align: justify;\" align=\"justify\"><span style=\"font-family: helvetica, arial, sans-serif;\">No documento, o Minist\u00e9rio P\u00fablico, por meio do promotor de Justi\u00e7a Guilherme Diamantaras, destacou que a veda\u00e7\u00e3o ao nepotismo, prevista na S\u00famula Vinculante n\u00ba 13 do Supremo Tribunal Federal, alcan\u00e7a n\u00e3o apenas nomea\u00e7\u00f5es diretas, mas tamb\u00e9m situa\u00e7\u00f5es de designa\u00e7\u00f5es rec\u00edprocas, conhecidas como nepotismo cruzado, bem como contrata\u00e7\u00f5es tempor\u00e1rias que tenham por finalidade burlar a exig\u00eancia constitucional do concurso p\u00fablico.<\/span><\/p>\n<p style=\"text-align: justify;\" align=\"justify\"><span style=\"font-family: helvetica, arial, sans-serif;\">Entre as provid\u00eancias recomendadas est\u00e3o a exonera\u00e7\u00e3o imediata e a rescis\u00e3o de contratos de servidores com v\u00ednculos de parentesco com agentes pol\u00edticos municipais, a absten\u00e7\u00e3o de novas nomea\u00e7\u00f5es ou contrata\u00e7\u00f5es em situa\u00e7\u00e3o semelhante, a exig\u00eancia de declara\u00e7\u00e3o formal de inexist\u00eancia de parentesco no ato da posse ou contrata\u00e7\u00e3o, al\u00e9m da revis\u00e3o da folha de pagamento e dos registros de frequ\u00eancia de servidores apontados como possivelmente irregulares. Para este \u00faltimo caso, inclusive, o MPAL determinou o levantamento de eventuais valores pagos indevidamente sem a correspondente contrapresta\u00e7\u00e3o de servi\u00e7o e instaura\u00e7\u00e3o das respectivas tomadas de contas especiais para ressarcimento ao er\u00e1rio, se confirmado o dano.<\/span><\/p>\n<p style=\"text-align: justify;\" align=\"justify\"><span style=\"font-family: helvetica, arial, sans-serif;\">A recomenda\u00e7\u00e3o tamb\u00e9m determina a apura\u00e7\u00e3o da regularidade da cess\u00e3o e da eventual acumula\u00e7\u00e3o remunerada envolvendo agente p\u00fablico municipal com v\u00ednculo em outro \u00f3rg\u00e3o, a fim de evitar dano ao er\u00e1rio e enriquecimento il\u00edcito. Neste ponto, Guilherme Diamantaras requer a imediata suspens\u00e3o de qualquer pagamento que se configure dentro desse tipo de acumula\u00e7\u00e3o, salvo se comprovada a compatibilidade constitucional e a op\u00e7\u00e3o legal, sob pena de responsabilidade solid\u00e1ria do ordenador de despesas.<\/span><\/p>\n<p style=\"text-align: justify;\" align=\"justify\"><span style=\"font-family: helvetica, arial, sans-serif;\">O Minist\u00e9rio P\u00fablico fixou prazo de 10 dias para que o Munic\u00edpio de Quebrangulo comprove o cumprimento das medidas recomendadas. O n\u00e3o atendimento poder\u00e1 resultar na ado\u00e7\u00e3o das medidas judiciais cab\u00edveis, inclusive o ajuizamento de a\u00e7\u00e3o civil p\u00fablica por ato de improbidade administrativa, visando \u00e0 responsabiliza\u00e7\u00e3o pessoal do prefeito e dos secret\u00e1rios envolvidos, bem como a declara\u00e7\u00e3o de nulidade dos atos de nomea\u00e7\u00e3o e contrata\u00e7\u00e3o, sem preju\u00edzo da apura\u00e7\u00e3o de eventual responsabilidade criminal.<\/span><\/p>\n","protected":false},"excerpt":{"rendered":"<p> [&hellip;]<\/p>\n","protected":false},"author":17,"featured_media":28677,"comment_status":"open","ping_status":"open","sticky":false,"template":"","format":"standard","meta":{"om_disable_all_campaigns":false,"_monsterinsights_skip_tracking":false,"_monsterinsights_sitenote_active":false,"_monsterinsights_sitenote_note":"","_monsterinsights_sitenote_category":0,"_uf_show_specific_survey":0,"_uf_disable_surveys":false,"footnotes":""},"categories":[2],"tags":[],"class_list":["post-66339","post","type-post","status-publish","format-standard","has-post-thumbnail","hentry","category-not_mpal"],"aioseo_notices":[],"_links":{"self":[{"href":"https:\/\/www.mpal.mp.br\/index.php?rest_route=\/wp\/v2\/posts\/66339","targetHints":{"allow":["GET"]}}],"collection":[{"href":"https:\/\/www.mpal.mp.br\/index.php?rest_route=\/wp\/v2\/posts"}],"about":[{"href":"https:\/\/www.mpal.mp.br\/index.php?rest_route=\/wp\/v2\/types\/post"}],"author":[{"embeddable":true,"href":"https:\/\/www.mpal.mp.br\/index.php?rest_route=\/wp\/v2\/users\/17"}],"replies":[{"embeddable":true,"href":"https:\/\/www.mpal.mp.br\/index.php?rest_route=%2Fwp%2Fv2%2Fcomments&post=66339"}],"version-history":[{"count":2,"href":"https:\/\/www.mpal.mp.br\/index.php?rest_route=\/wp\/v2\/posts\/66339\/revisions"}],"predecessor-version":[{"id":66341,"href":"https:\/\/www.mpal.mp.br\/index.php?rest_route=\/wp\/v2\/posts\/66339\/revisions\/66341"}],"wp:featuredmedia":[{"embeddable":true,"href":"https:\/\/www.mpal.mp.br\/index.php?rest_route=\/wp\/v2\/media\/28677"}],"wp:attachment":[{"href":"https:\/\/www.mpal.mp.br\/index.php?rest_route=%2Fwp%2Fv2%2Fmedia&parent=66339"}],"wp:term":[{"taxonomy":"category","embeddable":true,"href":"https:\/\/www.mpal.mp.br\/index.php?rest_route=%2Fwp%2Fv2%2Fcategories&post=66339"},{"taxonomy":"post_tag","embeddable":true,"href":"https:\/\/www.mpal.mp.br\/index.php?rest_route=%2Fwp%2Fv2%2Ftags&post=66339"}],"curies":[{"name":"wp","href":"https:\/\/api.w.org\/{rel}","templated":true}]}}