{"id":66318,"date":"2026-02-04T12:53:18","date_gmt":"2026-02-04T15:53:18","guid":{"rendered":"https:\/\/www.mpal.mp.br\/?p=66318"},"modified":"2026-02-04T13:03:19","modified_gmt":"2026-02-04T16:03:19","slug":"subprocurador-geral-recursal-sustenta-no-stj-que-indicios-bastam-para-o-prosseguimento-de-acoes-de-improbidade-administrativa","status":"publish","type":"post","link":"https:\/\/www.mpal.mp.br\/?p=66318","title":{"rendered":"Subprocurador-geral recursal sustenta no STJ que ind\u00edcios bastam para o prosseguimento de a\u00e7\u00f5es de improbidade administrativa"},"content":{"rendered":"<p style=\"text-align: justify;\"><span style=\"font-family: helvetica, arial, sans-serif; font-size: 12pt;\">O Minist\u00e9rio P\u00fablico do Estado de Alagoas (MPAL) marcou presen\u00e7a no Superior Tribunal de Justi\u00e7a (STJ) com a primeira sustenta\u00e7\u00e3o oral realizada pelo procurador de Justi\u00e7a Humberto Pimentel, no exerc\u00edcio da fun\u00e7\u00e3o de subprocurador-geral recursal. A manifesta\u00e7\u00e3o ocorreu durante sess\u00e3o de julgamento da Primeira Turma da Corte, no \u00e2mbito do Recurso Especial n\u00ba 2.232.623\/AL, de interesse institucional do MPAL. Na tribuna, Pimentel defendeu a tese de que a rejei\u00e7\u00e3o da peti\u00e7\u00e3o inicial de a\u00e7\u00e3o civil p\u00fablica por improbidade administrativa deve ser medida excepcional, restrita \u00e0s hip\u00f3teses em que se evidencie, de forma inequ\u00edvoca, a inexist\u00eancia do fato ou a absoluta aus\u00eancia de justa causa.<\/span><\/p>\n<p style=\"text-align: justify;\"><span style=\"font-family: helvetica, arial, sans-serif; font-size: 12pt;\">Durante o seu posicionamento, o subprocurador recursal destacou que, na fase inicial da a\u00e7\u00e3o de improbidade, n\u00e3o se exige prova detalhada, profunda, ou ju\u00edzo definitivo sobre o dolo dos agentes, bastando a presen\u00e7a de ind\u00edcios m\u00ednimos que autorizem o regular prosseguimento do processo, com garantia do contradit\u00f3rio e da ampla defesa. O entendimento defendido ressalta que a an\u00e1lise aprofundada das condutas imputadas deve ocorrer no curso da instru\u00e7\u00e3o processual, e n\u00e3o no momento do recebimento da inicial.<\/span><\/p>\n<p style=\"text-align: justify;\"><span style=\"font-family: helvetica, arial, sans-serif; font-size: 12pt;\">O posicionamento apresentado pelo membro do MPAL est\u00e1 em conson\u00e2ncia com o princ\u00edpio do \u201cin dubio pro societate\u201d, amplamente reconhecido pela jurisprud\u00eancia do STJ, segundo o qual, havendo elementos indici\u00e1rios suficientes da pr\u00e1tica de ato \u00edmprobo, deve-se permitir o avan\u00e7o da a\u00e7\u00e3o para a adequada apura\u00e7\u00e3o dos fatos em ju\u00edzo.<\/span><\/p>\n<p style=\"text-align: justify;\"><span style=\"font-family: helvetica, arial, sans-serif; font-size: 12pt;\">\u201cA legisla\u00e7\u00e3o de improbidade administrativa, mesmo ap\u00f3s as altera\u00e7\u00f5es promovidas pela Lei n\u00ba 14.230\/2021, n\u00e3o afastou a necessidade de prote\u00e7\u00e3o efetiva do interesse p\u00fablico, sobretudo em casos que envolvem a suposta utiliza\u00e7\u00e3o do aparato estatal para fins il\u00edcitos e atentat\u00f3rios aos princ\u00edpios da Administra\u00e7\u00e3o P\u00fablica\u201d, enfatizou Humberto Pimentel.<\/span><\/p>\n<p style=\"text-align: justify;\"><strong><span style=\"font-family: helvetica, arial, sans-serif; font-size: 12pt;\">MPAL nos tribunais superiores<\/span><\/strong><\/p>\n<p style=\"text-align: justify;\"><span style=\"font-family: helvetica, arial, sans-serif; font-size: 12pt;\">A primeira sustenta\u00e7\u00e3o oral do procurador de Justi\u00e7a no STJ, na condi\u00e7\u00e3o de subprocurador-geral recursal, simboliza o fortalecimento da atua\u00e7\u00e3o institucional do MPAL nos tribunais superiores e evidencia a relev\u00e2ncia estrat\u00e9gica da presen\u00e7a do Minist\u00e9rio P\u00fablico estadual, especialmente em julgamentos que discutem os limites e os crit\u00e9rios de admissibilidade das a\u00e7\u00f5es de improbidade administrativa. Ao sustentar a necessidade de instru\u00e7\u00e3o probat\u00f3ria adequada, Humberto Pimentel ressaltou que o encerramento prematuro de demandas dessa natureza pode comprometer a efetividade do controle da legalidade e da moralidade administrativa, pilares essenciais da atua\u00e7\u00e3o ministerial. <\/span><\/p>\n<p>&nbsp;<\/p>\n<p style=\"text-align: justify;\"><span style=\"font-family: helvetica, arial, sans-serif; font-size: 12pt;\">Foto: Reprodu\u00e7\u00e3o da sess\u00e3o virtual do STJ<\/span><\/p>\n","protected":false},"excerpt":{"rendered":"<p> [&hellip;]<\/p>\n","protected":false},"author":17,"featured_media":66313,"comment_status":"open","ping_status":"open","sticky":false,"template":"","format":"standard","meta":{"om_disable_all_campaigns":false,"_monsterinsights_skip_tracking":false,"_monsterinsights_sitenote_active":false,"_monsterinsights_sitenote_note":"","_monsterinsights_sitenote_category":0,"_uf_show_specific_survey":0,"_uf_disable_surveys":false,"footnotes":""},"categories":[2],"tags":[],"class_list":["post-66318","post","type-post","status-publish","format-standard","has-post-thumbnail","hentry","category-not_mpal"],"aioseo_notices":[],"_links":{"self":[{"href":"https:\/\/www.mpal.mp.br\/index.php?rest_route=\/wp\/v2\/posts\/66318","targetHints":{"allow":["GET"]}}],"collection":[{"href":"https:\/\/www.mpal.mp.br\/index.php?rest_route=\/wp\/v2\/posts"}],"about":[{"href":"https:\/\/www.mpal.mp.br\/index.php?rest_route=\/wp\/v2\/types\/post"}],"author":[{"embeddable":true,"href":"https:\/\/www.mpal.mp.br\/index.php?rest_route=\/wp\/v2\/users\/17"}],"replies":[{"embeddable":true,"href":"https:\/\/www.mpal.mp.br\/index.php?rest_route=%2Fwp%2Fv2%2Fcomments&post=66318"}],"version-history":[{"count":4,"href":"https:\/\/www.mpal.mp.br\/index.php?rest_route=\/wp\/v2\/posts\/66318\/revisions"}],"predecessor-version":[{"id":66322,"href":"https:\/\/www.mpal.mp.br\/index.php?rest_route=\/wp\/v2\/posts\/66318\/revisions\/66322"}],"wp:featuredmedia":[{"embeddable":true,"href":"https:\/\/www.mpal.mp.br\/index.php?rest_route=\/wp\/v2\/media\/66313"}],"wp:attachment":[{"href":"https:\/\/www.mpal.mp.br\/index.php?rest_route=%2Fwp%2Fv2%2Fmedia&parent=66318"}],"wp:term":[{"taxonomy":"category","embeddable":true,"href":"https:\/\/www.mpal.mp.br\/index.php?rest_route=%2Fwp%2Fv2%2Fcategories&post=66318"},{"taxonomy":"post_tag","embeddable":true,"href":"https:\/\/www.mpal.mp.br\/index.php?rest_route=%2Fwp%2Fv2%2Ftags&post=66318"}],"curies":[{"name":"wp","href":"https:\/\/api.w.org\/{rel}","templated":true}]}}