{"id":66311,"date":"2026-02-04T13:08:55","date_gmt":"2026-02-04T16:08:55","guid":{"rendered":"https:\/\/www.mpal.mp.br\/?p=66311"},"modified":"2026-02-04T13:08:55","modified_gmt":"2026-02-04T16:08:55","slug":"promotor-de-justica-lucas-sachsida-passa-a-integrar-comite-interinstitucional-de-financiamento-da-educacao","status":"publish","type":"post","link":"https:\/\/www.mpal.mp.br\/?p=66311","title":{"rendered":"Promotor de Justi\u00e7a Lucas Sachsida passa a integrar Comit\u00ea Interinstitucional de Financiamento da Educa\u00e7\u00e3o"},"content":{"rendered":"<p>&nbsp;<\/p>\n<p align=\"justify\"><span style=\"font-family: helvetica, arial, sans-serif; font-size: 12pt;\">O promotor de Justi\u00e7a do Minist\u00e9rio P\u00fablico do Estado de Alagoas (MPAL) Lucas Sachsida passa a integrar o Comit\u00ea Interinstitucional de Financiamento da Educa\u00e7\u00e3o, institu\u00eddo no \u00e2mbito da 1\u00aa C\u00e2mara de Coordena\u00e7\u00e3o e Revis\u00e3o do Minist\u00e9rio P\u00fablico Federal (1\u00aa CCR\/MPF). A designa\u00e7\u00e3o consta na Portaria 1\u00aa CCR\/MPF n\u00ba 2, publicada no \u00faltimo dia 2. No colegiado, o promotor alagoano exercer\u00e1 a fun\u00e7\u00e3o de coordenador adjunto, refor\u00e7ando a participa\u00e7\u00e3o do MPAL em uma inst\u00e2ncia estrat\u00e9gica voltada ao acompanhamento, qualifica\u00e7\u00e3o e fortalecimento das pol\u00edticas p\u00fablicas de financiamento da educa\u00e7\u00e3o em \u00e2mbito nacional.<\/span><\/p>\n<p align=\"justify\"><span style=\"font-family: helvetica, arial, sans-serif; font-size: 12pt;\">O Comit\u00ea Interinstitucional de Financiamento da Educa\u00e7\u00e3o foi criado a partir da transforma\u00e7\u00e3o do antigo Grupo de Trabalho Interinstitucional Fundef\/Fundeb e tem como objetivo atuar de forma t\u00e9cnica e resolutiva diante de demandas complexas relacionadas \u00e0 aplica\u00e7\u00e3o de recursos educacionais, \u00e0 reorganiza\u00e7\u00e3o institucional e \u00e0 reconstru\u00e7\u00e3o de pol\u00edticas p\u00fablicas na \u00e1rea da educa\u00e7\u00e3o.<\/span><\/p>\n<p align=\"justify\"><span style=\"font-family: helvetica, arial, sans-serif; font-size: 12pt;\">De acordo com a portaria, o Comit\u00ea est\u00e1 vinculado \u00e0 Comiss\u00e3o de Educa\u00e7\u00e3o da 1\u00aa CCR e dever\u00e1 observar diretrizes estabelecidas por recomenda\u00e7\u00f5es do Conselho Nacional do Minist\u00e9rio P\u00fablico (CNMP), especialmente nos casos que envolvam direitos de crian\u00e7as e adolescentes, transpar\u00eancia na gest\u00e3o p\u00fablica e controle do financiamento educacional.<\/span><\/p>\n<p align=\"justify\"><span style=\"font-family: helvetica, arial, sans-serif; font-size: 12pt;\">Al\u00e9m de Lucas Sachsida, o Comit\u00ea \u00e9 composto por membros do Minist\u00e9rio P\u00fablico Federal e dos Minist\u00e9rios P\u00fablicos de Contas, reunindo representantes de diferentes estados e \u00f3rg\u00e3os de controle, o que fortalece a atua\u00e7\u00e3o interinstitucional e o interc\u00e2mbio de experi\u00eancias na fiscaliza\u00e7\u00e3o e no aprimoramento das pol\u00edticas educacionais.<\/span><\/p>\n<p align=\"justify\"><span style=\"font-family: helvetica, arial, sans-serif; font-size: 12pt;\">\u201cNossa participa\u00e7\u00e3o no colegiado amplia a contribui\u00e7\u00e3o institucional de Alagoas nos debates nacionais sobre financiamento da educa\u00e7\u00e3o, refor\u00e7ando o compromisso do Minist\u00e9rio P\u00fablico com a defesa do direito fundamental \u00e0 educa\u00e7\u00e3o de qualidade\u201d, afirmou Lucas Sachsida. <\/span><\/p>\n","protected":false},"excerpt":{"rendered":"<p> [&hellip;]<\/p>\n","protected":false},"author":17,"featured_media":66314,"comment_status":"open","ping_status":"open","sticky":false,"template":"","format":"standard","meta":{"om_disable_all_campaigns":false,"_monsterinsights_skip_tracking":false,"_monsterinsights_sitenote_active":false,"_monsterinsights_sitenote_note":"","_monsterinsights_sitenote_category":0,"_uf_show_specific_survey":0,"_uf_disable_surveys":false,"footnotes":""},"categories":[2],"tags":[],"class_list":["post-66311","post","type-post","status-publish","format-standard","has-post-thumbnail","hentry","category-not_mpal"],"aioseo_notices":[],"_links":{"self":[{"href":"https:\/\/www.mpal.mp.br\/index.php?rest_route=\/wp\/v2\/posts\/66311","targetHints":{"allow":["GET"]}}],"collection":[{"href":"https:\/\/www.mpal.mp.br\/index.php?rest_route=\/wp\/v2\/posts"}],"about":[{"href":"https:\/\/www.mpal.mp.br\/index.php?rest_route=\/wp\/v2\/types\/post"}],"author":[{"embeddable":true,"href":"https:\/\/www.mpal.mp.br\/index.php?rest_route=\/wp\/v2\/users\/17"}],"replies":[{"embeddable":true,"href":"https:\/\/www.mpal.mp.br\/index.php?rest_route=%2Fwp%2Fv2%2Fcomments&post=66311"}],"version-history":[{"count":1,"href":"https:\/\/www.mpal.mp.br\/index.php?rest_route=\/wp\/v2\/posts\/66311\/revisions"}],"predecessor-version":[{"id":66312,"href":"https:\/\/www.mpal.mp.br\/index.php?rest_route=\/wp\/v2\/posts\/66311\/revisions\/66312"}],"wp:featuredmedia":[{"embeddable":true,"href":"https:\/\/www.mpal.mp.br\/index.php?rest_route=\/wp\/v2\/media\/66314"}],"wp:attachment":[{"href":"https:\/\/www.mpal.mp.br\/index.php?rest_route=%2Fwp%2Fv2%2Fmedia&parent=66311"}],"wp:term":[{"taxonomy":"category","embeddable":true,"href":"https:\/\/www.mpal.mp.br\/index.php?rest_route=%2Fwp%2Fv2%2Fcategories&post=66311"},{"taxonomy":"post_tag","embeddable":true,"href":"https:\/\/www.mpal.mp.br\/index.php?rest_route=%2Fwp%2Fv2%2Ftags&post=66311"}],"curies":[{"name":"wp","href":"https:\/\/api.w.org\/{rel}","templated":true}]}}