{"id":66305,"date":"2026-02-04T09:10:41","date_gmt":"2026-02-04T12:10:41","guid":{"rendered":"https:\/\/www.mpal.mp.br\/?p=66305"},"modified":"2026-02-04T09:10:41","modified_gmt":"2026-02-04T12:10:41","slug":"mpal-acompanha-cadastramento-de-usuarios-do-canal-do-sertao-tratativas-para-cobranca-pelo-uso-da-agua-e-pede-dados-a-casal-segov-e-seagri","status":"publish","type":"post","link":"https:\/\/www.mpal.mp.br\/?p=66305","title":{"rendered":"MPAL acompanha cadastramento de usu\u00e1rios do Canal do Sert\u00e3o, tratativas para cobran\u00e7a pelo uso da \u00e1gua e pede dados \u00e0 Casal, Segov e Seagri"},"content":{"rendered":"<div class=\"fusion-fullwidth fullwidth-box fusion-builder-row-1 nonhundred-percent-fullwidth non-hundred-percent-height-scrolling\"  style='background-color: #ffffff;background-position: center center;background-repeat: no-repeat;padding-top:0px;padding-right:0px;padding-bottom:0px;padding-left:0px;'><div class=\"fusion-builder-row fusion-row \"><div  class=\"fusion-layout-column fusion_builder_column fusion_builder_column_1_1 fusion-builder-column-1 fusion-one-full fusion-column-first fusion-column-last 1_1\"  style='margin-top:0px;margin-bottom:0px;'>\n\t\t\t\t\t<div class=\"fusion-column-wrapper\" style=\"padding: 0px 0px 0px 0px;background-position:left top;background-repeat:no-repeat;-webkit-background-size:cover;-moz-background-size:cover;-o-background-size:cover;background-size:cover;\"   data-bg-url=\"\">\n\t\t\t\t\t\t<div class=\"fusion-text\"><p style=\"text-align: justify;\"><span style=\"font-family: helvetica, arial, sans-serif; font-size: 12pt; color: #000000;\"><span style=\"font-family: Segoe UI, Segoe UI Web (West European), apple-system, BlinkMacSystemFont, Roboto, Helvetica Neue, sans-serif;\">Com o avan\u00e7o das obras do Canal Adutor do Sert\u00e3o Alagoano, considerada a maior obra h\u00eddrica de Alagoas e que beneficia milhares de pessoas, o Minist\u00e9rio P\u00fablico do Estado de Alagoas (MPAL) acompanha <\/span><span style=\"font-family: Segoe UI, Segoe UI Web (West European), apple-system, BlinkMacSystemFont, Roboto, Helvetica Neue, sans-serif;\">a implementa\u00e7\u00e3o<\/span><span style=\"font-family: Segoe UI, Segoe UI Web (West European), apple-system, BlinkMacSystemFont, Roboto, Helvetica Neue, sans-serif;\"> do novo modelo de gest\u00e3o do <\/span><span style=\"font-family: Segoe UI, Segoe UI Web (West European), apple-system, BlinkMacSystemFont, Roboto, Helvetica Neue, sans-serif;\">empreendimento<\/span><span style=\"font-family: Segoe UI, Segoe UI Web (West European), apple-system, BlinkMacSystemFont, Roboto, Helvetica Neue, sans-serif;\"> criado pelo Gov<\/span><span style=\"font-family: Segoe UI, Segoe UI Web (West European), apple-system, BlinkMacSystemFont, Roboto, Helvetica Neue, sans-serif;\">erno do Estado <\/span><span style=\"font-family: Segoe UI, Segoe UI Web (West European), apple-system, BlinkMacSystemFont, Roboto, Helvetica Neue, sans-serif;\">pelo Decreto n\u00ba 102.168, de 28 de abril de 2025.<\/span><span style=\"font-family: Segoe UI, Segoe UI Web (West European), apple-system, BlinkMacSystemFont, Roboto, Helvetica Neue, sans-serif;\"> Os tr\u00e2mites para in\u00edcio da cobran\u00e7a pelo uso da \u00e1gua tamb\u00e9m s\u00e3o acompanhados pelo \u00f3rg\u00e3o ministerial.<\/span><\/span><\/p>\n<p style=\"text-align: justify;\"><span style=\"font-family: helvetica, arial, sans-serif; font-size: 12pt; color: #000000;\"><span style=\"font-family: Segoe UI, Segoe UI Web (West European), apple-system, BlinkMacSystemFont, Roboto, Helvetica Neue, sans-serif;\">Com esse intuito, o MPAL estabeleceu prazos para que a Companhia de Saneamento de Alagoas (Casal) e as Secretarias de Estado de Governo (Segov) e da Agricultura (Seagri) repassem informa\u00e7\u00f5es sobre o cadastro de interessados em <\/span><span style=\"font-family: Segoe UI, Segoe UI Web (West European), apple-system, BlinkMacSystemFont, Roboto, Helvetica Neue, sans-serif;\">utilizar<\/span><span style=\"font-family: Segoe UI, Segoe UI Web (West European), apple-system, BlinkMacSystemFont, Roboto, Helvetica Neue, sans-serif;\"> da \u00e1gua <\/span><span style=\"font-family: Segoe UI, Segoe UI Web (West European), apple-system, BlinkMacSystemFont, Roboto, Helvetica Neue, sans-serif;\">do Canal do Sert\u00e3o<\/span><span style=\"font-family: Segoe UI, Segoe UI Web (West European), apple-system, BlinkMacSystemFont, Roboto, Helvetica Neue, sans-serif;\">, a concess\u00e3o de <\/span><span style=\"font-family: Segoe UI, Segoe UI Web (West European), apple-system, BlinkMacSystemFont, Roboto, Helvetica Neue, sans-serif;\">autoriza\u00e7\u00e3o de uso<\/span><span style=\"font-family: Segoe UI, Segoe UI Web (West European), apple-system, BlinkMacSystemFont, Roboto, Helvetica Neue, sans-serif;\">, <\/span><span style=\"font-family: Segoe UI, Segoe UI Web (West European), apple-system, BlinkMacSystemFont, Roboto, Helvetica Neue, sans-serif;\">m\u00e9todo de <\/span><span style=\"font-family: Segoe UI, Segoe UI Web (West European), apple-system, BlinkMacSystemFont, Roboto, Helvetica Neue, sans-serif;\">cobran\u00e7a e a gest\u00e3o patrimonial da estrutura.<\/span><\/span><\/p>\n<p style=\"text-align: justify;\"><span style=\"font-family: helvetica, arial, sans-serif; font-size: 12pt; color: #000000;\"><span style=\"font-family: Segoe UI, Segoe UI Web (West European), apple-system, BlinkMacSystemFont, Roboto, Helvetica Neue, sans-serif;\">Os pedidos do MPAL foram formalizados na semana passada em uma audi\u00eancia promovida pela Promotoria de Justi\u00e7a de Recursos H\u00eddricos (<\/span><span style=\"font-family: Segoe UI, Segoe UI Web (West European), apple-system, BlinkMacSystemFont, Roboto, Helvetica Neue, sans-serif;\">5<\/span><span style=\"font-family: Segoe UI, Segoe UI Web (West European), apple-system, BlinkMacSystemFont, Roboto, Helvetica Neue, sans-serif;\">\u00aa PJC), que acompanha a gest\u00e3o do empreendimento por meio de um Procedimento Administrativo.<\/span><\/span><\/p>\n<p style=\"text-align: justify;\"><span style=\"font-family: helvetica, arial, sans-serif; font-size: 12pt; color: #000000;\"><span style=\"font-family: Segoe UI, Segoe UI Web (West European), apple-system, BlinkMacSystemFont, Roboto, Helvetica Neue, sans-serif;\">Segundo a promotora de Justi\u00e7a Lav\u00ednia Fragoso, titular da <\/span><span style=\"font-family: Segoe UI, Segoe UI Web (West European), apple-system, BlinkMacSystemFont, Roboto, Helvetica Neue, sans-serif;\">5<\/span><span style=\"font-family: Segoe UI, Segoe UI Web (West European), apple-system, BlinkMacSystemFont, Roboto, Helvetica Neue, sans-serif;\">\u00aa PJC, o Canal do Sert\u00e3o envolve <\/span><span style=\"font-family: Segoe UI, Segoe UI Web (West European), apple-system, BlinkMacSystemFont, Roboto, Helvetica Neue, sans-serif;\">investimentos elevad\u00edssimos<\/span><span style=\"font-family: Segoe UI, Segoe UI Web (West European), apple-system, BlinkMacSystemFont, Roboto, Helvetica Neue, sans-serif;\"> em sua constru\u00e7\u00e3o <\/span><span style=\"font-family: Segoe UI, Segoe UI Web (West European), apple-system, BlinkMacSystemFont, Roboto, Helvetica Neue, sans-serif;\">e<\/span><span style=\"font-family: Segoe UI, Segoe UI Web (West European), apple-system, BlinkMacSystemFont, Roboto, Helvetica Neue, sans-serif;\"> precisa ter uma gest\u00e3o que realmente atenda aos <\/span><span style=\"font-family: Segoe UI, Segoe UI Web (West European), apple-system, BlinkMacSystemFont, Roboto, Helvetica Neue, sans-serif;\">fins propostos, observando os usos m\u00faltiplos, <\/span><span style=\"font-family: Segoe UI, Segoe UI Web (West European), apple-system, BlinkMacSystemFont, Roboto, Helvetica Neue, sans-serif;\"> interesses <\/span><span style=\"font-family: Segoe UI, Segoe UI Web (West European), apple-system, BlinkMacSystemFont, Roboto, Helvetica Neue, sans-serif;\">e melhoria da qualidade de vida<\/span><span style=\"font-family: Segoe UI, Segoe UI Web (West European), apple-system, BlinkMacSystemFont, Roboto, Helvetica Neue, sans-serif;\"> da popula\u00e7\u00e3o, <\/span><span style=\"font-family: Segoe UI, Segoe UI Web (West European), apple-system, BlinkMacSystemFont, Roboto, Helvetica Neue, sans-serif;\">cumprindo tamb\u00e9m seu papel<\/span> <span style=\"font-family: Segoe UI, Segoe UI Web (West European), apple-system, BlinkMacSystemFont, Roboto, Helvetica Neue, sans-serif;\">de <\/span><span style=\"font-family: Segoe UI, Segoe UI Web (West European), apple-system, BlinkMacSystemFont, Roboto, Helvetica Neue, sans-serif;\">impulsionar o<\/span><span style=\"font-family: Segoe UI, Segoe UI Web (West European), apple-system, BlinkMacSystemFont, Roboto, Helvetica Neue, sans-serif;\"> desenvolvimento <\/span><span style=\"font-family: Segoe UI, Segoe UI Web (West European), apple-system, BlinkMacSystemFont, Roboto, Helvetica Neue, sans-serif;\">social e econ\u00f4mic<\/span><span style=\"font-family: Segoe UI, Segoe UI Web (West European), apple-system, BlinkMacSystemFont, Roboto, Helvetica Neue, sans-serif;\">o <\/span><span style=\"font-family: Segoe UI, Segoe UI Web (West European), apple-system, BlinkMacSystemFont, Roboto, Helvetica Neue, sans-serif;\">na regi\u00e3o.<\/span><\/span><\/p>\n<p style=\"text-align: justify;\"><span style=\"color: #000000; font-family: helvetica, arial, sans-serif; font-size: 12pt;\"><span style=\"font-family: Segoe UI, Segoe UI Web (West European), apple-system, BlinkMacSystemFont, Roboto, Helvetica Neue, sans-serif;\">Na audi\u00eancia, ficou estabelecido um prazo de 40 dias para que a Casal informe a respeito dos dados e quantitativos relativos ao cadastramento de usu\u00e1rios a ser realizado a partir do dia 2 de fevereiro de 2026 no J\u00c1 de Delmiro Gouveia. No mesmo prazo, a Companhia dever\u00e1 encaminhar c\u00f3pia do contrato firmado para a realiza\u00e7\u00e3o dos servi\u00e7os de vigil\u00e2ncia, limpeza e manuten\u00e7\u00e3o das margens do Canal.<\/span><\/span><\/p>\n<p style=\"text-align: justify;\"><span style=\"color: #000000; font-family: helvetica, arial, sans-serif; font-size: 12pt;\"><span style=\"font-family: Segoe UI, Segoe UI Web (West European), apple-system, BlinkMacSystemFont, Roboto, Helvetica Neue, sans-serif;\">O pedido das informa\u00e7\u00f5es decorre do fato de que, segundo o superintendente do Canal do Sert\u00e3o pela Casal, Raniel Gomes Alexandre, desde o dia 1\u00ba de janeiro de 2026 a empresa vem realizando a gest\u00e3o do Canal do Sert\u00e3o e, ainda conforme ele esclareceu em audi\u00eancia, as licita\u00e7\u00f5es referentes \u00e0 limpeza das margens encontram-se em fase final, j\u00e1 para assinatura pelo presidente.<\/span><\/span><\/p>\n<p style=\"text-align: justify;\"><span style=\"color: #000000; font-family: helvetica, arial, sans-serif; font-size: 12pt;\"><span style=\"font-family: Segoe UI, Segoe UI Web (West European), apple-system, BlinkMacSystemFont, Roboto, Helvetica Neue, sans-serif;\">Raniel Gomes informou que os contratos de manuten\u00e7\u00e3o civil ainda est\u00e3o em tramita\u00e7\u00e3o interna na Companhia e que, no come\u00e7o deste m\u00eas, haver\u00e1 o chamamento para cadastro dos propriet\u00e1rios rurais no J\u00c1 de Delmiro Gouveia.<\/span><\/span><\/p>\n<p style=\"text-align: justify;\"><span style=\"font-family: helvetica, arial, sans-serif; font-size: 12pt; color: #000000;\">\u201c<span style=\"font-family: Segoe UI, Segoe UI Web (West European), apple-system, BlinkMacSystemFont, Roboto, Helvetica Neue, sans-serif;\">Quanto \u00e0 vigil\u00e2ncia, o sobreaviso ser\u00e1 noturno, havendo durante o dia uma base em Inhapi, pr\u00f3xima \u00e0 comporta 09, de onde partir\u00e1 a ronda <\/span><span style=\"font-family: Segoe UI, Segoe UI Web (West European), apple-system, BlinkMacSystemFont, Roboto, Helvetica Neue, sans-serif;\">diariamente<\/span><span style=\"font-family: Segoe UI, Segoe UI Web (West European), apple-system, BlinkMacSystemFont, Roboto, Helvetica Neue, sans-serif;\"> at\u00e9 o trecho final (Trecho 123). O contrato permite expans\u00e3o ou intensifica\u00e7\u00e3o do servi\u00e7o, caso necess\u00e1rio, e toda ocorr\u00eancia ser\u00e1 acompanhada de relat\u00f3rio fotogr\u00e1fico\u201d, informou, acrescentando que a limpeza consiste na retirada de vegeta\u00e7\u00e3o e servi\u00e7os nas cal\u00e7adas. Quanto \u00e0 cobran\u00e7a pelo uso da \u00e1gua, o gestor da Casal disse que ela ser\u00e1 feita ap\u00f3s a publica\u00e7\u00e3o do decreto da Arsal.<\/span><\/span><\/p>\n<p style=\"text-align: justify;\"><span style=\"color: #000000; font-family: helvetica, arial, sans-serif; font-size: 12pt;\"><span style=\"font-family: Segoe UI, Segoe UI Web (West European), apple-system, BlinkMacSystemFont, Roboto, Helvetica Neue, sans-serif;\">Representante da Segov na audi\u00eancia, a superintendente Bruna Ten\u00f3rio esclareceu que, quanto \u00e0 cobran\u00e7a pelo uso da \u00e1gua, aguardam a finaliza\u00e7\u00e3o de algumas documenta\u00e7\u00f5es, dentre elas o decreto de regula\u00e7\u00e3o da Arsal, o qual foi aprovado pelo Conselho no ano anterior, encaminhado \u00e0 Procuradoria Geral do Estado (PGE), que sugeriu altera\u00e7\u00f5es posteriormente realizadas pela pr\u00f3pria Segov, sendo ent\u00e3o remetido \u00e0 Arsal, respons\u00e1vel pela regula\u00e7\u00e3o, fiscaliza\u00e7\u00e3o, an\u00e1lise econ\u00f4mica e aprova\u00e7\u00e3o da estrutura tarif\u00e1ria. \u201cA Arsal fez pondera\u00e7\u00f5es e devolveu o decreto na semana anterior, estando atualmente no aguardo da revis\u00e3o final pelo secret\u00e1rio para retorno \u00e0 PGE\u201d, acrescentou a superintendente.<\/span><\/span><\/p>\n<p style=\"text-align: justify;\"><span style=\"color: #000000; font-family: helvetica, arial, sans-serif; font-size: 12pt;\"><span style=\"font-family: Segoe UI, Segoe UI Web (West European), apple-system, BlinkMacSystemFont, Roboto, Helvetica Neue, sans-serif;\">Dese modo, o MPAL concedeu prazo de 20 dias para que a Segov comprove a remessa dos autos para a PGE relativos \u00e0 institui\u00e7\u00e3o de cobran\u00e7a e regula\u00e7\u00e3o pela Ag\u00eancia Reguladora dos Servi\u00e7os P\u00fablicos do Estado de Alagoas (Arsal). A Segov tamb\u00e9m recebeu prazo de 30 dias para que encaminhe c\u00f3pia da ata da reuni\u00e3o do Conselho Gestor do Canal do Sert\u00e3o, ocorrida no dia 28 de janeiro deste ano, devendo no mesmo prazo comprovar a ado\u00e7\u00e3o de medidas para a regulariza\u00e7\u00e3o das outorgas dos usu\u00e1rios j\u00e1 cadastrados, bem como dos novos usu\u00e1rios.<\/span><\/span><\/p>\n<p style=\"text-align: justify;\"><span style=\"font-family: helvetica, arial, sans-serif; font-size: 12pt; color: #000000;\"><span style=\"font-family: Segoe UI, Segoe UI Web (West European), apple-system, BlinkMacSystemFont, Roboto, Helvetica Neue, sans-serif;\">Casal e Seagri, por sua vez, receberam prazo de 50 dias para que informem a respeito dos encaminhamentos adotados ap\u00f3s uma reuni\u00e3o que vai ocorrer no dia 11 de fevereiro de 2026, na pr\u00f3pria Seagri, para tratar sobre <\/span><span style=\"font-family: Segoe UI, Segoe UI Web (West European), apple-system, BlinkMacSystemFont, Roboto, Helvetica Neue, sans-serif;\">per\u00edmetros irrigados e demais projetos para promover o desenvolvimento econ\u00f4mico na \u00e1rea do <\/span><span style=\"font-family: Segoe UI, Segoe UI Web (West European), apple-system, BlinkMacSystemFont, Roboto, Helvetica Neue, sans-serif;\">Canal. <\/span><\/span><span style=\"color: #000000; font-family: helvetica, arial, sans-serif; font-size: 12pt;\"><span style=\"font-family: Segoe UI, Segoe UI Web (West European), apple-system, BlinkMacSystemFont, Roboto, Helvetica Neue, sans-serif;\">A pr\u00f3xima audi\u00eancia de todos os \u00f3rg\u00e3os com o MPAL, de forma presencial, ser\u00e1 realizada no dia 17 de abril. <\/span><\/span><\/p>\n<\/div><style type=\"text\/css\">.fusion-gallery-1 .fusion-gallery-image {border:0px solid #f6f6f6;-webkit-border-radius:5px;-moz-border-radius:5px;border-radius:5px;}<\/style><div class=\"fusion-gallery fusion-gallery-container fusion-grid-3 fusion-columns-total-0 fusion-gallery-layout-grid fusion-gallery-1\" style=\"margin:-5px;\"><div style=\"padding:5px;\" class=\"fusion-grid-column fusion-gallery-column fusion-gallery-column-3 hover-type-none\"><div class=\"fusion-gallery-image\"><a href=\"https:\/\/www.mpal.mp.br\/wp-content\/uploads\/2026\/02\/WhatsApp-Image-2026-02-04-at-09.04.26.jpeg\" rel=\"noreferrer\" data-rel=\"iLightbox[gallery_image_1]\" class=\"fusion-lightbox\" target=\"_self\"><img loading=\"lazy\" decoding=\"async\" src=\"https:\/\/www.mpal.mp.br\/wp-content\/uploads\/2026\/02\/WhatsApp-Image-2026-02-04-at-09.04.26.jpeg\" width=\"960\" height=\"1280\" alt=\"\" title=\"WhatsApp Image 2026-02-04 at 09.04.26\" aria-label=\"WhatsApp Image 2026-02-04 at 09.04.26\" class=\"img-responsive wp-image-66307\" \/><\/a><\/div><\/div><div style=\"padding:5px;\" class=\"fusion-grid-column fusion-gallery-column fusion-gallery-column-3 hover-type-none\"><div class=\"fusion-gallery-image\"><a href=\"https:\/\/www.mpal.mp.br\/wp-content\/uploads\/2026\/02\/WhatsApp-Image-2026-02-04-at-09.04.31.jpeg\" rel=\"noreferrer\" data-rel=\"iLightbox[gallery_image_1]\" class=\"fusion-lightbox\" target=\"_self\"><img loading=\"lazy\" decoding=\"async\" src=\"https:\/\/www.mpal.mp.br\/wp-content\/uploads\/2026\/02\/WhatsApp-Image-2026-02-04-at-09.04.31.jpeg\" width=\"960\" height=\"1280\" alt=\"\" title=\"WhatsApp Image 2026-02-04 at 09.04.31\" aria-label=\"WhatsApp Image 2026-02-04 at 09.04.31\" class=\"img-responsive wp-image-66308\" \/><\/a><\/div><\/div><div style=\"padding:5px;\" class=\"fusion-grid-column fusion-gallery-column fusion-gallery-column-3 hover-type-none\"><div class=\"fusion-gallery-image\"><a href=\"https:\/\/www.mpal.mp.br\/wp-content\/uploads\/2026\/02\/WhatsApp-Image-2026-02-04-at-09.04.32.jpeg\" rel=\"noreferrer\" data-rel=\"iLightbox[gallery_image_1]\" class=\"fusion-lightbox\" target=\"_self\"><img loading=\"lazy\" decoding=\"async\" src=\"https:\/\/www.mpal.mp.br\/wp-content\/uploads\/2026\/02\/WhatsApp-Image-2026-02-04-at-09.04.32.jpeg\" width=\"960\" height=\"1280\" alt=\"\" title=\"WhatsApp Image 2026-02-04 at 09.04.32\" aria-label=\"WhatsApp Image 2026-02-04 at 09.04.32\" class=\"img-responsive wp-image-66309\" \/><\/a><\/div><\/div><div class=\"clearfix\"><\/div><\/div><div class=\"fusion-clearfix\"><\/div>\n\n\t\t\t\t\t<\/div>\n\t\t\t\t<\/div><\/div><\/div>\n","protected":false},"excerpt":{"rendered":"","protected":false},"author":24,"featured_media":66306,"comment_status":"open","ping_status":"open","sticky":false,"template":"","format":"standard","meta":{"om_disable_all_campaigns":false,"_monsterinsights_skip_tracking":false,"_monsterinsights_sitenote_active":false,"_monsterinsights_sitenote_note":"","_monsterinsights_sitenote_category":0,"_uf_show_specific_survey":0,"_uf_disable_surveys":false,"footnotes":""},"categories":[2],"tags":[],"class_list":["post-66305","post","type-post","status-publish","format-standard","has-post-thumbnail","hentry","category-not_mpal"],"aioseo_notices":[],"_links":{"self":[{"href":"https:\/\/www.mpal.mp.br\/index.php?rest_route=\/wp\/v2\/posts\/66305","targetHints":{"allow":["GET"]}}],"collection":[{"href":"https:\/\/www.mpal.mp.br\/index.php?rest_route=\/wp\/v2\/posts"}],"about":[{"href":"https:\/\/www.mpal.mp.br\/index.php?rest_route=\/wp\/v2\/types\/post"}],"author":[{"embeddable":true,"href":"https:\/\/www.mpal.mp.br\/index.php?rest_route=\/wp\/v2\/users\/24"}],"replies":[{"embeddable":true,"href":"https:\/\/www.mpal.mp.br\/index.php?rest_route=%2Fwp%2Fv2%2Fcomments&post=66305"}],"version-history":[{"count":1,"href":"https:\/\/www.mpal.mp.br\/index.php?rest_route=\/wp\/v2\/posts\/66305\/revisions"}],"predecessor-version":[{"id":66310,"href":"https:\/\/www.mpal.mp.br\/index.php?rest_route=\/wp\/v2\/posts\/66305\/revisions\/66310"}],"wp:featuredmedia":[{"embeddable":true,"href":"https:\/\/www.mpal.mp.br\/index.php?rest_route=\/wp\/v2\/media\/66306"}],"wp:attachment":[{"href":"https:\/\/www.mpal.mp.br\/index.php?rest_route=%2Fwp%2Fv2%2Fmedia&parent=66305"}],"wp:term":[{"taxonomy":"category","embeddable":true,"href":"https:\/\/www.mpal.mp.br\/index.php?rest_route=%2Fwp%2Fv2%2Fcategories&post=66305"},{"taxonomy":"post_tag","embeddable":true,"href":"https:\/\/www.mpal.mp.br\/index.php?rest_route=%2Fwp%2Fv2%2Ftags&post=66305"}],"curies":[{"name":"wp","href":"https:\/\/api.w.org\/{rel}","templated":true}]}}