{"id":66293,"date":"2026-02-03T14:33:30","date_gmt":"2026-02-03T17:33:30","guid":{"rendered":"https:\/\/www.mpal.mp.br\/?p=66293"},"modified":"2026-02-03T14:33:30","modified_gmt":"2026-02-03T17:33:30","slug":"mpal-ajuiza-acao-civil-publica-para-que-o-municipio-de-coite-do-noia-siga-a-constituicao-em-relacao-ao-quadro-funcional","status":"publish","type":"post","link":"https:\/\/www.mpal.mp.br\/?p=66293","title":{"rendered":"MPAL aju\u00edza a\u00e7\u00e3o civil p\u00fablica para que o Munic\u00edpio de Coit\u00e9 do N\u00f3ia siga a Constitui\u00e7\u00e3o em rela\u00e7\u00e3o ao quadro funcional"},"content":{"rendered":"<p align=\"justify\"><span style=\"font-family: helvetica, arial, sans-serif;\">O Minist\u00e9rio P\u00fablico de Alagoas (MPAL), por meio da Promotoria de Justi\u00e7a de Taquarana,\u00a0 ajuizou A\u00e7\u00e3o Civil P\u00fablica em desfavor do Munic\u00edpio de Coit\u00e9 de N\u00f3ia para que, de forma transparente, apresente e atualize a base documental e normativa do seu quadro de cargos efetivos, com informa\u00e7\u00f5es completas sobre leis de cria\u00e7\u00e3o de cargos, cargos providos e cargos vagos e crie um cronograma para a realiza\u00e7\u00e3o de concurso p\u00fablico. De acordo com os documentos consolidados do Procedimento Administrativo n\u00ba 09.2024.00000637-3 , que respaldou a a\u00e7\u00e3o, no atual panorama geral do Munic\u00edpio existem 49 comissionados, 869 contratados e 280 efetivos.<\/span><\/p>\n<p align=\"justify\"><span style=\"font-family: helvetica, arial, sans-serif;\">Al\u00e9m do quadro geral, a documenta\u00e7\u00e3o aponta que a concentra\u00e7\u00e3o de contrata\u00e7\u00f5es tempor\u00e1rias \u00e9 significativa em \u00e1reas de presta\u00e7\u00e3o continuada e essencial, como a Educa\u00e7\u00e3o com 520 contratados e 138 efetivos; a Sa\u00fade com 155 contratados e 93 efetivos; e a Assist\u00eancia Social com 63 contratados e seis efetivos. E h\u00e1 regras constitucionais previstas no artigo 37 da Constitui\u00e7\u00e3o Federal, especialmente quanto ao ingresso no servi\u00e7o p\u00fablico mediante concurso, e ao uso restrito de hip\u00f3teses excepcionais (cargos em comiss\u00e3o e contrata\u00e7\u00f5es tempor\u00e1rias).<\/span><\/p>\n<p><span style=\"font-family: helvetica, arial, sans-serif;\">O promotor de Justi\u00e7a e autor da a\u00e7\u00e3o civil p\u00fablica, Lucas Mascarenhas, explica todo o tr\u00e2mite do procedimento administrativo para que, de forma clara, o Munic\u00edpio atenda \u00e0s reivindica\u00e7\u00f5es ministeriais.<\/span><\/p>\n<p align=\"justify\"><span style=\"font-family: helvetica, arial, sans-serif;\">\u201cDurante a tramita\u00e7\u00e3o do procedimento, foram expedidos of\u00edcios requisitando informa\u00e7\u00f5es e documentos estruturantes, indispens\u00e1veis \u00e0 compreens\u00e3o exata do quadro funcional municipal, tais como as leis de cria\u00e7\u00e3o de cargos efetivos, quantitativo de cargos providos e vagos, e provid\u00eancias concretas adotadas para realiza\u00e7\u00e3o de concurso p\u00fablico. A partir da documenta\u00e7\u00e3o apresentada, foi poss\u00edvel verificar um desequil\u00edbrio relevante entre o n\u00famero de servidores efetivos e o n\u00famero de v\u00ednculos prec\u00e1rios, com predomin\u00e2ncia expressiva de contrata\u00e7\u00f5es tempor\u00e1rias no quadro de pessoal do Munic\u00edpio. Em s\u00edntese, a iniciativa do Minist\u00e9rio P\u00fablico busca assegurar que o Munic\u00edpio de Coit\u00e9 do N\u00f3ia cumpra o modelo constitucional de provimento de pessoal, com transpar\u00eancia, planejamento e efetividade, preservando a impessoalidade e a igualdade no acesso ao servi\u00e7o p\u00fablico e prevenindo a consolida\u00e7\u00e3o de um regime de provimento prec\u00e1rio incompat\u00edvel com a regra do concurso p\u00fablico\u201d, afirma o promotor.<\/span><\/p>\n<p align=\"justify\"><span style=\"font-family: helvetica, arial, sans-serif;\">Para o Minist\u00e9rio P\u00fablico, os dados acima mencionados indicam depend\u00eancia acentuada de v\u00ednculos n\u00e3o efetivos para o desempenho de atividades ordin\u00e1rias e permanentes, o que motivou a intensifica\u00e7\u00e3o das dilig\u00eancias voltadas \u00e0 regulariza\u00e7\u00e3o. Durante as apura\u00e7\u00f5es, constatou-se que o Munic\u00edpio atuou junto \u00e0 C\u00e2mara Municipal, resultando na aprova\u00e7\u00e3o do Projeto de Lei n\u00ba 02\/2024, posteriormente sancionado e convertido na Lei Municipal n\u00ba 467\/2024 que <\/span><br \/>\n<span style=\"font-family: helvetica, arial, sans-serif;\">criou novos cargos efetivos no \u00e2mbito do Poder Executivo municipal e prev\u00ea, expressamente, que o provimento deve ocorrer mediante concurso p\u00fablico, trazendo ainda anexo com quadro detalhado de cargos, requisitos, n\u00famero de vagas e vencimentos.<\/span><\/p>\n<p><span style=\"font-family: helvetica, arial, sans-serif;\">Por\u00e9m a realidade do quadro funcional do Munic\u00edpio de Coit\u00e9 do N\u00f3ia diverge do princ\u00edpio da legalidade, o que motivou o MPAL a pedir que comprove provid\u00eancias concretas j\u00e1 adotadas e\/ou apresente cronograma com estimativas para a realiza\u00e7\u00e3o do concurso p\u00fablico, especialmente em rela\u00e7\u00e3o aos cargos criados pela Lei Municipal n\u00ba 467\/2024. <\/span><br \/>\n<span style=\"font-family: helvetica, arial, sans-serif;\">E que, tamb\u00e9m, adote medidas estruturais para reorientar o provimento de pessoal ao modelo constitucional, com transi\u00e7\u00e3o planejada, preservando a continuidade dos servi\u00e7os p\u00fablicos.<\/span><\/p>\n<p><span style=\"font-family: helvetica, arial, sans-serif;\">Que restrinja contrata\u00e7\u00f5es tempor\u00e1rias \u00e0s hip\u00f3teses estritas e que essas s\u00f3 corram quando devidamente justificadas de necessidade tempor\u00e1ria e excepcional interesse p\u00fablico, evitando renova\u00e7\u00f5es sucessivas e a utiliza\u00e7\u00e3o de v\u00ednculos prec\u00e1rios como m\u00e9todo ordin\u00e1rio para suprir necessidades permanentes.<\/span><\/p>\n<p><span style=\"font-family: helvetica, arial, sans-serif;\">Al\u00e9m disso, que reforce os mecanismos de fiscaliza\u00e7\u00e3o e controle, com apresenta\u00e7\u00e3o peri\u00f3dica de relat\u00f3rios e comprova\u00e7\u00e3o documental, garantindo efetividade ao provimento jurisdicional.<\/span><\/p>\n<p align=\"justify\"><span style=\"font-family: helvetica, arial, sans-serif;\">\u201cA tutela de urg\u00eancia foi requerida para determinar, desde o in\u00edcio do processo, a atualiza\u00e7\u00e3o de documentos e a apresenta\u00e7\u00e3o imediata de informa\u00e7\u00f5es essenciais como quadro normativo de cargos, provimentos e vac\u00e2ncias, rela\u00e7\u00e3o atualizada de v\u00ednculos e contratos tempor\u00e1rios, e cronograma oficial de concurso, bem como medidas para evitar agravamento do quadro durante a tramita\u00e7\u00e3o, garantindo a utilidade do processo e a efetividade da solu\u00e7\u00e3o final\u201d, conclui Lucas Mascarenhas.<\/span><\/p>\n<p align=\"justify\">\n","protected":false},"excerpt":{"rendered":"<p> [&hellip;]<\/p>\n","protected":false},"author":8,"featured_media":66294,"comment_status":"open","ping_status":"open","sticky":false,"template":"","format":"standard","meta":{"om_disable_all_campaigns":false,"_monsterinsights_skip_tracking":false,"_monsterinsights_sitenote_active":false,"_monsterinsights_sitenote_note":"","_monsterinsights_sitenote_category":0,"_uf_show_specific_survey":0,"_uf_disable_surveys":false,"footnotes":""},"categories":[2],"tags":[],"class_list":["post-66293","post","type-post","status-publish","format-standard","has-post-thumbnail","hentry","category-not_mpal"],"aioseo_notices":[],"_links":{"self":[{"href":"https:\/\/www.mpal.mp.br\/index.php?rest_route=\/wp\/v2\/posts\/66293","targetHints":{"allow":["GET"]}}],"collection":[{"href":"https:\/\/www.mpal.mp.br\/index.php?rest_route=\/wp\/v2\/posts"}],"about":[{"href":"https:\/\/www.mpal.mp.br\/index.php?rest_route=\/wp\/v2\/types\/post"}],"author":[{"embeddable":true,"href":"https:\/\/www.mpal.mp.br\/index.php?rest_route=\/wp\/v2\/users\/8"}],"replies":[{"embeddable":true,"href":"https:\/\/www.mpal.mp.br\/index.php?rest_route=%2Fwp%2Fv2%2Fcomments&post=66293"}],"version-history":[{"count":1,"href":"https:\/\/www.mpal.mp.br\/index.php?rest_route=\/wp\/v2\/posts\/66293\/revisions"}],"predecessor-version":[{"id":66295,"href":"https:\/\/www.mpal.mp.br\/index.php?rest_route=\/wp\/v2\/posts\/66293\/revisions\/66295"}],"wp:featuredmedia":[{"embeddable":true,"href":"https:\/\/www.mpal.mp.br\/index.php?rest_route=\/wp\/v2\/media\/66294"}],"wp:attachment":[{"href":"https:\/\/www.mpal.mp.br\/index.php?rest_route=%2Fwp%2Fv2%2Fmedia&parent=66293"}],"wp:term":[{"taxonomy":"category","embeddable":true,"href":"https:\/\/www.mpal.mp.br\/index.php?rest_route=%2Fwp%2Fv2%2Fcategories&post=66293"},{"taxonomy":"post_tag","embeddable":true,"href":"https:\/\/www.mpal.mp.br\/index.php?rest_route=%2Fwp%2Fv2%2Ftags&post=66293"}],"curies":[{"name":"wp","href":"https:\/\/api.w.org\/{rel}","templated":true}]}}