{"id":66290,"date":"2026-02-03T12:13:42","date_gmt":"2026-02-03T15:13:42","guid":{"rendered":"https:\/\/www.mpal.mp.br\/?p=66290"},"modified":"2026-02-03T12:14:58","modified_gmt":"2026-02-03T15:14:58","slug":"inscricoes-abertas-para-o-concurso-do-mpal-oportunidades-para-niveis-medio-e-superior-com-salarios-de-ate-r-62-mil","status":"publish","type":"post","link":"https:\/\/www.mpal.mp.br\/?p=66290","title":{"rendered":"Inscri\u00e7\u00f5es abertas para o concurso do MPAL: oportunidades para n\u00edveis m\u00e9dio e superior com sal\u00e1rios de at\u00e9 R$ 6,2 mil"},"content":{"rendered":"<p style=\"text-align: justify;\" align=\"justify\"><span style=\"font-family: helvetica, arial, sans-serif; font-size: 12pt;\">O Minist\u00e9rio P\u00fablico do Estado de Alagoas (MPAL) deu in\u00edcio a uma das sele\u00e7\u00f5es p\u00fablicas mais aguardadas pelos concurseiros alagoanos. J\u00e1 est\u00e3o abertas as inscri\u00e7\u00f5es para o concurso p\u00fablico do \u00f3rg\u00e3o, regido pelo Edital n\u00ba 01\/2026, que prev\u00ea o preenchimento de vagas imediatas e a forma\u00e7\u00e3o de cadastro de reserva para cargos do quadro permanente da institui\u00e7\u00e3o.<\/span><\/p>\n<p style=\"text-align: justify;\" align=\"justify\"><span style=\"font-family: helvetica, arial, sans-serif; font-size: 12pt;\">O certame \u00e9 organizado pela Funda\u00e7\u00e3o Carlos Chagas (FCC) e contempla cargos de analista do Minist\u00e9rio P\u00fablico, de n\u00edvel superior, e t\u00e9cnico do Minist\u00e9rio P\u00fablico, de n\u00edvel m\u00e9dio, com jornada de trabalho de 40 horas semanais. A remunera\u00e7\u00e3o inicial pode chegar a R$ 6.243,37, a depender do cargo e da \u00e1rea de atua\u00e7\u00e3o.<\/span><\/p>\n<h3 class=\"western\" style=\"text-align: justify;\" align=\"justify\"><span style=\"font-family: helvetica, arial, sans-serif; font-size: 12pt;\">Inscri\u00e7\u00f5es e prazos<\/span><\/h3>\n<p style=\"text-align: justify;\" align=\"justify\"><span style=\"font-family: helvetica, arial, sans-serif; font-size: 12pt;\">As inscri\u00e7\u00f5es devem ser realizadas pela internet, no site da Funda\u00e7\u00e3o Carlos Chagas, no per\u00edodo compreendido entre 2 de fevereiro de 2026 e 19 de mar\u00e7o de 2026, \u00e0s 23h59 (hor\u00e1rio de Bras\u00edlia), pelo link <\/span><br \/>\n<span style=\"font-family: helvetica, arial, sans-serif; font-size: 12pt;\"><a href=\"https:\/\/www.concursosfcc.com.br\/concursos\/mpeal125\/index.html\">https:\/\/www.concursosfcc.com.br\/concursos\/mpeal125\/index.html<\/a>.<\/span><\/p>\n<p style=\"text-align: justify;\" align=\"justify\"><span style=\"font-family: helvetica, arial, sans-serif; font-size: 12pt;\">As taxas de inscri\u00e7\u00e3o s\u00e3o de R$ 140,00 para os cargos de analista e R$ 120,00 para os cargos de t\u00e9cnico, com possibilidade de isen\u00e7\u00e3o, conforme os crit\u00e9rios previstos em lei e detalhados no edital.<\/span><\/p>\n<h3 class=\"western\" style=\"text-align: justify;\" align=\"justify\"><span style=\"font-family: helvetica, arial, sans-serif; font-size: 12pt;\">Atendimento presencial para candidatos sem acesso \u00e0 internet<\/span><\/h3>\n<p style=\"text-align: justify;\" align=\"justify\"><span style=\"font-family: helvetica, arial, sans-serif; font-size: 12pt;\">Como forma de garantir acesso amplo e igualit\u00e1rio ao concurso, o MPAL disponibilizou um local f\u00edsico com acesso \u00e0 internet para candidatos que n\u00e3o possuem meios pr\u00f3prios para realizar a inscri\u00e7\u00e3o. Os interessados podem procurar o Col\u00e9gio de S\u00e3o Jos\u00e9, localizado na Rua Fernandes de Barros, n\u00ba 161, Centro, em Macei\u00f3, em dias \u00fateis, das 8h \u00e0s 18h.<\/span><\/p>\n<p style=\"text-align: justify;\" align=\"justify\"><span style=\"font-family: helvetica, arial, sans-serif; font-size: 12pt;\">No local, os candidatos poder\u00e3o efetuar a inscri\u00e7\u00e3o dentro do prazo estabelecido, diretamente no sistema da FCC.<\/span><\/p>\n<h3 class=\"western\" style=\"text-align: justify;\" align=\"justify\"><span style=\"font-family: helvetica, arial, sans-serif; font-size: 12pt;\">Cargos de n\u00edvel superior \u2013 Analista do Minist\u00e9rio P\u00fablico<\/span><\/h3>\n<p style=\"text-align: justify;\" align=\"justify\"><span style=\"font-family: helvetica, arial, sans-serif; font-size: 12pt;\">O cargo de analista do Minist\u00e9rio P\u00fablico oferece remunera\u00e7\u00e3o inicial de R$ 6.243,37 e exige forma\u00e7\u00e3o superior espec\u00edfica, conforme a \u00e1rea escolhida. As vagas e o cadastro de reserva abrangem as seguintes \u00e1reas:<\/span><\/p>\n<ul style=\"text-align: justify;\">\n<li>\n<p align=\"justify\"><span style=\"font-family: helvetica, arial, sans-serif; font-size: 12pt;\">\u00c1rea Jur\u00eddica \u2013 destinada a bachar\u00e9is em Direito, sendo a \u00e1rea com maior n\u00famero de vagas previstas;<\/span><\/p>\n<\/li>\n<li>\n<p align=\"justify\"><span style=\"font-family: helvetica, arial, sans-serif; font-size: 12pt;\">Gest\u00e3o P\u00fablica \u2013 para candidatos com curso superior ou tecn\u00f3logo em qualquer \u00e1rea;<\/span><\/p>\n<\/li>\n<li>\n<p align=\"justify\"><span style=\"font-family: helvetica, arial, sans-serif; font-size: 12pt;\">Comunica\u00e7\u00e3o Social;<\/span><\/p>\n<\/li>\n<li>\n<p align=\"justify\"><span style=\"font-family: helvetica, arial, sans-serif; font-size: 12pt;\">Arquivologia \u2013 com gradua\u00e7\u00e3o espec\u00edfica e registro no conselho profissional;<\/span><\/p>\n<\/li>\n<li>\n<p align=\"justify\"><span style=\"font-family: helvetica, arial, sans-serif; font-size: 12pt;\">Assist\u00eancia Social \u2013 com gradua\u00e7\u00e3o e registro no conselho;<\/span><\/p>\n<\/li>\n<li>\n<p align=\"justify\"><span style=\"font-family: helvetica, arial, sans-serif; font-size: 12pt;\">Engenharia Civil \u2013 com registro profissional;<\/span><\/p>\n<\/li>\n<li>\n<p align=\"justify\"><span style=\"font-family: helvetica, arial, sans-serif; font-size: 12pt;\">Engenharia El\u00e9trica;<\/span><\/p>\n<\/li>\n<li>\n<p align=\"justify\"><span style=\"font-family: helvetica, arial, sans-serif; font-size: 12pt;\">Estat\u00edstica;<\/span><\/p>\n<\/li>\n<li>\n<p align=\"justify\"><span style=\"font-family: helvetica, arial, sans-serif; font-size: 12pt;\">Pedagogia;<\/span><\/p>\n<\/li>\n<li>\n<p align=\"justify\"><span style=\"font-family: helvetica, arial, sans-serif; font-size: 12pt;\">Psicologia \u2013 com registro no conselho;<\/span><\/p>\n<\/li>\n<li>\n<p align=\"justify\"><span style=\"font-family: helvetica, arial, sans-serif; font-size: 12pt;\">Tecnologia da Informa\u00e7\u00e3o, incluindo especialidades em administra\u00e7\u00e3o de redes, banco de dados e desenvolvimento de sistemas.<\/span><\/p>\n<\/li>\n<\/ul>\n<p style=\"text-align: justify;\" align=\"justify\"><span style=\"font-family: helvetica, arial, sans-serif; font-size: 12pt;\">Em todas as \u00e1reas, al\u00e9m das vagas imediatas, ser\u00e1 formado cadastro de reserva, possibilitando futuras nomea\u00e7\u00f5es durante o prazo de validade do concurso.<\/span><\/p>\n<h3 class=\"western\" style=\"text-align: justify;\" align=\"justify\"><span style=\"font-family: helvetica, arial, sans-serif; font-size: 12pt;\">Cargos de n\u00edvel m\u00e9dio \u2013 T\u00e9cnico do Minist\u00e9rio P\u00fablico<\/span><\/h3>\n<p style=\"text-align: justify;\" align=\"justify\"><span style=\"font-family: helvetica, arial, sans-serif; font-size: 12pt;\">Para o cargo de t\u00e9cnico do Minist\u00e9rio P\u00fablico, a remunera\u00e7\u00e3o inicial \u00e9 de R$ 3.580,72, sendo exigido certificado de conclus\u00e3o do Ensino M\u00e9dio. As oportunidades s\u00e3o para:<\/span><\/p>\n<ul style=\"text-align: justify;\">\n<li>\n<p align=\"justify\"><span style=\"font-family: helvetica, arial, sans-serif; font-size: 12pt;\">T\u00e9cnico do MP \u2013 \u00c1rea Administrativa;<\/span><\/p>\n<\/li>\n<li>\n<p align=\"justify\"><span style=\"font-family: helvetica, arial, sans-serif; font-size: 12pt;\">T\u00e9cnico do MP \u2013 \u00c1rea de Tecnologia da Informa\u00e7\u00e3o, que exige, al\u00e9m do Ensino M\u00e9dio, curso t\u00e9cnico na \u00e1rea de TI.<\/span><\/p>\n<\/li>\n<\/ul>\n<h3 class=\"western\" style=\"text-align: justify;\" align=\"justify\"><span style=\"font-family: helvetica, arial, sans-serif; font-size: 12pt;\">Quadro de vagas e reservas legais<\/span><\/h3>\n<p style=\"text-align: justify;\" align=\"justify\"><span style=\"font-family: helvetica, arial, sans-serif; font-size: 12pt;\">O edital prev\u00ea vagas para n\u00edveis m\u00e9dio e superior, com destaque para:<\/span><\/p>\n<ul style=\"text-align: justify;\">\n<li>\n<p align=\"justify\"><span style=\"font-family: helvetica, arial, sans-serif; font-size: 12pt;\">Analista do MP \u2013 \u00c1rea Jur\u00eddica: 11 vagas + cadastro de reserva;<\/span><\/p>\n<\/li>\n<li>\n<p align=\"justify\"><span style=\"font-family: helvetica, arial, sans-serif; font-size: 12pt;\">Demais \u00e1reas de analista: 1 vaga + cadastro de reserva, cada;<\/span><\/p>\n<\/li>\n<li>\n<p align=\"justify\"><span style=\"font-family: helvetica, arial, sans-serif; font-size: 12pt;\">T\u00e9cnico do MP \u2013 \u00c1rea Administrativa: 1 vaga + cadastro de reserva;<\/span><\/p>\n<\/li>\n<li>\n<p align=\"justify\"><span style=\"font-family: helvetica, arial, sans-serif; font-size: 12pt;\">T\u00e9cnico do MP \u2013 Tecnologia da Informa\u00e7\u00e3o: 3 vagas + cadastro de reserva.<\/span><\/p>\n<\/li>\n<\/ul>\n<p style=\"text-align: justify;\" align=\"justify\"><span style=\"font-family: helvetica, arial, sans-serif; font-size: 12pt;\">Tamb\u00e9m est\u00e3o asseguradas as reservas legais, conforme a legisla\u00e7\u00e3o estadual vigente:<\/span><\/p>\n<ul style=\"text-align: justify;\">\n<li>\n<p align=\"justify\"><span style=\"font-family: helvetica, arial, sans-serif; font-size: 12pt;\">20% das vagas para pessoas com defici\u00eancia;<\/span><\/p>\n<\/li>\n<li>\n<p align=\"justify\"><span style=\"font-family: helvetica, arial, sans-serif; font-size: 12pt;\">20% para candidatos negros, ind\u00edgenas e quilombolas.<\/span><\/p>\n<\/li>\n<\/ul>\n<p style=\"text-align: justify;\" align=\"justify\"><span style=\"font-family: helvetica, arial, sans-serif; font-size: 12pt;\">O edital ainda garante o uso do nome social por pessoas travestis e transexuais durante todas as etapas do certame.<\/span><\/p>\n<h3 class=\"western\" style=\"text-align: justify;\" align=\"justify\"><span style=\"font-family: helvetica, arial, sans-serif; font-size: 12pt;\">Provas<\/span><\/h3>\n<p style=\"text-align: justify;\" align=\"justify\"><span style=\"font-family: helvetica, arial, sans-serif; font-size: 12pt;\">As provas objetivas est\u00e3o previstas para o dia 17 de maio de 2026, na cidade de Macei\u00f3:<\/span><\/p>\n<ul style=\"text-align: justify;\">\n<li>\n<p align=\"justify\"><span style=\"font-family: helvetica, arial, sans-serif; font-size: 12pt;\">Turno da manh\u00e3: cargos de t\u00e9cnico;<\/span><\/p>\n<\/li>\n<li>\n<p align=\"justify\"><span style=\"font-family: helvetica, arial, sans-serif; font-size: 12pt;\">Turno da tarde: cargos de analista.<\/span><\/p>\n<\/li>\n<\/ul>\n<h3 class=\"western\" style=\"text-align: justify;\" align=\"justify\"><span style=\"font-family: helvetica, arial, sans-serif; font-size: 12pt;\">Fortalecimento institucional<\/span><\/h3>\n<p style=\"text-align: justify;\" align=\"justify\"><span style=\"font-family: helvetica, arial, sans-serif; font-size: 12pt;\">Para o procurador-geral de Justi\u00e7a, Lean Ara\u00fajo, a realiza\u00e7\u00e3o do concurso representa um passo estrat\u00e9gico para o fortalecimento do Minist\u00e9rio P\u00fablico alagoano: \u201cA realiza\u00e7\u00e3o deste concurso p\u00fablico \u00e9 uma forma do Minist\u00e9rio P\u00fablico de Alagoas comprovar o seu compromisso com o fortalecimento de sua atua\u00e7\u00e3o institucional, a valoriza\u00e7\u00e3o do servi\u00e7o p\u00fablico e a amplia\u00e7\u00e3o da capacidade t\u00e9cnica e administrativa da institui\u00e7\u00e3o, refletindo diretamente na melhoria dos servi\u00e7os prestados \u00e0 sociedade\u201d, destacou o chefe do MPAL.<\/span><\/p>\n<p style=\"text-align: justify;\" align=\"justify\"><span style=\"font-family: helvetica, arial, sans-serif; font-size: 12pt;\">O edital completo, com todas as informa\u00e7\u00f5es sobre cargos, conte\u00fado program\u00e1tico, cronograma e regras do concurso, est\u00e1 dispon\u00edvel no <a href=\"https:\/\/www.mpal.mp.br\/wp-content\/uploads\/2026\/01\/Edital-MPEAL-2026.pdf\">Di\u00e1rio Oficial Eletr\u00f4nico<\/a> do MPAL do dia 23 de janeiro de 2026 e no site da Funda\u00e7\u00e3o Carlos Chagas.<\/span><\/p>\n","protected":false},"excerpt":{"rendered":"<p> [&hellip;]<\/p>\n","protected":false},"author":17,"featured_media":18495,"comment_status":"open","ping_status":"open","sticky":false,"template":"","format":"standard","meta":{"om_disable_all_campaigns":false,"_monsterinsights_skip_tracking":false,"_monsterinsights_sitenote_active":false,"_monsterinsights_sitenote_note":"","_monsterinsights_sitenote_category":0,"_uf_show_specific_survey":0,"_uf_disable_surveys":false,"footnotes":""},"categories":[2],"tags":[],"class_list":["post-66290","post","type-post","status-publish","format-standard","has-post-thumbnail","hentry","category-not_mpal"],"aioseo_notices":[],"_links":{"self":[{"href":"https:\/\/www.mpal.mp.br\/index.php?rest_route=\/wp\/v2\/posts\/66290","targetHints":{"allow":["GET"]}}],"collection":[{"href":"https:\/\/www.mpal.mp.br\/index.php?rest_route=\/wp\/v2\/posts"}],"about":[{"href":"https:\/\/www.mpal.mp.br\/index.php?rest_route=\/wp\/v2\/types\/post"}],"author":[{"embeddable":true,"href":"https:\/\/www.mpal.mp.br\/index.php?rest_route=\/wp\/v2\/users\/17"}],"replies":[{"embeddable":true,"href":"https:\/\/www.mpal.mp.br\/index.php?rest_route=%2Fwp%2Fv2%2Fcomments&post=66290"}],"version-history":[{"count":2,"href":"https:\/\/www.mpal.mp.br\/index.php?rest_route=\/wp\/v2\/posts\/66290\/revisions"}],"predecessor-version":[{"id":66292,"href":"https:\/\/www.mpal.mp.br\/index.php?rest_route=\/wp\/v2\/posts\/66290\/revisions\/66292"}],"wp:featuredmedia":[{"embeddable":true,"href":"https:\/\/www.mpal.mp.br\/index.php?rest_route=\/wp\/v2\/media\/18495"}],"wp:attachment":[{"href":"https:\/\/www.mpal.mp.br\/index.php?rest_route=%2Fwp%2Fv2%2Fmedia&parent=66290"}],"wp:term":[{"taxonomy":"category","embeddable":true,"href":"https:\/\/www.mpal.mp.br\/index.php?rest_route=%2Fwp%2Fv2%2Fcategories&post=66290"},{"taxonomy":"post_tag","embeddable":true,"href":"https:\/\/www.mpal.mp.br\/index.php?rest_route=%2Fwp%2Fv2%2Ftags&post=66290"}],"curies":[{"name":"wp","href":"https:\/\/api.w.org\/{rel}","templated":true}]}}