{"id":66283,"date":"2026-02-03T11:07:25","date_gmt":"2026-02-03T14:07:25","guid":{"rendered":"https:\/\/www.mpal.mp.br\/?p=66283"},"modified":"2026-02-03T12:07:02","modified_gmt":"2026-02-03T15:07:02","slug":"em-delmiro-com-provas-incontestaveis-mpal-enfrenta-defesa-com-sete-representantes-e-leva-a-condenacao-assassino-de-mulher-que-arranhou-seu-carro","status":"publish","type":"post","link":"https:\/\/www.mpal.mp.br\/?p=66283","title":{"rendered":"Em Delmiro: Com provas incontest\u00e1veis, MPAL enfrenta defesa com sete representantes e leva \u00e0 condena\u00e7\u00e3o assassino de mulher que arranhou seu carro"},"content":{"rendered":"<div class=\"fusion-fullwidth fullwidth-box fusion-builder-row-1 nonhundred-percent-fullwidth non-hundred-percent-height-scrolling\"  style='background-color: #ffffff;background-position: center center;background-repeat: no-repeat;padding-top:0px;padding-right:0px;padding-bottom:0px;padding-left:0px;'><div class=\"fusion-builder-row fusion-row \"><div  class=\"fusion-layout-column fusion_builder_column fusion_builder_column_1_1 fusion-builder-column-1 fusion-one-full fusion-column-first fusion-column-last 1_1\"  style='margin-top:0px;margin-bottom:0px;'>\n\t\t\t\t\t<div class=\"fusion-column-wrapper\" style=\"padding: 0px 0px 0px 0px;background-position:left top;background-repeat:no-repeat;-webkit-background-size:cover;-moz-background-size:cover;-o-background-size:cover;background-size:cover;\"   data-bg-url=\"\">\n\t\t\t\t\t\t<div class=\"fusion-text\"><p class=\"western\" align=\"justify\"><span style=\"font-family: helvetica, arial, sans-serif; font-size: 12pt;\">O Minist\u00e9rio P\u00fablico de Alagoas (MPAL) \u00e9 guardi\u00e3o da cidadania, respons\u00e1vel pela garantia dos direitos atua como protetor no enfrentamento \u00e0s v\u00e1rias formas de viol\u00eancia. No entanto, defender a vida \u00e9 a sua maior miss\u00e3o. Raz\u00e3o pela qual, no Tribunal do J\u00fari, em suas sustenta\u00e7\u00f5es, busca a concre\u00e7\u00e3o da justi\u00e7a, em mem\u00f3ria das v\u00edtimas e em respeito \u00e0s fam\u00edlias que muitas vezes passam d\u00e9cadas \u00e0 sua espera. Nesse formato, em Delmiro Gouveia, diante de uma defesa formada por sete advogados, convenceu da barb\u00e1rie praticada contra Rosineide Maria da Concei\u00e7\u00e3o Souza, 48 anos, portadora de transtornos psiqui\u00e1tricos, paciente do <span style=\"color: #212529;\">Centro de Aten\u00e7\u00e3o Psicossocial (Caps)<\/span> brutalmente assassinada pelo vizinho que a matou com 9 tiros, ap\u00f3s a mesma, em surto, ter arranhado o seu carro. O crime ocorreu em mar\u00e7o de 2025. O assassino, D. O. S. foi condenado a 14 anos de pris\u00e3o. O Minist\u00e9rio P\u00fablico recorrer\u00e1 da dosimetria da pena.<\/span><\/p>\n<p class=\"western\" align=\"justify\"><span style=\"font-family: helvetica, arial, sans-serif; font-size: 12pt;\">O juri n\u00e3o foi f\u00e1cil, mas a atua\u00e7\u00e3o do MPAL, munido de provas incontest\u00e1veis, levou o conselho de senten\u00e7a a reconhecer a crueldade cometida contra Rosineide Maria, surpreendida na cal\u00e7ada, \u00e0s 3h30, sem qualquer chance para defesa, um crime planejado, j\u00e1 que o autor, ao v\u00ea-la em estado de vulnerabilidade, foi em casa, pegou a arma e j\u00e1 chegou atirando. <\/span><\/p>\n<p class=\"western\" align=\"justify\"><span style=\"font-family: helvetica, arial, sans-serif; font-size: 12pt;\">\u201cFomos ao j\u00fari sustentar que o crime foi cometido com frieza, com recursos que impossibilitou a defesa da v\u00edtima, por um motivo f\u00fatil. A v\u00edtima tinha problemas psiqui\u00e1tricos, o filho j\u00e1 havia se comprometido em arcar com as despesas em rela\u00e7\u00e3o aos danos no ve\u00edculo, mas, mesmo assim, por mero dano est\u00e9tico, o r\u00e9u manteve o seu desejo de vingan\u00e7a e, friamente, como demonstram as imagens capturadas pela c\u00e2mera, a executa com oito disparos. O Minist\u00e9rio P\u00fablico nada mais fez do que cumprir o seu papel em defesa do maior e mais fundamental direito do cidad\u00e3o, que \u00e9 a vida. Essa ser\u00e1 sempre a sua postura, a condena\u00e7\u00e3o foi sin\u00f4nimo de justi\u00e7a\u201d, afirma o promotor de Justi\u00e7a Paulo Henrique Prado, representante do MPAL no j\u00fari.<\/span><\/p>\n<p class=\"western\" align=\"justify\"><span style=\"font-family: helvetica, arial, sans-serif; font-size: 12pt;\">O Promotor de Justi\u00e7a lembra que a data do julgamento foi simb\u00f3lico: o correu no dia em que, na segunda guerra mundial, fora libertado o campo de concentra\u00e7\u00e3o de Auschwitz, local onde barb\u00e1ries contra minorias, inclusive contra pessoas com defici\u00eancias f\u00edsica e intelectual foram cometidos em nome de uma pseudo superioridade.<\/span><\/p>\n<p class=\"western\" align=\"justify\"><span style=\"font-family: helvetica, arial, sans-serif; font-size: 12pt;\">\u201cCada Julgamento que reafirma o valor absoluto da vida humana, especialmente a vida dos mais vulner\u00e1veis, \u00e9 um ato de resist\u00eancia a todas as formas de barb\u00e1rie. \u00c9 a Justi\u00e7a dizendo, de forma clara, que a dignidade n\u00e3o \u00e9 negoci\u00e1vel e que nenhuma condi\u00e7\u00e3o f\u00edscia, intelectual ou social retira de algu\u00e9m o direito de existir e de ser protegido\u201d, afirma Paulo Henrique Prado. <\/span><\/p>\n<p class=\"western\" align=\"justify\"><span style=\"font-family: helvetica, arial, sans-serif; font-size: 12pt;\"><strong>O caso<\/strong><\/span><\/p>\n<p class=\"western\" align=\"justify\"><span style=\"color: #212529; font-family: helvetica, arial, sans-serif; font-size: 12pt;\">No dia 22 de mar\u00e7o de 2025, durante surto psic\u00f3tico, Rosineide Maria da Concei\u00e7\u00e3o Souza, de 48 anos, teria pego uma pedra e arranhado o ve\u00edculo Celta, de cor vermelha, de propriedade do assassino. Por\u00e9m tomando conhecimento da atitude da genitora, o filho de Rosineide prometera arcar com os reparos no carro, certo de que nada aconteceria com ela. <\/span><\/p>\n<p class=\"western\" align=\"justify\"><span style=\"color: #212529; font-family: helvetica, arial, sans-serif; font-size: 12pt;\">Na madrugada, o homem passou pelo local, viu que a mulher passando pela cal\u00e7ada, alvo f\u00e1cil, armado, numa aparente tranquilidade, j\u00e1 efetuando os disparos. Rosineide foi assassinado com nove tiros \u00e0 queima-roupa.<\/span><\/p>\n<p class=\"western\" align=\"justify\"><span style=\"font-family: helvetica, arial, sans-serif; font-size: 12pt;\">Ap\u00f3s o assassinato, o autor empreendeu fuga com toda a fam\u00edlia, no mesmo ve\u00edculo, para o estado de Minas Gerais, sendo capturado em 3 de junho, numa grande mobiliza\u00e7\u00e3o que envolveu as pol\u00edcias civis de Alagoas e daquele estado.<\/span><\/p>\n<\/div><style type=\"text\/css\">.fusion-gallery-1 .fusion-gallery-image {border:0px solid #f6f6f6;-webkit-border-radius:5px;-moz-border-radius:5px;border-radius:5px;}<\/style><div class=\"fusion-gallery fusion-gallery-container fusion-grid-3 fusion-columns-total-0 fusion-gallery-layout-grid fusion-gallery-1\" style=\"margin:-5px;\"><div style=\"padding:5px;\" class=\"fusion-grid-column fusion-gallery-column fusion-gallery-column-3 hover-type-none\"><div class=\"fusion-gallery-image\"><a href=\"https:\/\/www.mpal.mp.br\/wp-content\/uploads\/2026\/02\/dr-paulo-juri.jpeg\" rel=\"noreferrer\" data-rel=\"iLightbox[gallery_image_1]\" class=\"fusion-lightbox\" target=\"_self\"><img loading=\"lazy\" decoding=\"async\" src=\"https:\/\/www.mpal.mp.br\/wp-content\/uploads\/2026\/02\/dr-paulo-juri.jpeg\" width=\"738\" height=\"415\" alt=\"\" title=\"dr paulo juri\" aria-label=\"dr paulo juri\" class=\"img-responsive wp-image-66285\" \/><\/a><\/div><\/div><div style=\"padding:5px;\" class=\"fusion-grid-column fusion-gallery-column fusion-gallery-column-3 hover-type-none\"><div class=\"fusion-gallery-image\"><a href=\"https:\/\/www.mpal.mp.br\/wp-content\/uploads\/2026\/02\/dr-paulo-juri-2.jpeg\" rel=\"noreferrer\" data-rel=\"iLightbox[gallery_image_1]\" class=\"fusion-lightbox\" target=\"_self\"><img loading=\"lazy\" decoding=\"async\" src=\"https:\/\/www.mpal.mp.br\/wp-content\/uploads\/2026\/02\/dr-paulo-juri-2.jpeg\" width=\"738\" height=\"415\" alt=\"\" title=\"dr paulo juri 2\" aria-label=\"dr paulo juri 2\" class=\"img-responsive wp-image-66284\" \/><\/a><\/div><\/div><\/div><div class=\"fusion-clearfix\"><\/div>\n\n\t\t\t\t\t<\/div>\n\t\t\t\t<\/div><\/div><\/div>\n","protected":false},"excerpt":{"rendered":"","protected":false},"author":8,"featured_media":66284,"comment_status":"open","ping_status":"open","sticky":false,"template":"","format":"standard","meta":{"om_disable_all_campaigns":false,"_monsterinsights_skip_tracking":false,"_monsterinsights_sitenote_active":false,"_monsterinsights_sitenote_note":"","_monsterinsights_sitenote_category":0,"_uf_show_specific_survey":0,"_uf_disable_surveys":false,"footnotes":""},"categories":[2],"tags":[],"class_list":["post-66283","post","type-post","status-publish","format-standard","has-post-thumbnail","hentry","category-not_mpal"],"aioseo_notices":[],"_links":{"self":[{"href":"https:\/\/www.mpal.mp.br\/index.php?rest_route=\/wp\/v2\/posts\/66283","targetHints":{"allow":["GET"]}}],"collection":[{"href":"https:\/\/www.mpal.mp.br\/index.php?rest_route=\/wp\/v2\/posts"}],"about":[{"href":"https:\/\/www.mpal.mp.br\/index.php?rest_route=\/wp\/v2\/types\/post"}],"author":[{"embeddable":true,"href":"https:\/\/www.mpal.mp.br\/index.php?rest_route=\/wp\/v2\/users\/8"}],"replies":[{"embeddable":true,"href":"https:\/\/www.mpal.mp.br\/index.php?rest_route=%2Fwp%2Fv2%2Fcomments&post=66283"}],"version-history":[{"count":3,"href":"https:\/\/www.mpal.mp.br\/index.php?rest_route=\/wp\/v2\/posts\/66283\/revisions"}],"predecessor-version":[{"id":66289,"href":"https:\/\/www.mpal.mp.br\/index.php?rest_route=\/wp\/v2\/posts\/66283\/revisions\/66289"}],"wp:featuredmedia":[{"embeddable":true,"href":"https:\/\/www.mpal.mp.br\/index.php?rest_route=\/wp\/v2\/media\/66284"}],"wp:attachment":[{"href":"https:\/\/www.mpal.mp.br\/index.php?rest_route=%2Fwp%2Fv2%2Fmedia&parent=66283"}],"wp:term":[{"taxonomy":"category","embeddable":true,"href":"https:\/\/www.mpal.mp.br\/index.php?rest_route=%2Fwp%2Fv2%2Fcategories&post=66283"},{"taxonomy":"post_tag","embeddable":true,"href":"https:\/\/www.mpal.mp.br\/index.php?rest_route=%2Fwp%2Fv2%2Ftags&post=66283"}],"curies":[{"name":"wp","href":"https:\/\/api.w.org\/{rel}","templated":true}]}}