{"id":66278,"date":"2026-02-03T15:16:36","date_gmt":"2026-02-03T18:16:36","guid":{"rendered":"https:\/\/www.mpal.mp.br\/?p=66278"},"modified":"2026-02-03T16:38:27","modified_gmt":"2026-02-03T19:38:27","slug":"sofrimento-prolongado-e-morte-mpal-leva-a-justica-dois-casos-extremos-de-maus-tratos","status":"publish","type":"post","link":"https:\/\/www.mpal.mp.br\/?p=66278","title":{"rendered":"Sofrimento prolongado e morte: MPAL leva \u00e0 Justi\u00e7a dois casos extremos de maus-tratos"},"content":{"rendered":"<p style=\"text-align: justify;\" align=\"justify\"><span style=\"font-family: helvetica, arial, sans-serif; font-size: 12pt;\">Eles chegaram buscando socorro. Encontraram dor, abandono e sil\u00eancio. Animais fr\u00e1geis e incapazes de se defender foram submetidos a sofrimento extremo, neglig\u00eancia deliberada e pr\u00e1ticas que ferem n\u00e3o apenas a lei, mas a pr\u00f3pria ideia de humanidade. Como casos assim n\u00e3o s\u00e3o acidentes, o Minist\u00e9rio P\u00fablico do Estado de Alagoas (MPAL) decidiu agir, denunciando dois homens que acumulam hist\u00f3ricos de maus tratos que, inclusive, terminaram com a morte de um animal.\u00a0<\/span><\/p>\n<p style=\"text-align: justify;\" align=\"justify\"><span style=\"font-family: helvetica, arial, sans-serif; font-size: 12pt;\">As a\u00e7\u00f5es penais, de iniciativa das Promotorias de Justi\u00e7a Criminais da Capital, com atribui\u00e7\u00e3o residual, tiveram como r\u00e9us as mesmas pessoas. Apesar de serem den\u00fancias criminais distintas, ambas sob segredo de Justi\u00e7a, elas envolvem os mesmos crimes graves de maus-tratos contra animais, alguns com resultado de les\u00f5es permanentes e at\u00e9 morte, praticados em contexto de atendimento veterin\u00e1rio irregular e clandestino.<\/span><\/p>\n<p style=\"text-align: justify;\" align=\"justify\"><strong><span style=\"font-family: helvetica, arial, sans-serif; font-size: 12pt;\">Sofrimento prolongado, dor evit\u00e1vel<\/span><\/strong><\/p>\n<p style=\"text-align: justify;\" align=\"justify\"><span style=\"font-family: helvetica, arial, sans-serif; font-size: 12pt;\">De acordo com as den\u00fancias, os animais foram submetidos a procedimentos sem estrutura m\u00ednima, sem condi\u00e7\u00f5es sanit\u00e1rias adequadas, privados de cuidados b\u00e1sicos como \u00e1gua, alimenta\u00e7\u00e3o, medica\u00e7\u00e3o e analgesia. Em um dos casos, a conduta resultou em defici\u00eancia permanente; em outro, ap\u00f3s dias de sofrimento, o animal n\u00e3o resistiu e morreu. Conforme a investiga\u00e7\u00e3o do MPAL, n\u00e3o se tratou de um erro t\u00e9cnico isolado, mas de um modo de agir reiterado, marcado pela neglig\u00eancia, pela explora\u00e7\u00e3o financeira dos tutores e pelo desprezo \u00e0 vida animal.<\/span><\/p>\n<p style=\"text-align: justify;\" align=\"justify\"><strong><span style=\"font-family: helvetica, arial, sans-serif; font-size: 12pt;\">Cl\u00ednica clandestina e risco coletivo<\/span><\/strong><\/p>\n<p style=\"text-align: justify;\" align=\"justify\"><span style=\"font-family: helvetica, arial, sans-serif; font-size: 12pt;\">As investiga\u00e7\u00f5es apontaram que os fatos ocorreram em ambiente sem autoriza\u00e7\u00e3o dos \u00f3rg\u00e3os competentes, com fortes ind\u00edcios de funcionamento clandestino, aus\u00eancia de registros profissionais regulares e viola\u00e7\u00e3o sistem\u00e1tica das normas que regem o exerc\u00edcio da Medicina Veterin\u00e1ria. Al\u00e9m do sofrimento imposto aos animais, o Minist\u00e9rio P\u00fablico destacou o risco sanit\u00e1rio \u00e0 coletividade, a fraude contra consumidores e a poss\u00edvel pr\u00e1tica de outros crimes correlatos, como estelionato e il\u00edcitos contra a sa\u00fade p\u00fablica.<\/span><\/p>\n<p style=\"text-align: justify;\" align=\"justify\"><strong><span style=\"font-family: helvetica, arial, sans-serif; font-size: 12pt;\">Medidas firmes para cessar a crueldade<\/span><\/strong><\/p>\n<p style=\"text-align: justify;\" align=\"justify\"><span style=\"font-family: helvetica, arial, sans-serif; font-size: 12pt;\">Diante da gravidade dos fatos, o Minist\u00e9rio P\u00fablico n\u00e3o apenas ofereceu as den\u00fancias, como tamb\u00e9m requereu medidas cautelares rigorosas, incluindo busca e apreens\u00e3o, coleta de documentos e equipamentos, acesso a dados digitais e, quando necess\u00e1rio, a retirada imediata de animais em situa\u00e7\u00e3o de risco, para interromper a continuidade das pr\u00e1ticas criminosas e preservar provas.<\/span><\/p>\n<p style=\"text-align: justify;\" align=\"justify\"><strong><span style=\"font-family: helvetica, arial, sans-serif; font-size: 12pt;\">Defesa da vida, sem relativiza\u00e7\u00f5es<\/span><\/strong><\/p>\n<p style=\"text-align: justify;\" align=\"justify\"><span style=\"font-family: helvetica, arial, sans-serif; font-size: 12pt;\">Por estarem sob sigilo judicial, os nomes dos acusados n\u00e3o podem ser divulgados. O MPAL refor\u00e7a que a pr\u00e1tica \u00e9 criminosa, envolve maus-tratos a animais e n\u00e3o deixar\u00e1 que os acusados fiquem impunes, uma vez que cada ato de crueldade representa uma viola\u00e7\u00e3o \u00e9tica profunda e um crime ambiental grave, que exige resposta firme do sistema de Justi\u00e7a.<\/span><\/p>\n","protected":false},"excerpt":{"rendered":"<p> [&hellip;]<\/p>\n","protected":false},"author":17,"featured_media":54548,"comment_status":"open","ping_status":"open","sticky":false,"template":"","format":"standard","meta":{"om_disable_all_campaigns":false,"_monsterinsights_skip_tracking":false,"_monsterinsights_sitenote_active":false,"_monsterinsights_sitenote_note":"","_monsterinsights_sitenote_category":0,"_uf_show_specific_survey":0,"_uf_disable_surveys":false,"footnotes":""},"categories":[2],"tags":[],"class_list":["post-66278","post","type-post","status-publish","format-standard","has-post-thumbnail","hentry","category-not_mpal"],"aioseo_notices":[],"_links":{"self":[{"href":"https:\/\/www.mpal.mp.br\/index.php?rest_route=\/wp\/v2\/posts\/66278","targetHints":{"allow":["GET"]}}],"collection":[{"href":"https:\/\/www.mpal.mp.br\/index.php?rest_route=\/wp\/v2\/posts"}],"about":[{"href":"https:\/\/www.mpal.mp.br\/index.php?rest_route=\/wp\/v2\/types\/post"}],"author":[{"embeddable":true,"href":"https:\/\/www.mpal.mp.br\/index.php?rest_route=\/wp\/v2\/users\/17"}],"replies":[{"embeddable":true,"href":"https:\/\/www.mpal.mp.br\/index.php?rest_route=%2Fwp%2Fv2%2Fcomments&post=66278"}],"version-history":[{"count":7,"href":"https:\/\/www.mpal.mp.br\/index.php?rest_route=\/wp\/v2\/posts\/66278\/revisions"}],"predecessor-version":[{"id":66302,"href":"https:\/\/www.mpal.mp.br\/index.php?rest_route=\/wp\/v2\/posts\/66278\/revisions\/66302"}],"wp:featuredmedia":[{"embeddable":true,"href":"https:\/\/www.mpal.mp.br\/index.php?rest_route=\/wp\/v2\/media\/54548"}],"wp:attachment":[{"href":"https:\/\/www.mpal.mp.br\/index.php?rest_route=%2Fwp%2Fv2%2Fmedia&parent=66278"}],"wp:term":[{"taxonomy":"category","embeddable":true,"href":"https:\/\/www.mpal.mp.br\/index.php?rest_route=%2Fwp%2Fv2%2Fcategories&post=66278"},{"taxonomy":"post_tag","embeddable":true,"href":"https:\/\/www.mpal.mp.br\/index.php?rest_route=%2Fwp%2Fv2%2Ftags&post=66278"}],"curies":[{"name":"wp","href":"https:\/\/api.w.org\/{rel}","templated":true}]}}