{"id":6625,"date":"2022-05-26T12:44:58","date_gmt":"2022-05-26T15:44:58","guid":{"rendered":"https:\/\/www.mpal.mp.br\/?p=6625"},"modified":"2022-05-26T12:45:03","modified_gmt":"2022-05-26T15:45:03","slug":"mpal-celebra-tac-para-regularizacao-de-servicos-de-hemodialise-do-hospital-chama-em-arapiraca","status":"publish","type":"post","link":"https:\/\/www.mpal.mp.br\/?p=6625","title":{"rendered":"MPAL celebra TAC para regulariza\u00e7\u00e3o de servi\u00e7os de hemodi\u00e1lise do Hospital Chama, em Arapiraca"},"content":{"rendered":"<p style=\"text-align: justify;\" align=\"justify\" data-raofz=\"14\"><span style=\"font-size: 14pt;\" data-raofz=\"14\">O Minist\u00e9rio P\u00fablico do Estado de Alagoas, pro meio da\u00a0<span lang=\"pt-BR\" data-raofz=\"13\">11<\/span><span lang=\"pt-BR\" data-raofz=\"13\">\u00aa<\/span><span lang=\"pt-BR\" data-raofz=\"13\">\u00a0Promotoria\u00a0<\/span><span lang=\"pt-BR\" data-raofz=\"13\">d<\/span><span lang=\"pt-BR\" data-raofz=\"13\">e Justi\u00e7a de A<\/span><span lang=\"pt-BR\" data-raofz=\"13\">rapiraca,\u00a0<\/span>celebrou um\u00a0<span lang=\"pt-BR\" data-raofz=\"13\">termo de compromisso de ajustamento de conduta\u00a0<\/span><span lang=\"pt-BR\" data-raofz=\"13\">(TAC)\u00a0<\/span><span lang=\"pt-BR\" data-raofz=\"13\">com o\u00a0<\/span><span lang=\"pt-BR\" data-raofz=\"13\">Hospital CHAMA \u2013 Centro Hospitalar Manoel Andr\u00e9,\u00a0<\/span><span lang=\"pt-BR\" data-raofz=\"13\">situado em Arapiraca,\u00a0<\/span><span lang=\"pt-BR\" data-raofz=\"13\">com\u00a0<\/span><span lang=\"pt-BR\" data-raofz=\"13\">o\u00a0<\/span>objetivo de regularizar alguns problemas detectados no N\u00facleo de Hemodi\u00e1lise daquela unidade de sa\u00fade. O hospital ter\u00e1 15 dias para fazer os reparos necess\u00e1rios e contratar novos t\u00e9cnicos de enfermagem.<\/span><\/p>\n<p style=\"text-align: justify;\" align=\"justify\" data-raofz=\"14\"><span style=\"font-size: 14pt;\" data-raofz=\"13\">De acordo com o promotor de Justi\u00e7a Cl\u00e1udio Teles, da\u00a0<span lang=\"pt-BR\" data-raofz=\"13\">11<\/span><span lang=\"pt-BR\" data-raofz=\"13\">\u00aa<\/span><span lang=\"pt-BR\" data-raofz=\"13\">\u00a0PJ, d<\/span>entro do que ficou acordado, o Hospital Chama est\u00e1 obrigado, dentro de 15 dias, a resolver todos os problemas encontrados\u00a0na sala destinada ao N\u00facleo de Hemodi\u00e1lise. Al\u00e9m disso, nesse mesmo per\u00edodo de tempo, ele dever\u00e1 promover a contrata\u00e7\u00e3o de t\u00e9cnicos de Enfermagem, na propor\u00e7\u00e3o de um profissional para cada quatro m\u00e1quinas de hemodi\u00e1lise.<\/span><\/p>\n<p style=\"text-align: justify;\" align=\"justify\" data-raofz=\"14\"><span style=\"font-size: 14pt;\" data-raofz=\"13\">A unidade de sa\u00fade tamb\u00e9m ter\u00e1 que atualizar o n\u00famero de m\u00e1quinas perante o Cadastro Nacional de Estabelecimentos de Sa\u00fade \u2013 CNES, a partir desta quinta-feira (26).<\/span><\/p>\n<p style=\"text-align: justify;\" align=\"justify\" data-raofz=\"14\"><span style=\"font-size: 14pt;\" data-raofz=\"13\">Por fim, o Chama ainda ter\u00e1 a obriga\u00e7\u00e3o de proceder com as devidas comunica\u00e7\u00f5es ao gestor p\u00fablico municipal, quando da ocorr\u00eancia de car\u00eancia das medica\u00e7\u00f5es fornecidas pelo Estado. \u201cEsse acordo visa oferecer melhor qualidade de vida aos mais de 500 pacientes que recebem tratamento naquela unidade hospitalar\u201d, destacou Cl\u00e1udio Teles.\u00a0\u00a0<\/span><\/p>\n<p lang=\"pt-BR\" style=\"text-align: justify;\" align=\"justify\" data-raofz=\"14\"><span style=\"font-size: 14pt;\" data-raofz=\"13\">Tamb\u00e9m assinaram o TAC, que foi fruto da not\u00edcia de fato n\u00b0 01.2022.00001509-7, S\u00f4nia Maria Palmeira Magalh\u00e3es, administradora do Chama, Edimilson Rodrigues do Nascimento, advogado do hospital, e S\u00e9rgio Paulo Caldas Newton, Secret\u00e1rio adjunto de Sa\u00fade de Arapiraca.<\/span><\/p>\n<p lang=\"pt-BR\" style=\"text-align: justify;\" align=\"justify\" data-raofz=\"14\"><span style=\"font-size: 14pt;\" data-raofz=\"14\"><strong>Multa prevista<\/strong><\/span><\/p>\n<p style=\"text-align: justify;\" align=\"justify\" data-raofz=\"14\"><span style=\"font-size: 14pt;\" data-raofz=\"13\">Caso o Hospital Chama descumpra total ou parcialmente o TAC, dentro dessas condi\u00e7\u00f5es e prazos consensualmente estipulados, est\u00e1 prevista a aplica\u00e7\u00e3o de uma multa R$ 10.000,00 (dez mil reais) por cl\u00e1usula desrespeitada.<\/span><\/p>\n<p lang=\"pt-BR\" style=\"text-align: justify;\" align=\"justify\" data-raofz=\"14\"><span style=\"font-size: 14pt;\" data-raofz=\"13\">E, caso a penalidade seja aplicada, ela ser\u00e1 acrescida de juros e corre\u00e7\u00e3o monet\u00e1ria, at\u00e9 que seja cumprida totalmente a obriga\u00e7\u00e3o. O valor dever\u00e1 ser revertido ao Fundo Municipal de Sa\u00fade de Arapiraca.<\/span><\/p>\n<p lang=\"pt-BR\" style=\"text-align: justify;\" align=\"justify\" data-raofz=\"14\"><span style=\"font-size: 14pt;\" data-raofz=\"13\">Outra san\u00e7\u00e3o que poder\u00e1 ser aplicada em caso de descumprimento do termo de ajustamento de conduta \u00e9 a propositura de a\u00e7\u00e3o de execu\u00e7\u00e3o das obriga\u00e7\u00f5es de fazer e n\u00e3o fazer, sem preju\u00edzo de outras pertinentes a\u00e7\u00f5es de responsabiliza\u00e7\u00e3o.<\/span><\/p>\n","protected":false},"excerpt":{"rendered":"<p> [&hellip;]<\/p>\n","protected":false},"author":2,"featured_media":6626,"comment_status":"open","ping_status":"open","sticky":false,"template":"","format":"standard","meta":{"om_disable_all_campaigns":false,"_monsterinsights_skip_tracking":false,"_monsterinsights_sitenote_active":false,"_monsterinsights_sitenote_note":"","_monsterinsights_sitenote_category":0,"_uf_show_specific_survey":0,"_uf_disable_surveys":false,"footnotes":""},"categories":[2],"tags":[],"class_list":["post-6625","post","type-post","status-publish","format-standard","has-post-thumbnail","hentry","category-not_mpal"],"aioseo_notices":[],"_links":{"self":[{"href":"https:\/\/www.mpal.mp.br\/index.php?rest_route=\/wp\/v2\/posts\/6625","targetHints":{"allow":["GET"]}}],"collection":[{"href":"https:\/\/www.mpal.mp.br\/index.php?rest_route=\/wp\/v2\/posts"}],"about":[{"href":"https:\/\/www.mpal.mp.br\/index.php?rest_route=\/wp\/v2\/types\/post"}],"author":[{"embeddable":true,"href":"https:\/\/www.mpal.mp.br\/index.php?rest_route=\/wp\/v2\/users\/2"}],"replies":[{"embeddable":true,"href":"https:\/\/www.mpal.mp.br\/index.php?rest_route=%2Fwp%2Fv2%2Fcomments&post=6625"}],"version-history":[{"count":1,"href":"https:\/\/www.mpal.mp.br\/index.php?rest_route=\/wp\/v2\/posts\/6625\/revisions"}],"predecessor-version":[{"id":6627,"href":"https:\/\/www.mpal.mp.br\/index.php?rest_route=\/wp\/v2\/posts\/6625\/revisions\/6627"}],"wp:featuredmedia":[{"embeddable":true,"href":"https:\/\/www.mpal.mp.br\/index.php?rest_route=\/wp\/v2\/media\/6626"}],"wp:attachment":[{"href":"https:\/\/www.mpal.mp.br\/index.php?rest_route=%2Fwp%2Fv2%2Fmedia&parent=6625"}],"wp:term":[{"taxonomy":"category","embeddable":true,"href":"https:\/\/www.mpal.mp.br\/index.php?rest_route=%2Fwp%2Fv2%2Fcategories&post=6625"},{"taxonomy":"post_tag","embeddable":true,"href":"https:\/\/www.mpal.mp.br\/index.php?rest_route=%2Fwp%2Fv2%2Ftags&post=6625"}],"curies":[{"name":"wp","href":"https:\/\/api.w.org\/{rel}","templated":true}]}}