{"id":66207,"date":"2026-02-02T10:56:29","date_gmt":"2026-02-02T13:56:29","guid":{"rendered":"https:\/\/www.mpal.mp.br\/?p=66207"},"modified":"2026-02-02T10:56:29","modified_gmt":"2026-02-02T13:56:29","slug":"coordenacao-do-navid-se-reune-com-cupula-da-pcal-para-reafirmar-parcerias-e-confirmar-termo-de-cooperacao-com-a-ssp","status":"publish","type":"post","link":"https:\/\/www.mpal.mp.br\/?p=66207","title":{"rendered":"Coordena\u00e7\u00e3o do Navid se re\u00fane com c\u00fapula da PCAL para reafirmar parcerias e confirmar Termo de Coopera\u00e7\u00e3o com a SSP"},"content":{"rendered":"<p align=\"justify\"><span style=\"font-family: helvetica, arial, sans-serif;\">A coordena\u00e7\u00e3o do N\u00facleo de Apoio \u00e0s Vitimas e Desaparecidos (Navid), criado no \u00e2mbito do Centro de Apoio Operacional \u00e0s Promotorias de Justi\u00e7a (Caop), do Minist\u00e9rio P\u00fablico de Alagoas (MPAL), reuniu-se com o delegado-geral da Pol\u00edcia Civil de Alagoas, Gustavo Xavier, com o delegado e coordenador do setor de Desaparecimento de Pessoas do Estado de Alagoas, delegado Ronilson Medeiros, e tamb\u00e9m com o delegado e <span style=\"color: #222222;\"><span style=\"font-size: medium;\">diretor do DPJ1 e de Homic\u00eddios,<\/span><\/span> Sidney Ten\u00f3rio, para tratar de assuntos referentes ao Programa de Localiza\u00e7\u00e3o e Identifica\u00e7\u00e3o de Desaparecidos de Alagoas (Plid\/AL), confirmando o Termo de coopera\u00e7\u00e3o com a Secretaria de Seguran\u00e7a P\u00fablica (SSP).<\/span><\/p>\n<p align=\"justify\"><span style=\"font-family: helvetica, arial, sans-serif;\">Conforme afirma\u00e7\u00e3o da promotora de Justi\u00e7a e coordenadora do Navid, Marluce Falc\u00e3o, a ocasi\u00e3o serviu para fortalecer os la\u00e7os no tocante ao enfrentamento do fen\u00f4meno do desaparecimento em Alagoas, oportunidade em que foi ressaltada a import\u00e2ncia da coordena\u00e7\u00e3o de Desaparecidos no \u00e2mbito da <span style=\"color: #1f1f1f;\"><span style=\"font-size: medium;\">Delegacia de Homic\u00eddios e Prote\u00e7\u00e3o \u00e0 Pessoa (DHPP)<\/span><\/span><span style=\"color: #1f1f1f;\"><span style=\"font-size: x-large;\"><b>,<\/b><\/span><\/span> coordenada pelo Delegado Ronilson Medeiros. <\/span><\/p>\n<p align=\"justify\"><span style=\"font-family: helvetica, arial, sans-serif;\">\u201cNossa visita ao delegado-geral da Pol\u00edcia Civil, com o gerente do PLIDAL, o servidor do MPAL Thomaz Firemam, tem como prop\u00f3sito confirmar a parceria exitosa entre os dois \u00f3rg\u00e3os, por meio da Coordena\u00e7\u00e3o de Desaparecidos (DHPP) e das demais autoridades que integram a rede de buscas de pessoas desaparecidas do estado de Alagoas. Na oportunidade, apresentamos o N\u00facleo de Apoio \u00e0s V\u00edtimas e Desaparecidos, o Navid. A reuni\u00e3o nos permitiu estabelecer um protocolo de forma a construir um fluxo que garanta maior celeridade na remessa de Boletins de Ocorr\u00eancia ao MP, tornando a atua\u00e7\u00e3o da rede imediata, pois cada minuto importa na busca de uma pessoa desaparecida\u201d, afirma a promotora.<\/span><\/p>\n<p align=\"justify\"><span style=\"font-family: helvetica, arial, sans-serif;\">Na oportunidade foi feita uma apresenta\u00e7\u00e3o pormenorizada do Navid que surge para reconhecer a necessidade de se garantir prote\u00e7\u00e3o \u00e0s v\u00edtimas, de forma a reconhecer que no sistema penal contempor\u00e2neo elas passam a ter um espa\u00e7o central, com direitos, seguran\u00e7a e dignidade \u00e0s impedindo graves viola\u00e7\u00f5es de direitos humanos e cat\u00e1strofes.<\/span><\/p>\n<p align=\"justify\"><span style=\"font-family: helvetica, arial, sans-serif;\">O novo N\u00facleo atende a Recomenda\u00e7\u00e3o CNMP 243\/2021 Conselho Nacional do Minist\u00e9rio P\u00fablico, estabelece uma pol\u00edtica nacional voltada \u00e0 prote\u00e7\u00e3o integral das v\u00edtimas, alinhada \u00e0 Constitui\u00e7\u00e3o Federal, aos tratados internacionais de direitos humanos e \u00e0s diretrizes da Organiza\u00e7\u00e3o das Na\u00e7\u00f5es Unidas (ONU).<\/span><\/p>\n","protected":false},"excerpt":{"rendered":"<p> [&hellip;]<\/p>\n","protected":false},"author":8,"featured_media":66208,"comment_status":"open","ping_status":"open","sticky":false,"template":"","format":"standard","meta":{"om_disable_all_campaigns":false,"_monsterinsights_skip_tracking":false,"_monsterinsights_sitenote_active":false,"_monsterinsights_sitenote_note":"","_monsterinsights_sitenote_category":0,"_uf_show_specific_survey":0,"_uf_disable_surveys":false,"footnotes":""},"categories":[2],"tags":[],"class_list":["post-66207","post","type-post","status-publish","format-standard","has-post-thumbnail","hentry","category-not_mpal"],"aioseo_notices":[],"_links":{"self":[{"href":"https:\/\/www.mpal.mp.br\/index.php?rest_route=\/wp\/v2\/posts\/66207","targetHints":{"allow":["GET"]}}],"collection":[{"href":"https:\/\/www.mpal.mp.br\/index.php?rest_route=\/wp\/v2\/posts"}],"about":[{"href":"https:\/\/www.mpal.mp.br\/index.php?rest_route=\/wp\/v2\/types\/post"}],"author":[{"embeddable":true,"href":"https:\/\/www.mpal.mp.br\/index.php?rest_route=\/wp\/v2\/users\/8"}],"replies":[{"embeddable":true,"href":"https:\/\/www.mpal.mp.br\/index.php?rest_route=%2Fwp%2Fv2%2Fcomments&post=66207"}],"version-history":[{"count":1,"href":"https:\/\/www.mpal.mp.br\/index.php?rest_route=\/wp\/v2\/posts\/66207\/revisions"}],"predecessor-version":[{"id":66209,"href":"https:\/\/www.mpal.mp.br\/index.php?rest_route=\/wp\/v2\/posts\/66207\/revisions\/66209"}],"wp:featuredmedia":[{"embeddable":true,"href":"https:\/\/www.mpal.mp.br\/index.php?rest_route=\/wp\/v2\/media\/66208"}],"wp:attachment":[{"href":"https:\/\/www.mpal.mp.br\/index.php?rest_route=%2Fwp%2Fv2%2Fmedia&parent=66207"}],"wp:term":[{"taxonomy":"category","embeddable":true,"href":"https:\/\/www.mpal.mp.br\/index.php?rest_route=%2Fwp%2Fv2%2Fcategories&post=66207"},{"taxonomy":"post_tag","embeddable":true,"href":"https:\/\/www.mpal.mp.br\/index.php?rest_route=%2Fwp%2Fv2%2Ftags&post=66207"}],"curies":[{"name":"wp","href":"https:\/\/api.w.org\/{rel}","templated":true}]}}