{"id":66203,"date":"2026-02-02T10:13:53","date_gmt":"2026-02-02T13:13:53","guid":{"rendered":"https:\/\/www.mpal.mp.br\/?p=66203"},"modified":"2026-02-02T10:31:43","modified_gmt":"2026-02-02T13:31:43","slug":"pam-salgadinho-mpal-ajuiza-acao-para-municipio-garantir-seguranca-contra-incendio-e-panico","status":"publish","type":"post","link":"https:\/\/www.mpal.mp.br\/?p=66203","title":{"rendered":"PAM Salgadinho: MPAL aju\u00edza a\u00e7\u00e3o para Munic\u00edpio garantir seguran\u00e7a contra inc\u00eandio e p\u00e2nico"},"content":{"rendered":"<p class=\"western\" align=\"justify\"><span style=\"font-family: helvetica, arial, sans-serif;\">Atuando em defesa dos direitos coletivos e com o intuito de sanar um problema persistente que trata da falta de Projeto de Seguran\u00e7a Contra Inc\u00eandio e Emerg\u00eancia (PSCIE), no Pam Salgadinho, em Macei\u00f3, o Minist\u00e9rio P\u00fablico de Alagoas (MPAL), por meio da 67\u00aa Promotoria de Justi\u00e7a da capital, ajuizou a\u00e7\u00e3o civil p\u00fablica, para cumprimento de obriga\u00e7\u00e3o de fazer, com pedido de tutela de urg\u00eancia, em desfavor do Munic\u00edpio. O \u00f3rg\u00e3o ministerial requer, no prazo m\u00e1ximo de 30 dias, a apresenta\u00e7\u00e3o de um cronograma contendo as provid\u00eancias administrativas e estruturais adotadas.<\/span><\/p>\n<p class=\"western\" align=\"justify\"><span style=\"font-family: helvetica, arial, sans-serif;\">Em relat\u00f3rio de vistoria t\u00e9cnica, datado de mar\u00e7o de 2022, o Corpo de Bombeiros Militar (CBMAL) destacou que a mencionada unidade de sa\u00fade n\u00e3o possu\u00eda o projeto de seguran\u00e7a cadastrado no Sistema de Acompanhamento de Processos de Seguran\u00e7a (SAPS), bem como n\u00e3o tinha o Alvar\u00e1 de Vistoria da corpora\u00e7\u00e3o. Um m\u00eas ap\u00f3s, foi instaurado um Procedimento Administrativo pelo MPAL com a finalidade de averiguar den\u00fancias de autoria do Sindicato dos Trabalhadores em Seguridade Social no Estado de Alagoas (Sindprev\/AL), no tocante a problemas em equipamentos e protocolos de seguran\u00e7a e combate a inc\u00eandio no local.<\/span><\/p>\n<p class=\"western\" align=\"justify\"><span style=\"font-family: helvetica, arial, sans-serif;\">Para o promotor de Justi\u00e7a Luciano Romero (titular da 67\u00aa Promotoria de Justi\u00e7a) o caso \u00e9 relevante e exige a\u00e7\u00f5es imediatas.<\/span><\/p>\n<p class=\"western\" align=\"justify\"><span style=\"font-family: helvetica, arial, sans-serif;\">\u201cDe l\u00e1 para c\u00e1, buscando solucionar o problema, considerado preocupante e grave, pois diariamente circulam centenas de profissionais e usu\u00e1rios do SUS, no Pam Salgadinho, foram registradas v\u00e1rias tentativas de di\u00e1logo entre o Minist\u00e9rio P\u00fablico e a Secretaria Municipal de Sa\u00fade sem que logr\u00e1ssemos \u00eaxito. J\u00e1 neste ano, inclusive, acionamos o Corpo de Bombeiros para saber da exist\u00eancia de algum avan\u00e7o, no entanto, como resposta, obtivemos que n\u00e3o houve nenhuma altera\u00e7\u00e3o positiva, o que nos levou a ajuizar a a\u00e7\u00e3o e pedir urg\u00eancia no cumprimento dos pedidos. Afinal, essa realidade coloca em risco a vida das pessoas e as adequa\u00e7\u00f5es estruturais s\u00e3o fundamentais para evitar um sinistro\u201d, enfatiza o promotor.<\/span><\/p>\n<p class=\"western\" align=\"justify\"><span style=\"font-family: helvetica, arial, sans-serif;\">Conforme a a\u00e7\u00e3o, em rela\u00e7\u00e3o ao Pam Salgadinho, existem reiteradas notifica\u00e7\u00f5es datadas de 2015 (n\u00ba 2279-SEI 37018091) e de 2025 (n\u00ba 24867-SEI 37018307) e, mesmo assim, todas as irregularidades est\u00e3o mantidas.<\/span><\/p>\n<p class=\"western\" align=\"justify\"><span style=\"font-family: helvetica, arial, sans-serif;\">O MPAL refor\u00e7a que a aus\u00eancia de um projeto contra inc\u00eandios e emerg\u00eancias aprovado pelo Corpo de Bombeiros e executado com base nas determina\u00e7\u00f5es legais, significa perigo de danos irrepar\u00e1veis \u00e0 sa\u00fade e \u00e0 vida de todos que precisam usufruir da unidade de sa\u00fade em quest\u00e3o. Para se ter no\u00e7\u00e3o do fluxo di\u00e1rio, ressalte-se que o Pam Salgadinho \u00e9 a maior unidade de sa\u00fade especializada em m\u00e9dia e alta complexidade do SUS no Nordeste.<\/span><\/p>\n<p class=\"western\" align=\"justify\"><span style=\"font-family: helvetica, arial, sans-serif;\"><b>Pedidos<\/b><\/span><\/p>\n<p class=\"western\" align=\"justify\"><span style=\"font-family: helvetica, arial, sans-serif;\">O MPAL requer reestrutura\u00e7\u00e3o em conformidade com a Lei Estadual n\u00ba 7.456\/2013 \u2013 que <span style=\"color: #040c28;\"><span style=\"font-size: medium;\">Disp\u00f5e sobre a preven\u00e7\u00e3o contra inc\u00eandio e p\u00e2nico no estado, e d\u00e1 outras provid\u00eancias <\/span><\/span><span style=\"color: #040c28;\"><span style=\"font-size: medium;\">, <\/span><\/span> e o Decreto n\u00ba 55.175\/2017- que <em><span style=\"color: #000000;\"><span style=\"font-size: small;\">Institui o C\u00f3digo de Seguran\u00e7a Contra Inc\u00eandio e Emerg\u00eancias (COSCIE) &#8211; <\/span><\/span><\/em><span style=\"color: #474747;\"><span style=\"font-size: small;\">,<\/span><\/span><span style=\"color: #474747;\"><span style=\"font-size: small;\"> no \u00e2mbito do Estado de Alagoas. Q<\/span><\/span>ue seja obtido o auto de Vistoria do Corpo de Bombeiros (AVCB) e a elabora\u00e7\u00e3o do PSCIE siga os tr\u00e2mites exigidos pelo referido \u00f3rg\u00e3o de seguran\u00e7a p\u00fablica. Al\u00e9m disso, que o Munic\u00edpio execute o cronograma de reestrutura\u00e7\u00e3o do Pam Salgadinho, com in\u00edcio em 30 dias, sob risco de puni\u00e7\u00e3o, em caso de descumprimento de qualquer obriga\u00e7\u00e3o imposta, de multa di\u00e1ria cujos valores devem ser subtra\u00eddos das verbas de publicidade e marketing do Munic\u00edpio e depositados em conta espec\u00edfica do Fundo Municipal de Sa\u00fade.<\/span><\/p>\n<p class=\"western\" align=\"justify\"><span style=\"font-family: helvetica, arial, sans-serif;\">Que seja comunicado ao secret\u00e1rio municipal de Sa\u00fade de Macei\u00f3, bem como a cada eventual sucessor, durante o per\u00edodo que prevalecer a demanda. A a\u00e7\u00e3o \u00e9 datada de 27 de janeiro de 2026.<\/span><\/p>\n<p align=\"justify\">Foto: Roberta Baptista<\/p>\n","protected":false},"excerpt":{"rendered":"<p> [&hellip;]<\/p>\n","protected":false},"author":8,"featured_media":66204,"comment_status":"open","ping_status":"open","sticky":false,"template":"","format":"standard","meta":{"om_disable_all_campaigns":false,"_monsterinsights_skip_tracking":false,"_monsterinsights_sitenote_active":false,"_monsterinsights_sitenote_note":"","_monsterinsights_sitenote_category":0,"_uf_show_specific_survey":0,"_uf_disable_surveys":false,"footnotes":""},"categories":[2],"tags":[],"class_list":["post-66203","post","type-post","status-publish","format-standard","has-post-thumbnail","hentry","category-not_mpal"],"aioseo_notices":[],"_links":{"self":[{"href":"https:\/\/www.mpal.mp.br\/index.php?rest_route=\/wp\/v2\/posts\/66203","targetHints":{"allow":["GET"]}}],"collection":[{"href":"https:\/\/www.mpal.mp.br\/index.php?rest_route=\/wp\/v2\/posts"}],"about":[{"href":"https:\/\/www.mpal.mp.br\/index.php?rest_route=\/wp\/v2\/types\/post"}],"author":[{"embeddable":true,"href":"https:\/\/www.mpal.mp.br\/index.php?rest_route=\/wp\/v2\/users\/8"}],"replies":[{"embeddable":true,"href":"https:\/\/www.mpal.mp.br\/index.php?rest_route=%2Fwp%2Fv2%2Fcomments&post=66203"}],"version-history":[{"count":2,"href":"https:\/\/www.mpal.mp.br\/index.php?rest_route=\/wp\/v2\/posts\/66203\/revisions"}],"predecessor-version":[{"id":66206,"href":"https:\/\/www.mpal.mp.br\/index.php?rest_route=\/wp\/v2\/posts\/66203\/revisions\/66206"}],"wp:featuredmedia":[{"embeddable":true,"href":"https:\/\/www.mpal.mp.br\/index.php?rest_route=\/wp\/v2\/media\/66204"}],"wp:attachment":[{"href":"https:\/\/www.mpal.mp.br\/index.php?rest_route=%2Fwp%2Fv2%2Fmedia&parent=66203"}],"wp:term":[{"taxonomy":"category","embeddable":true,"href":"https:\/\/www.mpal.mp.br\/index.php?rest_route=%2Fwp%2Fv2%2Fcategories&post=66203"},{"taxonomy":"post_tag","embeddable":true,"href":"https:\/\/www.mpal.mp.br\/index.php?rest_route=%2Fwp%2Fv2%2Ftags&post=66203"}],"curies":[{"name":"wp","href":"https:\/\/api.w.org\/{rel}","templated":true}]}}