{"id":66201,"date":"2026-02-02T09:15:58","date_gmt":"2026-02-02T12:15:58","guid":{"rendered":"https:\/\/www.mpal.mp.br\/?p=66201"},"modified":"2026-02-02T09:15:58","modified_gmt":"2026-02-02T12:15:58","slug":"mpal-ingressa-com-acao-civil-publica-contra-equatorial-para-que-concessionaria-regularize-prestacao-do-servico-em-pilar","status":"publish","type":"post","link":"https:\/\/www.mpal.mp.br\/?p=66201","title":{"rendered":"MPAL ingressa com A\u00e7\u00e3o Civil P\u00fablica contra Equatorial para que concession\u00e1ria regularize presta\u00e7\u00e3o do servi\u00e7o em Pilar"},"content":{"rendered":"<p style=\"text-align: justify;\"><span style=\"font-family: helvetica, arial, sans-serif;\">O Minist\u00e9rio P\u00fablico do Estado de Alagoas (MPAL) apresentou \u00e0 Justi\u00e7a, nesta sexta-feira (30), uma A\u00e7\u00e3o Civil P\u00fablica (ACP) com pedido de tutela de urg\u00eancia contra a Equatorial Alagoas Distribuidora de Energia S.A., em raz\u00e3o de den\u00fancias a respeito da presta\u00e7\u00e3o do servi\u00e7o no Condom\u00ednio Rancho das Palmeiras e \u00e1reas adjacentes, na cidade de Pilar.<\/span><\/p>\n<p style=\"text-align: justify;\"><span style=\"font-family: helvetica, arial, sans-serif;\">Conforme consta na ACP, de iniciativa da Promotoria de Justi\u00e7a de Pilar e do N\u00facleo do Consumidor do MPAL, h\u00e1 reiteradas falhas no fornecimento de energia el\u00e9trica na \u00e1rea, com interrup\u00e7\u00f5es prolongadas e oscila\u00e7\u00f5es de energia. Em alguns casos, os moradores ficaram mais de 10 horas sem energia, situa\u00e7\u00e3o que viola o princ\u00edpio da continuidade dos servi\u00e7os p\u00fablicos essenciais.<\/span><\/p>\n<p style=\"text-align: justify;\"><span style=\"font-family: helvetica, arial, sans-serif;\">O promotor de Justi\u00e7a Ramon Formiga de Oliveira Carvalho, titular da Promotoria de Pilar, enfatizou que o caso trata-se de ofensa direta aos princ\u00edpios da efici\u00eancia administrativa, da boa-f\u00e9 objetiva e da dignidade da pessoa humana.<\/span><\/p>\n<p style=\"text-align: justify;\"><span style=\"font-family: helvetica, arial, sans-serif;\">\u201cA energia el\u00e9trica \u00e9 servi\u00e7o essencial, devendo ser prestado de forma adequada, eficiente, cont\u00ednua e segura, o que manifestamente n\u00e3o ocorreu. A perman\u00eancia de consumidores por mais de 10 horas sem energia compromete a conserva\u00e7\u00e3o de alimentos e medicamentos, o funcionamento de equipamentos essenciais e a seguran\u00e7a e dignidade da vida cotidiana\u201d, elencou o membro do MPAL.<\/span><\/p>\n<p style=\"text-align: justify;\"><span style=\"font-family: helvetica, arial, sans-serif;\">No documento apresentado \u00e0 Justi\u00e7a, o Minist\u00e9rio P\u00fablico pede que seja determinado \u00e0 Equatorial, no prazo m\u00e1ximo de 30 dias, a apresenta\u00e7\u00e3o e in\u00edcio de execu\u00e7\u00e3o de Plano de Manuten\u00e7\u00e3o Preventiva, com poda preventiva peri\u00f3dica da vegeta\u00e7\u00e3o, ado\u00e7\u00e3o de medidas t\u00e9cnicas para redu\u00e7\u00e3o do tempo m\u00e1ximo de restabelecimento, fixando-se prazo m\u00e1ximo de duas horas para atendimento emergencial no Condom\u00ednio Rancho das Palmeiras.<\/span><\/p>\n<p style=\"text-align: justify;\"><span style=\"font-family: helvetica, arial, sans-serif;\">A ACP tamb\u00e9m solicita que a Justi\u00e7a condene a Equatorial \u00e0 obriga\u00e7\u00e3o de fazer, consistente em: instalar religadores autom\u00e1ticos no ramal que atende ao condom\u00ednio; apresentar estudo t\u00e9cnico para substitui\u00e7\u00e3o da rede nua por Rede Compacta Protegida, no trecho cr\u00edtico; e restitui\u00e7\u00e3o aos consumidores afetados, a t\u00edtulo de indeniza\u00e7\u00e3o coletiva por dano material, correspondente a 10% da tarifa m\u00ednima mensal de energia el\u00e9trica, por cada per\u00edodo de interrup\u00e7\u00e3o superior aos limites regulamentares, a ser compensada diretamente nas faturas subsequentes. Ou, como op\u00e7\u00e3o, que haja dep\u00f3sito em fundo espec\u00edfico, caso seja invi\u00e1vel a individualiza\u00e7\u00e3o imediata.<\/span><\/p>\n<p style=\"text-align: justify;\"><span style=\"font-family: helvetica, arial, sans-serif;\">O MPAL tamb\u00e9m solicita a condena\u00e7\u00e3o ao pagamento de indeniza\u00e7\u00e3o por dano moral coletivo, em valor a ser arbitrado pelo Ju\u00edzo, revertido ao Fundo Estadual de Defesa do Consumidor, bem como a condena\u00e7\u00e3o da empresa ao pagamento das custas e demais comina\u00e7\u00f5es legais.<\/span><\/p>\n<p style=\"text-align: justify;\"><span style=\"font-family: helvetica, arial, sans-serif;\">Os promotores de Justi\u00e7a Ramon Formiga de Oliveira Carvalho e Delfino Costa Neto, que coordena o N\u00facleo do Consumidor, explicam na ACP que, em resposta a um of\u00edcio ministerial, a Equatorial confessou expressamente a exist\u00eancia de problemas t\u00e9cnicos na rede, afirmando que houve contato entre cabos; ocorreram interfer\u00eancias de vegeta\u00e7\u00e3o; somente ap\u00f3s as reclama\u00e7\u00f5es foram adotadas medidas corretivas.<\/span><\/p>\n<p style=\"text-align: justify;\"><span style=\"font-family: helvetica, arial, sans-serif;\">\u201cTal conduta comprova que a concession\u00e1ria n\u00e3o realizava manuten\u00e7\u00e3o preventiva adequada, limitando-se a agir de forma reativa, apenas ap\u00f3s a interrup\u00e7\u00e3o do servi\u00e7o e a provoca\u00e7\u00e3o dos consumidores e do Minist\u00e9rio P\u00fablico. A Equatorial tenta justificar as falhas alegando chuvas, ventos e instabilidade clim\u00e1tica, apresentando dados meteorol\u00f3gicos para sustentar a imprevisibilidade dos eventos\u201d, lembrou o promotor de Justi\u00e7a Delfino Costa Neto.<\/span><\/p>\n<p style=\"text-align: justify;\"><span style=\"font-family: helvetica, arial, sans-serif;\">\u201cTodavia, tal tese n\u00e3o se sustenta juridicamente, visto que chuvas, ventos e crescimento de vegeta\u00e7\u00e3o s\u00e3o fen\u00f4menos previs\u00edveis, sazonais e inerentes \u00e0 regi\u00e3o de Alagoas, integrando o risco do empreendimento. A jurisprud\u00eancia \u00e9 pac\u00edfica no sentido de que tais eventos configuram fortuito interno, n\u00e3o afastando a responsabilidade da concession\u00e1ria\u201d, concluiu o promotor.<\/span><\/p>\n","protected":false},"excerpt":{"rendered":"<p> [&hellip;]<\/p>\n","protected":false},"author":24,"featured_media":35339,"comment_status":"open","ping_status":"open","sticky":false,"template":"","format":"standard","meta":{"om_disable_all_campaigns":false,"_monsterinsights_skip_tracking":false,"_monsterinsights_sitenote_active":false,"_monsterinsights_sitenote_note":"","_monsterinsights_sitenote_category":0,"_uf_show_specific_survey":0,"_uf_disable_surveys":false,"footnotes":""},"categories":[2],"tags":[],"class_list":["post-66201","post","type-post","status-publish","format-standard","has-post-thumbnail","hentry","category-not_mpal"],"aioseo_notices":[],"_links":{"self":[{"href":"https:\/\/www.mpal.mp.br\/index.php?rest_route=\/wp\/v2\/posts\/66201","targetHints":{"allow":["GET"]}}],"collection":[{"href":"https:\/\/www.mpal.mp.br\/index.php?rest_route=\/wp\/v2\/posts"}],"about":[{"href":"https:\/\/www.mpal.mp.br\/index.php?rest_route=\/wp\/v2\/types\/post"}],"author":[{"embeddable":true,"href":"https:\/\/www.mpal.mp.br\/index.php?rest_route=\/wp\/v2\/users\/24"}],"replies":[{"embeddable":true,"href":"https:\/\/www.mpal.mp.br\/index.php?rest_route=%2Fwp%2Fv2%2Fcomments&post=66201"}],"version-history":[{"count":1,"href":"https:\/\/www.mpal.mp.br\/index.php?rest_route=\/wp\/v2\/posts\/66201\/revisions"}],"predecessor-version":[{"id":66202,"href":"https:\/\/www.mpal.mp.br\/index.php?rest_route=\/wp\/v2\/posts\/66201\/revisions\/66202"}],"wp:featuredmedia":[{"embeddable":true,"href":"https:\/\/www.mpal.mp.br\/index.php?rest_route=\/wp\/v2\/media\/35339"}],"wp:attachment":[{"href":"https:\/\/www.mpal.mp.br\/index.php?rest_route=%2Fwp%2Fv2%2Fmedia&parent=66201"}],"wp:term":[{"taxonomy":"category","embeddable":true,"href":"https:\/\/www.mpal.mp.br\/index.php?rest_route=%2Fwp%2Fv2%2Fcategories&post=66201"},{"taxonomy":"post_tag","embeddable":true,"href":"https:\/\/www.mpal.mp.br\/index.php?rest_route=%2Fwp%2Fv2%2Ftags&post=66201"}],"curies":[{"name":"wp","href":"https:\/\/api.w.org\/{rel}","templated":true}]}}