{"id":66184,"date":"2026-01-30T18:04:52","date_gmt":"2026-01-30T21:04:52","guid":{"rendered":"https:\/\/www.mpal.mp.br\/?p=66184"},"modified":"2026-01-30T18:07:49","modified_gmt":"2026-01-30T21:07:49","slug":"mpal-pede-a-justica-internacao-e-exame-de-insanidade-mental-de-adolescente-que-cometeu-ato-infracional-analogo-ao-crime-de-homicidio-contra-o-padrasto-em-teotonio-vilela","status":"publish","type":"post","link":"https:\/\/www.mpal.mp.br\/?p=66184","title":{"rendered":"MPAL pede \u00e0 Justi\u00e7a interna\u00e7\u00e3o e exame de insanidade mental de adolescente que cometeu ato infracional an\u00e1logo ao crime de homic\u00eddio contra o padrasto em Teot\u00f4nio Vilela"},"content":{"rendered":"<p style=\"text-align: justify;\" align=\"justify\"><span style=\"font-family: helvetica, arial, sans-serif; color: #000000;\">O Minist\u00e9rio P\u00fablico do Estado de Alagoas (MPAL), por meio de representa\u00e7\u00e3o encaminhada \u00e0 Justi\u00e7a nesta sexta-feira (30), pediu a interna\u00e7\u00e3o provis\u00f3ria por 45 dias e a realiza\u00e7\u00e3o de exames de insanidade mental em adolescente que, na noite dessa quinta-feira (29), cometeu ato infracional an\u00e1logo ao crime de homic\u00eddio contra o padrasto na cidade de Teot\u00f4nio Vilela.<\/span><\/p>\n<p style=\"text-align: justify;\" align=\"justify\"><span style=\"font-family: helvetica, arial, sans-serif; color: #000000;\">No pedido, o promotor de Justi\u00e7a Magno Alexandre Moura esclarece que a conduta do adolescente, que tem 17 anos de idade, \u00e9 an\u00e1loga ao crime de homic\u00eddio qualificado, conforme o artigo 103 do Estatuto da Crian\u00e7a e do Adolescente (ECA), e foi praticada com recurso que dificultou a defesa da v\u00edtima, que tinha 41 anos. A arma para cometimento do ato foi uma faca peixeira, que o jovem utilizou para atacar o padrasto pelas costas.<\/span><\/p>\n<p style=\"text-align: justify;\" align=\"justify\"><span style=\"font-family: helvetica, arial, sans-serif; color: #000000;\"><span style=\"font-size: medium;\">&#8220;\u00c9 de se frisar que a medida \u00e9 imperativa diante da extrema gravidade do <\/span><span style=\"font-size: medium;\">ato (hediondo por natureza) e para a garantia da ordem p\u00fablica e seguran\u00e7a da pr\u00f3pria fam\u00edlia. Ademais disso, a reitera\u00e7\u00e3o do desejo de matar e a aus\u00eancia de remorso, consoante narrado pelo pr\u00f3prio infrator, demonstram que a liberdade do <\/span><span style=\"font-size: medium;\">adolescente representa risco iminente\u201d, <\/span><span style=\"font-size: medium;\">salientou Magno Alexandre Moura<\/span><span style=\"font-size: medium;\">.<\/span><\/span><\/p>\n<p style=\"text-align: justify;\" align=\"justify\"><span style=\"font-family: helvetica, arial, sans-serif; color: #000000;\">De acordo com testemunhas que prestaram depoimento na delegacia de S\u00e3o Miguel dos Campos, antes do ocorrido, o adolescente e o padrasto haviam discutido. Familiares informaram que o jovem sofre de \u201cproblemas mentais\u201d e teria tido um surto. Por essa raz\u00e3o, o MPAL solicitou \u00e0 Justi\u00e7a a realiza\u00e7\u00e3o de exames de insanidade mental.<\/span><\/p>\n<p style=\"text-align: justify;\" align=\"justify\"><span style=\"font-family: helvetica, arial, sans-serif; color: #000000;\">\u201cTemos que aferir a capacidade de <span style=\"font-size: medium;\">compreens\u00e3o do car\u00e1ter il\u00edcito do fato e a necessidade de tratamento psiqui\u00e1trico <\/span><span style=\"font-size: medium;\">imediato em ambiente de cust\u00f3dia\u201d, <\/span><span style=\"font-size: medium;\">acrescentou o promotor de Justi\u00e7a<\/span><span style=\"font-size: medium;\">. <\/span><span style=\"font-size: medium;\">Entre os pedidos feitos ao Poder Judici\u00e1rio, o promotor tamb\u00e9m solicita a aplica\u00e7\u00e3o da medida socioeducativa de interna\u00e7\u00e3o cumulada com medida de prote\u00e7\u00e3o e tratamento psiqui\u00e1trico<\/span><span style=\"font-size: medium;\">, <\/span><span style=\"font-size: medium;\">se confirmada a psicopatologia.<\/span><\/span><\/p>\n","protected":false},"excerpt":{"rendered":"<p> [&hellip;]<\/p>\n","protected":false},"author":24,"featured_media":21991,"comment_status":"open","ping_status":"open","sticky":false,"template":"","format":"standard","meta":{"om_disable_all_campaigns":false,"_monsterinsights_skip_tracking":false,"_monsterinsights_sitenote_active":false,"_monsterinsights_sitenote_note":"","_monsterinsights_sitenote_category":0,"_uf_show_specific_survey":0,"_uf_disable_surveys":false,"footnotes":""},"categories":[2],"tags":[],"class_list":["post-66184","post","type-post","status-publish","format-standard","has-post-thumbnail","hentry","category-not_mpal"],"aioseo_notices":[],"_links":{"self":[{"href":"https:\/\/www.mpal.mp.br\/index.php?rest_route=\/wp\/v2\/posts\/66184","targetHints":{"allow":["GET"]}}],"collection":[{"href":"https:\/\/www.mpal.mp.br\/index.php?rest_route=\/wp\/v2\/posts"}],"about":[{"href":"https:\/\/www.mpal.mp.br\/index.php?rest_route=\/wp\/v2\/types\/post"}],"author":[{"embeddable":true,"href":"https:\/\/www.mpal.mp.br\/index.php?rest_route=\/wp\/v2\/users\/24"}],"replies":[{"embeddable":true,"href":"https:\/\/www.mpal.mp.br\/index.php?rest_route=%2Fwp%2Fv2%2Fcomments&post=66184"}],"version-history":[{"count":4,"href":"https:\/\/www.mpal.mp.br\/index.php?rest_route=\/wp\/v2\/posts\/66184\/revisions"}],"predecessor-version":[{"id":66200,"href":"https:\/\/www.mpal.mp.br\/index.php?rest_route=\/wp\/v2\/posts\/66184\/revisions\/66200"}],"wp:featuredmedia":[{"embeddable":true,"href":"https:\/\/www.mpal.mp.br\/index.php?rest_route=\/wp\/v2\/media\/21991"}],"wp:attachment":[{"href":"https:\/\/www.mpal.mp.br\/index.php?rest_route=%2Fwp%2Fv2%2Fmedia&parent=66184"}],"wp:term":[{"taxonomy":"category","embeddable":true,"href":"https:\/\/www.mpal.mp.br\/index.php?rest_route=%2Fwp%2Fv2%2Fcategories&post=66184"},{"taxonomy":"post_tag","embeddable":true,"href":"https:\/\/www.mpal.mp.br\/index.php?rest_route=%2Fwp%2Fv2%2Ftags&post=66184"}],"curies":[{"name":"wp","href":"https:\/\/api.w.org\/{rel}","templated":true}]}}