{"id":66181,"date":"2026-01-30T17:31:36","date_gmt":"2026-01-30T20:31:36","guid":{"rendered":"https:\/\/www.mpal.mp.br\/?p=66181"},"modified":"2026-01-30T17:31:36","modified_gmt":"2026-01-30T20:31:36","slug":"ministerio-publico-instaura-procedimento-para-apurar-violencia-contra-crianca-portadora-de-autismo-em-arapiraca","status":"publish","type":"post","link":"https:\/\/www.mpal.mp.br\/?p=66181","title":{"rendered":"Minist\u00e9rio P\u00fablico instaura procedimento para apurar viol\u00eancia contra crian\u00e7a portadora de autismo em Arapiraca"},"content":{"rendered":"<p align=\"justify\"><span style=\"font-family: helvetica, arial, sans-serif;\">Uma confian\u00e7a tra\u00edda, uma crian\u00e7a com limita\u00e7\u00f5es sofrendo maus-tratos enquanto a genitora acreditava ser cuidada com carinho. A atua\u00e7\u00e3o do Minist\u00e9rio P\u00fablico de Alagoas (MPAL), nesta sexta-feira (30), por meio da Promotoria da Inf\u00e2ncia e da Juventude, em Arapiraca, foi em defesa de uma crian\u00e7a com Transtorno do Espectro Autista (TEA), suporte 3, n\u00e3o-verbal, que teria sido v\u00edtima de viol\u00eancia f\u00edsica promovida pela bab\u00e1. Ao tomar conhecimento de um v\u00eddeo noticiando o fato, a promotora de Justi\u00e7a Viviane Farias instaurou procedimento preliminar, oficiou o Conselho Tutelar e iniciou di\u00e1logo com a Pol\u00edcia Civil para que adotem todas as medidas e construa um inqu\u00e9rito para apurar as responsabilidades.<\/span><\/p>\n<p align=\"justify\"><span style=\"font-family: helvetica, arial, sans-serif;\">\u201c\u00c8 preciso uma investiga\u00e7\u00e3o severa para chegarmos \u00e0 responsabiliza\u00e7\u00e3o, pois \u00e9 inadmiss\u00edvel que uma crian\u00e7a que j\u00e1 possui transtorno no neurodesenvolvimento, com limita\u00e7\u00f5es, ainda seja submetida a atos de viol\u00eancia. O Minist\u00e9rio P\u00fablico adotou as primeiras provid\u00eancias, mas acompanhar\u00e1 o trabalho investigativo para concluir sua atua\u00e7\u00e3o. Aproveito o ensejo para alertar \u00e1 popula\u00e7\u00e3o que, diante de quaisquer casos de crimes ou viola\u00e7\u00e3o de direitos, n\u00e3o se prendam \u00e0s redes sociais, mas procurem as autoridades competentes, os \u00f3rg\u00e3os de prote\u00e7\u00e3o para comunicar o fato\u201d, destaca a promotora Viviane Farias.<\/span><\/p>\n<p align=\"justify\"><span style=\"font-family: helvetica, arial, sans-serif;\">O video foi publicado por uma tia da crian\u00e7a, na plataforma Instagram, em seu perfil pessoal. A mulher afirma que o sobrinho portador do TEA teria sido espancado. Al\u00e9m disso, segundo ela, os vizinhos teriam gravado a bab\u00e1 obrigando o menino a comer material fecal.<\/span><\/p>\n<p align=\"justify\"><span style=\"font-family: helvetica, arial, sans-serif;\">A tia afirma no v\u00eddeo que a crian\u00e7a n\u00e3o verbaliza e n\u00e3o interage,<\/span><\/p>\n","protected":false},"excerpt":{"rendered":"<p> [&hellip;]<\/p>\n","protected":false},"author":8,"featured_media":0,"comment_status":"open","ping_status":"open","sticky":false,"template":"","format":"standard","meta":{"om_disable_all_campaigns":false,"_monsterinsights_skip_tracking":false,"_monsterinsights_sitenote_active":false,"_monsterinsights_sitenote_note":"","_monsterinsights_sitenote_category":0,"_uf_show_specific_survey":0,"_uf_disable_surveys":false,"footnotes":""},"categories":[2],"tags":[],"class_list":["post-66181","post","type-post","status-publish","format-standard","hentry","category-not_mpal"],"aioseo_notices":[],"_links":{"self":[{"href":"https:\/\/www.mpal.mp.br\/index.php?rest_route=\/wp\/v2\/posts\/66181","targetHints":{"allow":["GET"]}}],"collection":[{"href":"https:\/\/www.mpal.mp.br\/index.php?rest_route=\/wp\/v2\/posts"}],"about":[{"href":"https:\/\/www.mpal.mp.br\/index.php?rest_route=\/wp\/v2\/types\/post"}],"author":[{"embeddable":true,"href":"https:\/\/www.mpal.mp.br\/index.php?rest_route=\/wp\/v2\/users\/8"}],"replies":[{"embeddable":true,"href":"https:\/\/www.mpal.mp.br\/index.php?rest_route=%2Fwp%2Fv2%2Fcomments&post=66181"}],"version-history":[{"count":1,"href":"https:\/\/www.mpal.mp.br\/index.php?rest_route=\/wp\/v2\/posts\/66181\/revisions"}],"predecessor-version":[{"id":66183,"href":"https:\/\/www.mpal.mp.br\/index.php?rest_route=\/wp\/v2\/posts\/66181\/revisions\/66183"}],"wp:attachment":[{"href":"https:\/\/www.mpal.mp.br\/index.php?rest_route=%2Fwp%2Fv2%2Fmedia&parent=66181"}],"wp:term":[{"taxonomy":"category","embeddable":true,"href":"https:\/\/www.mpal.mp.br\/index.php?rest_route=%2Fwp%2Fv2%2Fcategories&post=66181"},{"taxonomy":"post_tag","embeddable":true,"href":"https:\/\/www.mpal.mp.br\/index.php?rest_route=%2Fwp%2Fv2%2Ftags&post=66181"}],"curies":[{"name":"wp","href":"https:\/\/api.w.org\/{rel}","templated":true}]}}