{"id":6597,"date":"2022-05-25T12:38:17","date_gmt":"2022-05-25T15:38:17","guid":{"rendered":"https:\/\/www.mpal.mp.br\/?p=6597"},"modified":"2022-05-26T12:39:14","modified_gmt":"2022-05-26T15:39:14","slug":"pgj-marcio-roberto-participa-de-solenidade-em-homenagem-a-conamp-e-ao-seu-ex-presidente-em-brasilia","status":"publish","type":"post","link":"https:\/\/www.mpal.mp.br\/?p=6597","title":{"rendered":"PGJ M\u00e1rcio Roberto participa de solenidade em homenagem \u00e0 Conamp e ao seu ex-presidente, em Bras\u00edlia"},"content":{"rendered":"<p style=\"text-align: justify;\" align=\"justify\" data-raofz=\"14\"><span style=\"font-size: 14pt;\" data-raofz=\"13\">O procurador-geral de Justi\u00e7a, M\u00e1rcio Roberto Ten\u00f3rio de Albuquerque, participou, nessa ter\u00e7a-feira (24), em Bras\u00edlia, da solenidade de aposi\u00e7\u00e3o da fotografia do promotor de Justi\u00e7a Victor Hugo Palmeiro de Azevedo Neto na galeria de ex-presidentes da Associa\u00e7\u00e3o Nacional dos Membros do Minist\u00e9rio P\u00fablico (Conamp). Na ocasi\u00e3o, o chefe do Minist\u00e9rio P\u00fablico do Estado de Alagoas tamb\u00e9m prestigiou o lan\u00e7amento do livro \u201c50 anos da Conamp \u2013 uma hist\u00f3ria de vit\u00f3rias\u201d, obra escrita a muitas m\u00e3os e que mostra a trajet\u00f3ria de luta da entidade que congrega milhares de procuradores de Justi\u00e7a, da Rep\u00fablica, do Trabalho e Militar e promotores de Justi\u00e7a de todo o pa\u00eds.<\/span><\/p>\n<p style=\"text-align: justify;\" align=\"justify\" data-raofz=\"14\"><span style=\"font-size: 14pt;\" data-raofz=\"13\">A cerim\u00f4nia ocorreu no pr\u00e9dio da Conamp e reuniu dezenas de autoridades. Por Alagoas, al\u00e9m do procurador-geral de Justi\u00e7a, M\u00e1rcio Roberto Ten\u00f3rio de Albuquerque, tamb\u00e9m esteve presente o presidente da Associa\u00e7\u00e3o do Minist\u00e9rio P\u00fablico de Alagoas (Ampal), Roberto Salom\u00e3o do Nascimento. \u201cO colega Victor Hugo presidiu a entidade entre os anos de 2018 e 2020, tendo desenvolvido um grande trabalho em busca do fortalecimento do Minist\u00e9rio P\u00fablico em per\u00edodos de grandes desafios \u00e0 Institui\u00e7\u00e3o, al\u00e9m de ter defendido, sempre de forma aguerrida, as prerrogativas das nossas atribui\u00e7\u00f5es\u201d, disse o chefe do MPAL.<\/span><\/p>\n<p style=\"text-align: justify;\" data-raofz=\"14\"><span style=\"font-size: 14pt;\"><strong>Livro em homenagem \u00e0 Conamp<\/strong><\/span><\/p>\n<p style=\"text-align: justify;\" align=\"justify\" data-raofz=\"14\"><span style=\"font-size: 14pt;\" data-raofz=\"13\">Nessa mesma noite, M\u00e1rcio Roberto e Roberto Salom\u00e3o tamb\u00e9m prestigiaram o lan\u00e7amento do livro \u201c50 anos da Conamp \u2013 uma hist\u00f3ria de vit\u00f3rias\u201d, obra escrita a muitas m\u00e3os e que mostra a trajet\u00f3ria de luta da associa\u00e7\u00e3o.<\/span><\/p>\n<p style=\"text-align: justify;\" align=\"justify\" data-raofz=\"14\"><span style=\"font-size: 14pt;\" data-raofz=\"13\">A obra, publicada pela editora Juru\u00e1, teve a coordena\u00e7\u00e3o do atual presidente da Conamp, Manoel Murrieta, e do seu tesoureiro, Pedro Ivo. \u201cO livro \u00e9 um ato de afeto e de reconhecimento por esta respeitada e amada institui\u00e7\u00e3o, num momento muito especial de sua hist\u00f3ria, que consagra uma caminhada associativa de muitas lutas, mas, acima de tudo, de muitas vit\u00f3rias\u201d, disse Murrieta, durante a solenidade de lan\u00e7amento.<\/span><\/p>\n","protected":false},"excerpt":{"rendered":"<p> [&hellip;]<\/p>\n","protected":false},"author":2,"featured_media":6598,"comment_status":"open","ping_status":"open","sticky":false,"template":"","format":"standard","meta":{"om_disable_all_campaigns":false,"_monsterinsights_skip_tracking":false,"_monsterinsights_sitenote_active":false,"_monsterinsights_sitenote_note":"","_monsterinsights_sitenote_category":0,"_uf_show_specific_survey":0,"_uf_disable_surveys":false,"footnotes":""},"categories":[2],"tags":[],"class_list":["post-6597","post","type-post","status-publish","format-standard","has-post-thumbnail","hentry","category-not_mpal"],"aioseo_notices":[],"_links":{"self":[{"href":"https:\/\/www.mpal.mp.br\/index.php?rest_route=\/wp\/v2\/posts\/6597","targetHints":{"allow":["GET"]}}],"collection":[{"href":"https:\/\/www.mpal.mp.br\/index.php?rest_route=\/wp\/v2\/posts"}],"about":[{"href":"https:\/\/www.mpal.mp.br\/index.php?rest_route=\/wp\/v2\/types\/post"}],"author":[{"embeddable":true,"href":"https:\/\/www.mpal.mp.br\/index.php?rest_route=\/wp\/v2\/users\/2"}],"replies":[{"embeddable":true,"href":"https:\/\/www.mpal.mp.br\/index.php?rest_route=%2Fwp%2Fv2%2Fcomments&post=6597"}],"version-history":[{"count":1,"href":"https:\/\/www.mpal.mp.br\/index.php?rest_route=\/wp\/v2\/posts\/6597\/revisions"}],"predecessor-version":[{"id":6599,"href":"https:\/\/www.mpal.mp.br\/index.php?rest_route=\/wp\/v2\/posts\/6597\/revisions\/6599"}],"wp:featuredmedia":[{"embeddable":true,"href":"https:\/\/www.mpal.mp.br\/index.php?rest_route=\/wp\/v2\/media\/6598"}],"wp:attachment":[{"href":"https:\/\/www.mpal.mp.br\/index.php?rest_route=%2Fwp%2Fv2%2Fmedia&parent=6597"}],"wp:term":[{"taxonomy":"category","embeddable":true,"href":"https:\/\/www.mpal.mp.br\/index.php?rest_route=%2Fwp%2Fv2%2Fcategories&post=6597"},{"taxonomy":"post_tag","embeddable":true,"href":"https:\/\/www.mpal.mp.br\/index.php?rest_route=%2Fwp%2Fv2%2Ftags&post=6597"}],"curies":[{"name":"wp","href":"https:\/\/api.w.org\/{rel}","templated":true}]}}