{"id":65966,"date":"2026-01-27T11:54:15","date_gmt":"2026-01-27T14:54:15","guid":{"rendered":"https:\/\/www.mpal.mp.br\/?p=65966"},"modified":"2026-01-27T11:54:34","modified_gmt":"2026-01-27T14:54:34","slug":"promotoria-de-vicosa-obtem-prisao-preventiva-de-mulher-que-agrediu-a-propria-mae-por-dinheiro-para-drogas","status":"publish","type":"post","link":"https:\/\/www.mpal.mp.br\/?p=65966","title":{"rendered":"Promotoria de Vi\u00e7osa obt\u00e9m pris\u00e3o preventiva de mulher que agrediu a pr\u00f3pria m\u00e3e por dinheiro para drogas"},"content":{"rendered":"<p align=\"justify\"><span style=\"font-family: helvetica, arial, sans-serif;\">O Minist\u00e9rio P\u00fablico do Estado de Alagoas (MPAL), por interm\u00e9dio da Promotoria de Justi\u00e7a de Vi\u00e7osa (PJ), obteve a decreta\u00e7\u00e3o da pris\u00e3o preventiva de Cristiana dos Santos. A acusada foi presa nesta ter\u00e7a-feira (27) ap\u00f3s agredir brutalmente sua m\u00e3e, uma idosa de 72 anos, em plena via p\u00fablica, naquele munic\u00edpio.<\/span><\/p>\n<h3 class=\"western\" align=\"justify\"><span style=\"font-family: helvetica, arial, sans-serif;\">O caso<\/span><\/h3>\n<p align=\"justify\"><span style=\"font-family: helvetica, arial, sans-serif;\">O crime ocorreu no \u00faltimo dia 18, nas proximidades da Prefeitura Municipal de Vi\u00e7osa. Imagens que circularam amplamente nas redes sociais mostraram a v\u00edtima, a senhora Severina Balbino dos Santos, sendo covardemente agredida com tapas, pux\u00f5es de cabelo e arremesso de pedras, o que a levou a cair no asfalto e sofrer les\u00f5es nos ombros e pernas.<\/span><\/p>\n<p align=\"justify\"><span style=\"font-family: helvetica, arial, sans-serif;\">De acordo com o parecer do promotor de Justi\u00e7a Gustavo Arns, titular da PJ de Vi\u00e7osa, as agress\u00f5es foram motivadas pela recusa da idosa em fornecer dinheiro para que a filha comprasse entorpecentes. Segundo Arns, embora o registro inicial na pol\u00edcia tenha sido de les\u00e3o corporal, a conduta da filha revelou, em tese, o crime de <b>tortura-castigo<\/b>, majorado pela idade da v\u00edtima. &#8220;A investigada, valendo-se do v\u00ednculo filial que deveria inspirar cuidado, agrediu fisicamente a pr\u00f3pria genitora, expondo-a \u00e0 dor e \u00e0 humilha\u00e7\u00e3o coletiva em cen\u00e1rio de absoluta vulnerabilidade&#8221;, afirmou o promotor de Justi\u00e7a.<\/span><\/p>\n<h3 class=\"western\" align=\"justify\"><span style=\"font-family: helvetica, arial, sans-serif;\">Fundamentos da pris\u00e3o<\/span><\/h3>\n<p align=\"justify\"><span style=\"font-family: helvetica, arial, sans-serif;\">Ao requerer a pris\u00e3o, o MPAL enfatizou o que o Direito chama de \u201c<i>periculum libertatis\u201d<\/i>, apontando que a liberdade da agressora representava um risco concreto \u00e0 vida da idosa, dado o hist\u00f3rico de agress\u00f5es reiteradas e a depend\u00eancia qu\u00edmica da acusada. Al\u00e9m disso, a pris\u00e3o foi considerada necess\u00e1ria para a conveni\u00eancia da instru\u00e7\u00e3o criminal, evitando que a v\u00edtima fosse coagida a mudar seu depoimento.<\/span><\/p>\n<h3 class=\"western\" align=\"justify\"><span style=\"font-family: helvetica, arial, sans-serif;\">Decis\u00e3o Judicial e Medidas de Prote\u00e7\u00e3o<\/span><\/h3>\n<p align=\"justify\"><span style=\"font-family: helvetica, arial, sans-serif;\">O Poder Judici\u00e1rio acolheu integralmente o pedido do MPAL, fundamentando a decis\u00e3o na garantia da ordem p\u00fablica e na prote\u00e7\u00e3o da dignidade da pessoa idosa, conforme determina o Estatuto do Idoso.<\/span><\/p>\n<p align=\"justify\"><span style=\"font-family: helvetica, arial, sans-serif;\">Al\u00e9m da pris\u00e3o, a decis\u00e3o judicial determinou que a Secretaria Municipal de Assist\u00eancia Social de Vi\u00e7osa realize o acompanhamento imediato da v\u00edtima. O \u00f3rg\u00e3o dever\u00e1 incluir a idosa em programas de prote\u00e7\u00e3o e realizar uma avalia\u00e7\u00e3o psicossocial para garantir sua seguran\u00e7a f\u00edsica e mental<\/span><\/p>\n","protected":false},"excerpt":{"rendered":"<p> [&hellip;]<\/p>\n","protected":false},"author":17,"featured_media":21991,"comment_status":"open","ping_status":"open","sticky":false,"template":"","format":"standard","meta":{"om_disable_all_campaigns":false,"_monsterinsights_skip_tracking":false,"_monsterinsights_sitenote_active":false,"_monsterinsights_sitenote_note":"","_monsterinsights_sitenote_category":0,"_uf_show_specific_survey":0,"_uf_disable_surveys":false,"footnotes":""},"categories":[2],"tags":[],"class_list":["post-65966","post","type-post","status-publish","format-standard","has-post-thumbnail","hentry","category-not_mpal"],"aioseo_notices":[],"_links":{"self":[{"href":"https:\/\/www.mpal.mp.br\/index.php?rest_route=\/wp\/v2\/posts\/65966","targetHints":{"allow":["GET"]}}],"collection":[{"href":"https:\/\/www.mpal.mp.br\/index.php?rest_route=\/wp\/v2\/posts"}],"about":[{"href":"https:\/\/www.mpal.mp.br\/index.php?rest_route=\/wp\/v2\/types\/post"}],"author":[{"embeddable":true,"href":"https:\/\/www.mpal.mp.br\/index.php?rest_route=\/wp\/v2\/users\/17"}],"replies":[{"embeddable":true,"href":"https:\/\/www.mpal.mp.br\/index.php?rest_route=%2Fwp%2Fv2%2Fcomments&post=65966"}],"version-history":[{"count":2,"href":"https:\/\/www.mpal.mp.br\/index.php?rest_route=\/wp\/v2\/posts\/65966\/revisions"}],"predecessor-version":[{"id":65968,"href":"https:\/\/www.mpal.mp.br\/index.php?rest_route=\/wp\/v2\/posts\/65966\/revisions\/65968"}],"wp:featuredmedia":[{"embeddable":true,"href":"https:\/\/www.mpal.mp.br\/index.php?rest_route=\/wp\/v2\/media\/21991"}],"wp:attachment":[{"href":"https:\/\/www.mpal.mp.br\/index.php?rest_route=%2Fwp%2Fv2%2Fmedia&parent=65966"}],"wp:term":[{"taxonomy":"category","embeddable":true,"href":"https:\/\/www.mpal.mp.br\/index.php?rest_route=%2Fwp%2Fv2%2Fcategories&post=65966"},{"taxonomy":"post_tag","embeddable":true,"href":"https:\/\/www.mpal.mp.br\/index.php?rest_route=%2Fwp%2Fv2%2Ftags&post=65966"}],"curies":[{"name":"wp","href":"https:\/\/api.w.org\/{rel}","templated":true}]}}